{"id":30550,"date":"2025-06-06T19:57:33","date_gmt":"2025-06-06T23:57:33","guid":{"rendered":"https:\/\/noticiasveraces.com\/?p=30550"},"modified":"2025-06-06T19:57:33","modified_gmt":"2025-06-06T23:57:33","slug":"migrante-deportado-a-el-salvador-fue-devuelto-a-ee-uu-dw-07-06-2025","status":"publish","type":"post","link":"https:\/\/noticiasveraces.com\/?p=30550","title":{"rendered":"Migrante deportado a El Salvador fue devuelto a EE.UU. \u2013 DW \u2013 07\/06\/2025"},"content":{"rendered":"<p> \n<\/p>\n<div>\n<p>El migrante salvadore\u00f1o Kilmar \u00c1brego Garc\u00eda, expulsado por \u00aberror\u00bb a su pa\u00eds, fue devuelto a Estados Unidos este viernes (06.06.2025) y detenido para ser procesado por presunto tr\u00e1fico de personas, anunci\u00f3 la fiscal general estadounidense, Pam Bondi.<\/p>\n<p>El anuncio llega tras un pulso entre el gobierno y los tribunales federales, incluida la Corte Suprema, que orden\u00f3 \u00abfacilitar\u00bb el regreso de este salvadore\u00f1o que estuvo preso casi tres meses en El Salvador.<\/p>\n<p>\u00ab\u00c1brego Garc\u00eda ha aterrizado en Estados Unidos para enfrentar la justicia\u00bb, declar\u00f3 Bondi en una rueda de prensa, en la que recalc\u00f3 que su retorno se debe a una orden de detenci\u00f3n.<\/p>\n<p>\u00abNuestro gobierno present\u00f3 a El Salvador una orden de arresto y acept\u00f3 devolverlo a nuestro pa\u00eds\u00bb, a\u00f1adi\u00f3 la fiscal general, que dio las gracias al presidente salvadore\u00f1o, Nayib Bukele.<\/p>\n<p>Este \u00faltimo lo confirm\u00f3. \u00abTrabajamos con la administraci\u00f3n Trump, y si solicitan el regreso de un pandillero para que enfrente cargos, por supuesto que no nos negar\u00edamos\u00bb, escribi\u00f3 Bukele en la red social X.<\/p>\n<p>\u00abNo m\u00e1s margaritas bajo custodia\u00bb, ironiz\u00f3, al recordar la pol\u00e9mica creada cuando el gobierno permiti\u00f3 al congresista dem\u00f3crata Chris Van Hollen reunirse con \u00c1brego Garc\u00eda en el restaurante de un hotel salvadore\u00f1o.<\/p>\n<p>Una portavoz de la Casa Blanca, Abigail Jackson, afirm\u00f3 que el regreso de \u00c1brego Garc\u00eda \u00abno tiene nada que ver con su deportaci\u00f3n original\u00bb.<\/p>\n<p>\u00abNo hubo ning\u00fan error\u00bb, declar\u00f3 Jackson en X. \u00abRegresa porque una nueva investigaci\u00f3n ha revelado cr\u00edmenes TAN ATROCES, cometidos en Estados Unidos, que solo el sistema judicial estadounidense podr\u00eda exigirle plena responsabilidad\u00bb, a\u00f1adi\u00f3 usando may\u00fasculas.<\/p>\n<p>\u00c1brego Garc\u00eda, de 29 a\u00f1os, viv\u00eda en Maryland (noreste) hasta que se convirti\u00f3 en uno de los m\u00e1s de 200 migrantes enviados a una prisi\u00f3n de El Salvador en marzo como parte de la ofensiva de Trump contra la migraci\u00f3n irregular.<\/p>\n<p>La administraci\u00f3n envi\u00f3 en varios vuelos a 238 venezolanos, entre ellos presuntos miembros de la pandilla Tren de Aragua, en virtud de la Ley de enemigos extranjeros de 1798, utilizada hasta entonces solo en tiempos de guerra.<\/p>\n<p>Pero tambi\u00e9n a varios presuntos integrantes de la pandilla MS-13. Hasta ahora, el gobierno acusaba a \u00c1brego Garc\u00eda, casado con una estadounidense, de ser miembro de la MS-13, lo que su familia y abogados niegan y por lo que nunca ha sido condenado.<\/p>\n<p>Los abogados del Departamento de Justicia reconocieron que el salvadore\u00f1o fue expulsado por un \u00aberror administrativo\u00bb.<\/p>\n<p>Y es que en 2019 una corte revoc\u00f3 permanentemente la posibilidad de expulsarlo a El Salvador.<\/p>\n<p><span data-slot-id=\"Article_InContent-1\" class=\"rich-text-ad\"\/><\/p>\n<h2>\u00abRed de tr\u00e1fico de migrantes\u00bb<\/h2>\n<p>Bondi asegur\u00f3 que \u00c1brego Garc\u00eda ha \u00abdesempe\u00f1ado un papel importante en una red de tr\u00e1fico de migrantes\u00bb y que es traficante de \u00abni\u00f1os y mujeres\u00bb, as\u00ed como de miembros de \u00abla MS-13\u00bb y \u00abde organizaciones terroristas en todo el pa\u00eds\u00bb.<\/p>\n<p>\u00abEste acusado trafic\u00f3 armas y narc\u00f3ticos por todo nuestro pa\u00eds en m\u00faltiples ocasiones\u00bb, declar\u00f3 sobre el migrante, inculpado por un gran jurado de Tennessee.<\/p>\n<p>Tambi\u00e9n lo vincul\u00f3 con una red de tr\u00e1fico de personas \u00abresponsable de la muerte de m\u00e1s de 50 migrantes en 2021, tras el vuelco de un tr\u00e1iler en M\u00e9xico\u00bb.<\/p>\n<p>Seg\u00fan Bondi, ser\u00e1 devuelto a su pa\u00eds una vez que cumpla condena si es declarado culpable.<\/p>\n<p>\u00abSer\u00e1 procesado en nuestro pa\u00eds, ser\u00e1 sentenciado\u00bb y \u00absi es declarado culpable, ser\u00e1 devuelto al cumplir su condena\u00bb, dijo.<\/p>\n<p>En una rueda de prensa, el abogado del migrante, Simon Sandoval-Moshenberg, carg\u00f3 contra el gobierno.<\/p>\n<p>\u00abLo que sucedi\u00f3 hoy es exactamente lo contrario del debido proceso, porque el debido proceso significa la oportunidad de defenderse antes de ser castigado, no despu\u00e9s\u00bb, protest\u00f3.<\/p>\n<p>En un comunicado, el senador dem\u00f3crata Van Hollen afirm\u00f3 que la administraci\u00f3n tendr\u00e1 ahora que \u00abpresentar su caso ante los tribunales, como debi\u00f3 haberlo hecho desde el principio\u00bb.<\/p>\n<p>Seg\u00fan la acusaci\u00f3n formal, \u00c1brego Garc\u00eda estuvo involucrado en el tr\u00e1fico de migrantes indocumentados desde Guatemala, El Salvador, Honduras y otros pa\u00edses hacia Estados Unidos entre 2016 y principios de este a\u00f1o.<\/p>\n<p>La secretaria de Seguridad Interior, Kristi Noem, advirti\u00f3 en X: \u00abLa justicia espera a este salvadore\u00f1o\u00bb.<\/p>\n<p>Mg (AFP, Efe)<\/p>\n<\/p>\n<\/div>\n\n","protected":false},"excerpt":{"rendered":"<p>El migrante salvadore\u00f1o Kilmar \u00c1brego Garc\u00eda, expulsado por \u00aberror\u00bb a su pa\u00eds, fue devuelto a Estados Unidos este viernes (06.06.2025) y detenido para ser procesado por presunto tr\u00e1fico de personas, anunci\u00f3 la fiscal general estadounidense, Pam Bondi. El anuncio llega tras un pulso entre el gobierno y los tribunales federales, incluida la Corte Suprema, que &hellip;<\/p>\n","protected":false},"author":1,"featured_media":30551,"comment_status":"open","ping_status":"open","sticky":false,"template":"","format":"standard","meta":{"fifu_image_url":"https:\/\/static.dw.com\/image\/72280271_6.jpg","fifu_image_alt":"","footnotes":""},"categories":[13],"tags":[],"class_list":["post-30550","post","type-post","status-publish","format-standard","has-post-thumbnail","","category-mundo"],"_links":{"self":[{"href":"https:\/\/noticiasveraces.com\/index.php?rest_route=\/wp\/v2\/posts\/30550","targetHints":{"allow":["GET"]}}],"collection":[{"href":"https:\/\/noticiasveraces.com\/index.php?rest_route=\/wp\/v2\/posts"}],"about":[{"href":"https:\/\/noticiasveraces.com\/index.php?rest_route=\/wp\/v2\/types\/post"}],"author":[{"embeddable":true,"href":"https:\/\/noticiasveraces.com\/index.php?rest_route=\/wp\/v2\/users\/1"}],"replies":[{"embeddable":true,"href":"https:\/\/noticiasveraces.com\/index.php?rest_route=%2Fwp%2Fv2%2Fcomments&post=30550"}],"version-history":[{"count":0,"href":"https:\/\/noticiasveraces.com\/index.php?rest_route=\/wp\/v2\/posts\/30550\/revisions"}],"wp:featuredmedia":[{"embeddable":true,"href":"https:\/\/noticiasveraces.com\/index.php?rest_route=\/wp\/v2\/media\/30551"}],"wp:attachment":[{"href":"https:\/\/noticiasveraces.com\/index.php?rest_route=%2Fwp%2Fv2%2Fmedia&parent=30550"}],"wp:term":[{"taxonomy":"category","embeddable":true,"href":"https:\/\/noticiasveraces.com\/index.php?rest_route=%2Fwp%2Fv2%2Fcategories&post=30550"},{"taxonomy":"post_tag","embeddable":true,"href":"https:\/\/noticiasveraces.com\/index.php?rest_route=%2Fwp%2Fv2%2Ftags&post=30550"}],"curies":[{"name":"wp","href":"https:\/\/api.w.org\/{rel}","templated":true}]}}