{"id":30511,"date":"2025-06-06T14:23:34","date_gmt":"2025-06-06T18:23:34","guid":{"rendered":"https:\/\/noticiasveraces.com\/?p=30511"},"modified":"2025-06-06T14:23:34","modified_gmt":"2025-06-06T18:23:34","slug":"no-queriamos-ser-deportados","status":"publish","type":"post","link":"https:\/\/noticiasveraces.com\/?p=30511","title":{"rendered":"&#8216;No quer\u00edamos ser deportados&#8217;"},"content":{"rendered":"<p> \n<\/p>\n<div>\n<p id=\"anchor-fb7762\" class=\"body-graf\">Aracely Serrano Ayala dijo que sent\u00eda que su mundo estaba terminando varias veces en los \u00faltimos tres meses. <\/p>\n<p id=\"anchor-7691b7\" class=\"body-graf\">Despu\u00e9s de vivir y trabajar en los Estados Unidos durante m\u00e1s de una d\u00e9cada, el residente de Plainfield, Nueva Jersey, de 35 a\u00f1os, y su compa\u00f1ero, Marcos Guardado, comenzaron a vivir con miedo porque eran inmigrantes indocumentados. La pareja salvadora nunca comenz\u00f3 el proceso de buscar una tarjeta verde.<\/p>\n<p id=\"anchor-bcf31f\" class=\"body-graf\">A medida que la administraci\u00f3n Trump aument\u00f3 sus esfuerzos de deportaci\u00f3n, en marzo decidieron embarcarse en un viaje a Canad\u00e1 con sus dos hijas y solicitar asilo all\u00ed, donde el hermano de Serrano es ciudadano.<\/p>\n<p id=\"anchor-bd38fc\" class=\"body-graf\">\u00abQuer\u00edamos un futuro mejor, legalizar nuestro estatus y continuar trabajando\u00bb, dijo Serrano, \u00abpero Estados Unidos no nos dio esperanza\u00bb.<\/p>\n<p id=\"anchor-1a8fdb\" class=\"body-graf\">Serrano dijo que nada la prepar\u00f3 a ella y a su familia por ser rechazados dos veces en la frontera canadiense, detenidos por las autoridades de inmigraci\u00f3n de los Estados Unidos y se separaron de su esposo durante varias semanas, despu\u00e9s de que fue transferido a un centro de detenci\u00f3n de la aplicaci\u00f3n de la inmigraci\u00f3n y la aduana.<\/p>\n<p id=\"anchor-b68df6\" class=\"body-graf\">Serrano y su familia ahora viven legalmente en Canad\u00e1, pero su historia ilustra las complejidades de la inmigraci\u00f3n y el proceso de asilo, tanto en los Estados Unidos como en Canad\u00e1. <\/p>\n<p id=\"anchor-527737\" class=\"body-graf\">\u00abSolo quer\u00edamos salir del pa\u00eds y nunca imaginamos que pasar\u00edamos por todo esto\u00bb, dice ella, su voz rompiendo.<\/p>\n<h2 id=\"anchor-c5bcd5\" class=\"body-heading\">Una oportunidad en Canad\u00e1 y contratiempos inesperados<\/h2>\n<p id=\"anchor-5269a6\" class=\"body-graf\">Seg\u00fan el Acuerdo Safe Third Country de 2015 (STCA) entre Canad\u00e1 y Estados Unidos, los solicitantes de asilo deben buscar protecci\u00f3n en el primer pa\u00eds seguro en el que lleguen. Es decir, si alguien ingresa primero a los Estados Unidos y cumple con los requisitos, deben comenzar su aplicaci\u00f3n de asilo all\u00ed y no pueden hacerlo en Canad\u00e1, y viceversa.<\/p>\n<p id=\"anchor-6d7123\" class=\"body-graf\">Sin embargo, hay excepciones en el acuerdo. Si una persona ingresa al territorio canadiense desde los EE. UU. Y puede demostrar que tiene un pariente cercano en el pa\u00eds que cumple con ciertos requisitos (con edad legal, que tiene ciudadan\u00eda canadiense o es un residente permanente, entre otras condiciones), la persona puede ingresar al pa\u00eds y se le permite comenzar su solicitud de asilo.<\/p>\n<p id=\"anchor-ae40bf\" class=\"body-graf\">\u00abTen\u00eda esperanzas porque s\u00e9 que este acuerdo existe, y mi hermano hab\u00eda estado all\u00ed durante 20 a\u00f1os\u00bb, dijo Serrano.<\/p>\n<figure class=\"styles_inlineImage__FvnTh styles_medium__MEKii\" id=\"anchor-9c1898\"><picture class=\"styles_image__i32F7\" data-testid=\"picture\"><source media=\"(min-width: 1000px)\" srcset=\"https:\/\/media-cldnry.s-nbcnews.com\/image\/upload\/t_fit-560w,f_avif,q_auto:eco,dpr_2\/rockcms\/2025-06\/250606-telemundo-ch-1332-96def3.jpg 2x, https:\/\/media-cldnry.s-nbcnews.com\/image\/upload\/t_fit-560w,f_auto,q_auto:best\/rockcms\/2025-06\/250606-telemundo-ch-1332-96def3.jpg 1x\"\/><source media=\"(min-width: 320px)\" srcset=\"https:\/\/media-cldnry.s-nbcnews.com\/image\/upload\/t_fit-760w,f_avif,q_auto:eco,dpr_2\/rockcms\/2025-06\/250606-telemundo-ch-1332-96def3.jpg 2x, https:\/\/media-cldnry.s-nbcnews.com\/image\/upload\/t_fit-760w,f_auto,q_auto:best\/rockcms\/2025-06\/250606-telemundo-ch-1332-96def3.jpg 1x\"\/><img decoding=\"async\" loading=\"lazy\" src=\"https:\/\/media-cldnry.s-nbcnews.com\/image\/upload\/t_fit-760w,f_auto,q_auto:best\/rockcms\/2025-06\/250606-telemundo-ch-1332-96def3.jpg\" alt=\"Aracely Serrano Ayala.\" height=\"1666\" width=\"2500\"\/><\/picture><figcaption class=\"caption styles_caption__TCewG\" data-testid=\"caption\"><span class=\"caption__container\" data-testid=\"caption__container\">Serrano Ayala y su familia se encontraron con varios contratiempos en la frontera canadiense, y ella pens\u00f3 que \u00abnuestro sue\u00f1o de ingresar al pa\u00eds se hab\u00eda derrumbado\u00bb.<\/span><span class=\"caption__source\" data-testid=\"caption__source\">Albinson Linares via Noticias Telemundo<\/span><\/figcaption><\/figure>\n<p id=\"anchor-11e507\" class=\"body-graf\">Pero cuando la familia lleg\u00f3 a la frontera canadiense, los problemas con la documentaci\u00f3n e incluso un malentendido sobre c\u00f3mo se usan los apellidos en Am\u00e9rica Latina les impidi\u00f3 que se les permitiera entrar a Canad\u00e1 y llev\u00f3 a su detenci\u00f3n en los Estados Unidos, ilustrando las dificultades en torno a la migraci\u00f3n y la entrada a otro pa\u00eds.<\/p>\n<p id=\"anchor-bb919e\" class=\"body-graf\">Serrano dijo que cuando ella y la familia cruzaron el Puente Rainbow hacia Canad\u00e1, \u00abnuestro sue\u00f1o de ingresar al pa\u00eds se hab\u00eda derrumbado\u00bb, ya que los funcionarios fronterizos canadienses marcaron varios problemas con sus documentos salvadores. <\/p>\n<p id=\"anchor-f9b561\" class=\"body-graf\">Uno de los certificados de nacimiento tuvo un error con respecto al nombre de la madre de Serrano, dijo la abogada canadiense de Serrano, Heather Neufeld. Aunque hab\u00eda una nota de correcci\u00f3n en los m\u00e1rgenes, los funcionarios fronterizos no prestaron atenci\u00f3n a eso y pensaron que hab\u00eda una discrepancia en sus nombres, por lo que no la aceptaron \u00ab, dijo Neufeld en una entrevista. <\/p>\n<p id=\"anchor-074b0a\" class=\"body-graf\">El abogado agreg\u00f3 que otro aspecto que complica el proceso era que en un documento, el padre de Serrano apareci\u00f3 con solo uno de sus apellidos, mientras que en otros documentos, ten\u00eda ambos.<\/p>\n<p id=\"anchor-019aca\" class=\"body-graf\">\u00abEl [Canadian] Los oficiales no entendieron que en Am\u00e9rica Latina, las personas tienen dos apellidos, pero a veces solo aparece uno en los documentos. Entonces pensaron que eran falsos. Era una serie de errores cometidos por los funcionarios fronterizos, cuando, de hecho, eran documentos leg\u00edtimos \u201d, dijo Neufeld.<\/p>\n<p id=\"anchor-c761d4\" class=\"body-graf\">Telemundo Noticias solicit\u00f3 comentarios de la Agencia de Seguridad Fronteriza de Canad\u00e1 en el caso Serrano y Guardado. Aunque las autoridades se negaron a comentar sobre el caso de la familia salvadore\u00f1a por respeto a su privacidad, Luke Reimer, un portavoz de la agencia, dijo en un comunicado que los funcionarios de puerto de entrada son los que determinan si la evidencia demuestra que el solicitante de asilo est\u00e1 sujeto al acuerdo de los Estados Unidos de Canad\u00e1.<\/p>\n<p id=\"anchor-0fb488\" class=\"body-graf\">Despu\u00e9s de que la pareja fue declarada inadmisible, las autoridades canadienses los deportaron de regreso a los Estados Unidos, donde fueron detenidos en un centro de aduanas y protecci\u00f3n fronteriza de los Estados Unidos.<\/p>\n<p id=\"anchor-fa65d0\" class=\"body-graf\">\u00abRevisaron nuestros documentos all\u00ed a nosotros, la inmigraci\u00f3n y luego nos llevaron a una celda. Era un lugar sin ventanas ni ba\u00f1o. Cuando quer\u00edamos ir al ba\u00f1o, tuvimos que decirles que nos llevaran\u00bb, dijo Serrano. Ella dijo que fueron retenidos all\u00ed durante dos semanas.<\/p>\n<p id=\"anchor-fe69e6\" class=\"body-graf\">A finales de marzo, Serrano dijo, sin previo aviso, los agentes de inmigraci\u00f3n estadounidenses los enviaron de regreso al puerto de entrada del Puente Rainbow, pero debido a que ten\u00edan los mismos documentos, fueron deportados nuevamente a los Estados Unidos. <\/p>\n<p id=\"anchor-9c4d62\" class=\"body-graf\">Serrano, Guardado y Neufeld dijeron que ni las autoridades canadienses ni nosotros han explicado qui\u00e9n tom\u00f3 la decisi\u00f3n de llevarlos de regreso al puerto de entrada canadiense. Esto es importante porque generalmente las personas solo tienen una oportunidad para volver a presentar su caso a las autoridades.<\/p>\n<p id=\"anchor-76a734\" class=\"body-graf\">Noticias Telemundo contact\u00f3 al Departamento de Seguridad Nacional, ICE y CBP para hacer comentarios sobre el caso, pero no recibi\u00f3 una respuesta. <\/p>\n<p id=\"anchor-6e1476\" class=\"body-graf\">Despu\u00e9s de la segunda deportaci\u00f3n, Serrano y sus hijas fueron separadas de Guardado, quien fue transferido a un centro de detenci\u00f3n de hielo.<\/p>\n<figure class=\"styles_inlineImage__FvnTh styles_medium__MEKii\" id=\"anchor-945f01\"><picture class=\"styles_image__i32F7\" data-testid=\"picture\"><source media=\"(min-width: 1000px)\" srcset=\"https:\/\/media-cldnry.s-nbcnews.com\/image\/upload\/t_fit-560w,f_avif,q_auto:eco,dpr_2\/rockcms\/2025-06\/250606-telemundo-ch-1335-ffac25.jpg 2x, https:\/\/media-cldnry.s-nbcnews.com\/image\/upload\/t_fit-560w,f_auto,q_auto:best\/rockcms\/2025-06\/250606-telemundo-ch-1335-ffac25.jpg 1x\"\/><source media=\"(min-width: 320px)\" srcset=\"https:\/\/media-cldnry.s-nbcnews.com\/image\/upload\/t_fit-760w,f_avif,q_auto:eco,dpr_2\/rockcms\/2025-06\/250606-telemundo-ch-1335-ffac25.jpg 2x, https:\/\/media-cldnry.s-nbcnews.com\/image\/upload\/t_fit-760w,f_auto,q_auto:best\/rockcms\/2025-06\/250606-telemundo-ch-1335-ffac25.jpg 1x\"\/><img decoding=\"async\" loading=\"lazy\" src=\"https:\/\/media-cldnry.s-nbcnews.com\/image\/upload\/t_fit-760w,f_auto,q_auto:best\/rockcms\/2025-06\/250606-telemundo-ch-1335-ffac25.jpg\" alt=\"Serrano y Guardado con una de sus hijas en Ottawa, Canad\u00e1.\" height=\"1667\" width=\"2500\"\/><\/picture><figcaption class=\"caption styles_caption__TCewG\" data-testid=\"caption\"><span class=\"caption__container\" data-testid=\"caption__container\">Serrano y Guardado con una de sus hijas en Ottawa, Canad\u00e1.<\/span><span class=\"caption__source\" data-testid=\"caption__source\">Cortes\u00eda Aracely Serrano<\/span><\/figcaption><\/figure>\n<p id=\"anchor-c5c0ce\" class=\"body-graf\">Guardado dijo que nunca hab\u00eda sido encarcelado en su vida; \u00abFue la primera vez que me sucedi\u00f3, y estuve all\u00ed durante un mes y unos d\u00edas\u00bb, dijo, y agreg\u00f3 que solo ten\u00eda unos minutos para despedirme de sus hijas. <\/p>\n<p id=\"anchor-b6dbb8\" class=\"body-graf\">Sin embargo, las cosas comenzaron a cambiar. Mientras Guardado estaba detenido, las autoridades estadounidenses colocaron a Serrano en un brazalete electr\u00f3nico y la liberaron junto con sus hijas. Pasaron unos d\u00edas en un refugio en Buffalo, Nueva York, y su caso comenz\u00f3 a llamar la atenci\u00f3n en los medios de comunicaci\u00f3n canadienses. Neufeld luego present\u00f3 una apelaci\u00f3n oficial ante las autoridades canadienses.<\/p>\n<p id=\"anchor-24ac45\" class=\"body-graf\">\u00abPresentamos todas las pruebas con nuestros argumentos, pero nos enviaron una carta de una oraci\u00f3n que indicaba que no iban a cambiar su decisi\u00f3n inicial, por lo que la \u00fanica opci\u00f3n que quedaba era una petici\u00f3n en el tribunal federal\u00bb, dijo Neufeld.<\/p>\n<p id=\"anchor-f2453c\" class=\"body-graf\">El 5 de mayo, el gobierno canadiense acord\u00f3 permitir que Serrano y sus dos hijas ingresen al pa\u00eds para comenzar el proceso de solicitud de asilo. Mientras tanto, Guardado permaneci\u00f3 detenido en los Estados Unidos y tuvo que publicar una fianza de $ 12,000 para asistir a la entrevista con las autoridades canadienses para poder reunirse con su familia.<\/p>\n<p id=\"anchor-c96e24\" class=\"body-graf\">Se volvieron hacia su familia y amigos cercanos, todos de la misma ciudad salvadora que Serrano y Guardado. \u00abTodos recaudaron la fianza para sacarme; algunos pusieron $ 50, otros $ 500\u00bb, dijo Guardado. \u00abPoco a poco, todo se uni\u00f3. Tengo una lista de m\u00e1s de 500 personas que me ayudaron\u00bb. <\/p>\n<p id=\"anchor-568770\" class=\"body-graf\">Guardado record\u00f3 el d\u00eda en que le dijeron que estaba entrando en Canad\u00e1. \u00abPude estar con ellas y abrazar a mis chicas llorando\u00bb, dijo Guardado.<\/p>\n<p id=\"anchor-3ed397\" class=\"body-graf\">Serrano dijo que la mayor diferencia que ha experimentado vivir en Canad\u00e1 es una sensaci\u00f3n de seguridad y libertad que la consuela. \u00abYa no tenemos miedo. Imagine tener esa libertad con mis chicas, ir a cualquier parte, sin el temor de que nos encuentren y deportarnos sin que cometamos ning\u00fan delito\u00bb, dijo.<\/p>\n<p id=\"anchor-4e4bf4\" class=\"body-graf\">Pero mientras la familia comienza una nueva vida en Canad\u00e1, las malas noticias contin\u00faan nublando su horizonte. El hermano de Guardado, Jaime, que est\u00e1 casado con un ciudadano estadounidense naturalizado de El Salvador y planeaba volver a El Salvador como parte de su proceso de tarjeta verde, fue detenido en Nueva Jersey y contin\u00faa bajo custodia de hielo. <\/p>\n<p id=\"anchor-d1aff8\" class=\"endmark body-graf\"><em>Una versi\u00f3n anterior de esta historia se public\u00f3 por primera vez en Noticias Telemundo. <\/em><\/p>\n<\/div>\n\n","protected":false},"excerpt":{"rendered":"<p>Aracely Serrano Ayala dijo que sent\u00eda que su mundo estaba terminando varias veces en los \u00faltimos tres meses. Despu\u00e9s de vivir y trabajar en los Estados Unidos durante m\u00e1s de una d\u00e9cada, el residente de Plainfield, Nueva Jersey, de 35 a\u00f1os, y su compa\u00f1ero, Marcos Guardado, comenzaron a vivir con miedo porque eran inmigrantes indocumentados. &hellip;<\/p>\n","protected":false},"author":1,"featured_media":30513,"comment_status":"open","ping_status":"open","sticky":false,"template":"","format":"standard","meta":{"fifu_image_url":"https:\/\/media-cldnry.s-nbcnews.com\/image\/upload\/t_nbcnews-fp-1200-630,f_auto,q_auto:best\/rockcms\/2025-06\/250606-telemundo-ch-1334-24340a.jpg","fifu_image_alt":"","footnotes":""},"categories":[4],"tags":[],"class_list":["post-30511","post","type-post","status-publish","format-standard","has-post-thumbnail","","category-historias-destacadas"],"_links":{"self":[{"href":"https:\/\/noticiasveraces.com\/index.php?rest_route=\/wp\/v2\/posts\/30511","targetHints":{"allow":["GET"]}}],"collection":[{"href":"https:\/\/noticiasveraces.com\/index.php?rest_route=\/wp\/v2\/posts"}],"about":[{"href":"https:\/\/noticiasveraces.com\/index.php?rest_route=\/wp\/v2\/types\/post"}],"author":[{"embeddable":true,"href":"https:\/\/noticiasveraces.com\/index.php?rest_route=\/wp\/v2\/users\/1"}],"replies":[{"embeddable":true,"href":"https:\/\/noticiasveraces.com\/index.php?rest_route=%2Fwp%2Fv2%2Fcomments&post=30511"}],"version-history":[{"count":0,"href":"https:\/\/noticiasveraces.com\/index.php?rest_route=\/wp\/v2\/posts\/30511\/revisions"}],"wp:featuredmedia":[{"embeddable":true,"href":"https:\/\/noticiasveraces.com\/index.php?rest_route=\/wp\/v2\/media\/30513"}],"wp:attachment":[{"href":"https:\/\/noticiasveraces.com\/index.php?rest_route=%2Fwp%2Fv2%2Fmedia&parent=30511"}],"wp:term":[{"taxonomy":"category","embeddable":true,"href":"https:\/\/noticiasveraces.com\/index.php?rest_route=%2Fwp%2Fv2%2Fcategories&post=30511"},{"taxonomy":"post_tag","embeddable":true,"href":"https:\/\/noticiasveraces.com\/index.php?rest_route=%2Fwp%2Fv2%2Ftags&post=30511"}],"curies":[{"name":"wp","href":"https:\/\/api.w.org\/{rel}","templated":true}]}}