{"id":30498,"date":"2025-06-06T11:53:05","date_gmt":"2025-06-06T15:53:05","guid":{"rendered":"https:\/\/noticiasveraces.com\/?p=30498"},"modified":"2025-06-06T11:53:05","modified_gmt":"2025-06-06T15:53:05","slug":"may-jobs-informe-el-crecimiento-del-empleo-continuo-disminuyendo-en-mayo-en-medio-de-la-incertidumbre-economica","status":"publish","type":"post","link":"https:\/\/noticiasveraces.com\/?p=30498","title":{"rendered":"May Jobs Informe: El crecimiento del empleo continu\u00f3 disminuyendo en mayo en medio de la incertidumbre econ\u00f3mica"},"content":{"rendered":"<p> \n<\/p>\n<div><!----> <!----> <\/p>\n<div class=\"featured featured-video video-ct\">\n<div class=\"contain\">\n<div class=\"info\">\n<div class=\"caption\">\n<p>El representante Bryan Steil, republicano de Wisconsin, interviene la oposici\u00f3n al gran y hermoso proyecto de ley, el posible crecimiento econ\u00f3mico que traer\u00e1 el proyecto de ley y su postura sobre la tapa de sal.<\/p>\n<\/div>\n<\/div>\n<\/div>\n<\/div>\n<p>La econom\u00eda estadounidense agreg\u00f3 empleos en mayo a un ritmo m\u00e1s lento que en los \u00faltimos dos meses, ya que la incertidumbre sobre la direcci\u00f3n del comercio, la pol\u00edtica fiscal y monetaria provoc\u00f3 que los empleadores retiraran la contrataci\u00f3n.<\/p>\n<p>El departamento de trabajo inform\u00f3 el viernes que los empleadores agregaron 139,000 empleos en mayo. Esa cifra estuvo ligeramente por encima de la estimaci\u00f3n de los economistas encuestados por LSEG, quien proyect\u00f3 130,000 empleos agregados, aunque fue m\u00e1s genial que el informe inicial de 177,000 empleos agregados en abril o los 185,000 empleos adquiridos en marzo.<\/p>\n<p>La tasa de desempleo fue de 4.2%, sin cambios de los \u00faltimos dos meses y en l\u00ednea con la estimaci\u00f3n de LSEG.<\/p>\n<p>Las ganancias laborales en los \u00faltimos dos meses se revisaron, con la creaci\u00f3n de empleo en marzo revisada en 65,000 de una ganancia de 185,000 a 120,000; y las ganancias de trabajo de abril fueron revisadas descendente en 30,000 de una ganancia de 177,000 a 147,000. Tomados en conjunto, el empleo en marzo y abril fue 95,000 m\u00e1s bajo que el reportado anteriormente.<\/p>\n<p><strong>Los despidos de EE. UU. Spike casi 50% a medida que los cortes impulsados \u200b\u200bpor Doge toman el centro del escenario<\/strong><\/p>\n<p>Las n\u00f3minas del sector privado crecieron en 140,000 en mayo, muy por encima de las 120,000 estimadas por LSEG.<\/p>\n<p>Las n\u00f3minas del gobierno disminuyeron en 1,000 empleos en mayo en todos los niveles de gobierno. El gobierno federal arroj\u00f3 22,000 empleos, dejando al sector 59,000 empleos desde enero. La Oficina de Estad\u00edsticas Laborales se\u00f1al\u00f3 que los trabajadores con licencia pagada o que reciben salario de indemnizaci\u00f3n en curso se cuentan como empleados en la encuesta de establecimiento. El gobierno local agreg\u00f3 21,000 empleos en mayo, mientras que el empleo del gobierno estatal no cambi\u00f3.<\/p>\n<p>El sector manufacturero arroj\u00f3 8,000 empleos en mayo, una disminuci\u00f3n m\u00e1s profunda que las 5,000 que fue proyectada por los economistas de Lseg.<\/p>\n<p>El empleo de atenci\u00f3n m\u00e9dica agreg\u00f3 62,200 empleos en mayo, una tasa m\u00e1s r\u00e1pida que la ganancia mensual promedio de 44,000 durante el \u00faltimo a\u00f1o. Las ganancias de trabajo se centraron en hospitales (+29,900), servicios de atenci\u00f3n m\u00e9dica ambulatoria (+28,700) e instalaciones de atenci\u00f3n de enfermer\u00eda especializada (+6,300).<\/p>\n<p><strong>El pron\u00f3stico de crecimiento econ\u00f3mico de los Estados Unidos recorta bruscamente debido a las tarifas m\u00e1s altas<\/strong><\/p>\n<div class=\"inline image-ct\">\n<div class=\"m\"><picture><source media=\"(max-width: 767px)\" srcset=\"https:\/\/a57.foxnews.com\/static.foxbusiness.com\/foxbusiness.com\/content\/uploads\/2023\/11\/343\/192\/Job-fair-sign.jpg?ve=1&amp;tl=1, https:\/\/a57.foxnews.com\/static.foxbusiness.com\/foxbusiness.com\/content\/uploads\/2023\/11\/686\/384\/Job-fair-sign.jpg?ve=1&amp;tl=1 2x\"><source media=\"(min-width: 768px) and (max-width: 1023px)\" srcset=\"https:\/\/a57.foxnews.com\/static.foxbusiness.com\/foxbusiness.com\/content\/uploads\/2023\/11\/672\/378\/Job-fair-sign.jpg?ve=1&amp;tl=1, https:\/\/a57.foxnews.com\/static.foxbusiness.com\/foxbusiness.com\/content\/uploads\/2023\/11\/1344\/756\/Job-fair-sign.jpg?ve=1&amp;tl=1 2x\"><source media=\"(min-width: 1024px) and (max-width: 1279px)\" srcset=\"https:\/\/a57.foxnews.com\/static.foxbusiness.com\/foxbusiness.com\/content\/uploads\/2023\/11\/931\/523\/Job-fair-sign.jpg?ve=1&amp;tl=1, https:\/\/a57.foxnews.com\/static.foxbusiness.com\/foxbusiness.com\/content\/uploads\/2023\/11\/1862\/1046\/Job-fair-sign.jpg?ve=1&amp;tl=1 2x\"><source media=\"(min-width: 1280px)\" srcset=\"https:\/\/a57.foxnews.com\/static.foxbusiness.com\/foxbusiness.com\/content\/uploads\/2023\/11\/720\/405\/Job-fair-sign.jpg?ve=1&amp;tl=1, https:\/\/a57.foxnews.com\/static.foxbusiness.com\/foxbusiness.com\/content\/uploads\/2023\/11\/1440\/810\/Job-fair-sign.jpg?ve=1&amp;tl=1 2x\"><img decoding=\"async\" src=\"https:\/\/a57.foxnews.com\/static.foxbusiness.com\/foxbusiness.com\/content\/uploads\/2023\/11\/931\/523\/Job-fair-sign.jpg?ve=1&amp;tl=1\" alt=\"Feria de trabajo de la ciudad de Nueva York\"\/><\/source><\/source><\/source><\/source><\/picture><\/div>\n<div class=\"caption\">\n<p><span>La se\u00f1alizaci\u00f3n para una feria de trabajo se ve en 5th Ave. en Manhattan, Nueva York, el 3 de septiembre de 2021.<\/span><span>  (Fotos de Reuters \/ Andrew Kelly \/ Reuters)<\/span><\/p>\n<\/div>\n<\/div>\n<p>El empleo en el sector de ocio y hospitalidad aument\u00f3 en 48,000 en mayo, con la mayor parte de las ganancias en los servicios de alimentos y los lugares para beber (+30,200). Las ganancias de May estuvieron muy por encima del promedio de 12 meses de 20,000 empleos agregados.<\/p>\n<p>El empleo de asistencia social aument\u00f3 en 16.100 empleos en mayo, con ese crecimiento en servicios individuales y familiares.<\/p>\n<p>La tasa de participaci\u00f3n de la fuerza laboral disminuy\u00f3 en 0.2 puntos porcentuales a 62.4% en mayo.<\/p>\n<p>El n\u00famero de personas consideradas desempleadas a largo plazo, definida como desempleada durante 27 semanas o m\u00e1s, disminuy\u00f3 en 218,000 a 1.5 millones. Los desempleados a largo plazo representaron el 20.4% de todas las personas desempleadas en mayo.<\/p>\n<p><strong>El medidor de inflaci\u00f3n favorecido de la Fed muestra que los precios del consumidor se alivian en abril<\/strong><\/p>\n<div class=\"inline image-ct\">\n<div class=\"m\"><picture><source media=\"(max-width: 767px)\" srcset=\"https:\/\/a57.foxnews.com\/static.foxbusiness.com\/foxbusiness.com\/content\/uploads\/2023\/01\/343\/192\/DOCTORS.jpg?ve=1&amp;tl=1, https:\/\/a57.foxnews.com\/static.foxbusiness.com\/foxbusiness.com\/content\/uploads\/2023\/01\/686\/384\/DOCTORS.jpg?ve=1&amp;tl=1 2x\"><source media=\"(min-width: 768px) and (max-width: 1023px)\" srcset=\"https:\/\/a57.foxnews.com\/static.foxbusiness.com\/foxbusiness.com\/content\/uploads\/2023\/01\/672\/378\/DOCTORS.jpg?ve=1&amp;tl=1, https:\/\/a57.foxnews.com\/static.foxbusiness.com\/foxbusiness.com\/content\/uploads\/2023\/01\/1344\/756\/DOCTORS.jpg?ve=1&amp;tl=1 2x\"><source media=\"(min-width: 1024px) and (max-width: 1279px)\" srcset=\"https:\/\/a57.foxnews.com\/static.foxbusiness.com\/foxbusiness.com\/content\/uploads\/2023\/01\/931\/523\/DOCTORS.jpg?ve=1&amp;tl=1, https:\/\/a57.foxnews.com\/static.foxbusiness.com\/foxbusiness.com\/content\/uploads\/2023\/01\/1862\/1046\/DOCTORS.jpg?ve=1&amp;tl=1 2x\"><source media=\"(min-width: 1280px)\" srcset=\"https:\/\/a57.foxnews.com\/static.foxbusiness.com\/foxbusiness.com\/content\/uploads\/2023\/01\/720\/405\/DOCTORS.jpg?ve=1&amp;tl=1, https:\/\/a57.foxnews.com\/static.foxbusiness.com\/foxbusiness.com\/content\/uploads\/2023\/01\/1440\/810\/DOCTORS.jpg?ve=1&amp;tl=1 2x\"><img decoding=\"async\" src=\"https:\/\/a57.foxnews.com\/static.foxbusiness.com\/foxbusiness.com\/content\/uploads\/2023\/01\/931\/523\/DOCTORS.jpg?ve=1&amp;tl=1\" alt=\"M\u00e9dicos en el Hospital Mount Sinai South Nassau en Nueva York\"\/><\/source><\/source><\/source><\/source><\/picture><\/div>\n<div class=\"caption\">\n<p><span>Oceanside, NY: Dr. Jay Itzkowitz, jefe del departamento de emergencias, y Margaret Puya RN, en la nueva unidad de trauma en el Hospital Mount Sinai South Nassau en Oceanside, Nueva York, el 26 de enero de 2023. <\/span><span>  ((Foto de Hoard Schnapp \/ Newsday RM a trav\u00e9s de Getty Images) \/ Getty Images)<\/span><\/p>\n<\/div>\n<\/div>\n<p>Hubo 4.6 millones de trabajadores que trabajaron a tiempo parcial por razones econ\u00f3micas en mayo, una cifra que se cambi\u00f3 poco a partir de abril. Estas personas habr\u00edan preferido empleo a tiempo completo, pero trabajaban a tiempo parcial debido a una reducci\u00f3n en las horas, o no pudieron encontrar trabajos a tiempo completo.<\/p>\n<p>M\u00faltiples propietarios de empleo disminuyeron en 283,000 en mayo y representaron el 5.3% de la fuerza laboral, una cifra que ha cambiado poco durante el \u00faltimo a\u00f1o.<\/p>\n<p>\u00abSi bien el mercado laboral de EE. UU. Continu\u00f3 agregando una cantidad decente de empleos en mayo, es notablemente m\u00e1s fresco de lo que era hace unos meses, y contin\u00faa suaviz\u00e1ndose, hasta el punto de que no hay mucho espacio para una mayor desaceleraci\u00f3n antes de que el desempleo comience significativamente\u00bb, dijo Cory Stahle, economista en el laboratorio de alquiler.<\/p>\n<p><strong><u>Obtenga el negocio de Fox sobre la marcha haciendo clic aqu\u00ed<\/u><\/strong><\/p>\n<p>\u00abLas grandes revisiones a la baja de los meses anteriores tambi\u00e9n eliminaron parte del brillo de datos inesperadamente fuertes de principios de este a\u00f1o. Este no es un mal informe, per se, pero hay signos claros de erosi\u00f3n justo debajo de la superficie que pueden no ser aparentes solo mirando solo los n\u00fameros principales\u00bb, agreg\u00f3 Stahle.<\/p>\n<\/div>\n\n","protected":false},"excerpt":{"rendered":"<p>El representante Bryan Steil, republicano de Wisconsin, interviene la oposici\u00f3n al gran y hermoso proyecto de ley, el posible crecimiento econ\u00f3mico que traer\u00e1 el proyecto de ley y su postura sobre la tapa de sal. La econom\u00eda estadounidense agreg\u00f3 empleos en mayo a un ritmo m\u00e1s lento que en los \u00faltimos dos meses, ya que &hellip;<\/p>\n","protected":false},"author":1,"featured_media":30500,"comment_status":"open","ping_status":"open","sticky":false,"template":"","format":"standard","meta":{"fifu_image_url":"https:\/\/a57.foxnews.com\/static.foxbusiness.com\/foxbusiness.com\/content\/uploads\/2023\/11\/0\/0\/Job-fair-sign.jpg?ve=1&tl=1","fifu_image_alt":"","footnotes":""},"categories":[3],"tags":[],"class_list":["post-30498","post","type-post","status-publish","format-standard","has-post-thumbnail","","category-negocio"],"_links":{"self":[{"href":"https:\/\/noticiasveraces.com\/index.php?rest_route=\/wp\/v2\/posts\/30498","targetHints":{"allow":["GET"]}}],"collection":[{"href":"https:\/\/noticiasveraces.com\/index.php?rest_route=\/wp\/v2\/posts"}],"about":[{"href":"https:\/\/noticiasveraces.com\/index.php?rest_route=\/wp\/v2\/types\/post"}],"author":[{"embeddable":true,"href":"https:\/\/noticiasveraces.com\/index.php?rest_route=\/wp\/v2\/users\/1"}],"replies":[{"embeddable":true,"href":"https:\/\/noticiasveraces.com\/index.php?rest_route=%2Fwp%2Fv2%2Fcomments&post=30498"}],"version-history":[{"count":0,"href":"https:\/\/noticiasveraces.com\/index.php?rest_route=\/wp\/v2\/posts\/30498\/revisions"}],"wp:featuredmedia":[{"embeddable":true,"href":"https:\/\/noticiasveraces.com\/index.php?rest_route=\/wp\/v2\/media\/30500"}],"wp:attachment":[{"href":"https:\/\/noticiasveraces.com\/index.php?rest_route=%2Fwp%2Fv2%2Fmedia&parent=30498"}],"wp:term":[{"taxonomy":"category","embeddable":true,"href":"https:\/\/noticiasveraces.com\/index.php?rest_route=%2Fwp%2Fv2%2Fcategories&post=30498"},{"taxonomy":"post_tag","embeddable":true,"href":"https:\/\/noticiasveraces.com\/index.php?rest_route=%2Fwp%2Fv2%2Ftags&post=30498"}],"curies":[{"name":"wp","href":"https:\/\/api.w.org\/{rel}","templated":true}]}}