{"id":30459,"date":"2025-06-06T04:33:18","date_gmt":"2025-06-06T08:33:18","guid":{"rendered":"https:\/\/noticiasveraces.com\/?p=30459"},"modified":"2025-06-06T04:33:18","modified_gmt":"2025-06-06T08:33:18","slug":"la-isla-de-los-museos-y-la-tumultuosa-historia-de-berlin-dw-05-06-2025","status":"publish","type":"post","link":"https:\/\/noticiasveraces.com\/?p=30459","title":{"rendered":"La Isla de los Museos y la tumultuosa historia de Berl\u00edn \u2013 DW \u2013 05\/06\/2025"},"content":{"rendered":"<p> \n<\/p>\n<div>\n<p>La Isla de los Museos de Berl\u00edn resume la historia moderna de Alemania, desde las ideas de la Ilustraci\u00f3n y la destrucci\u00f3n de la\u00a0\u00a0Segunda Guerra Mundial, pasando por laGuerra Fr\u00eda, hasta la era moderna, que convirti\u00f3 a los museos en atractivos tur\u00edsticos.<\/p>\n<p>Este conjunto arquitect\u00f3nico y cultural europeo, reconocido como Patrimonio de la Humanidad por la UNESCO en 1999, celebra este a\u00f1o el bicentenario de la colocaci\u00f3n de su piedra fundamental.<\/p>\n<figure class=\"placeholder-image master_landscape big\"><img data-format=\"MASTER_LANDSCAPE\" data-id=\"72722733\" data-url=\"https:\/\/static.dw.com\/image\/72722733_${formatId}.jpg\" data-aspect-ratio=\"16\/9\" alt=\"Museo Bode en la Isla de los Museos, a orillas del r\u00edo Spree, en Berl\u00edn.\" style=\"padding-bottom: 56.25%; height: 0; max-height: 0;\"\/><figcaption class=\"img-caption\">Berlin, Alemania: Museo Bode en la Isla de los Museos, a orillas del r\u00edo Spree.<small class=\"copyright\">Im\u00e1genes: Rolf Z\u00f6llner\/Imelo<\/small><\/figcaption><\/figure>\n<h2>El legado de la Ilustraci\u00f3n<\/h2>\n<p>Durante las guerras napole\u00f3nicas (1803-1815), muchas obras de arte fueron saqueadas por los franceses. Al recuperarlas, los dirigentes prusianos decidieron fundar un museo para exhibirlas al p\u00fablico. As\u00ed naci\u00f3 el Altes Museum (Museo Antiguo), cuya construcci\u00f3n empez\u00f3 en 1825 por orden del rey Federico Guillermo III,\u00a0y se inaugur\u00f3 en 1830. Prusia, en bancarrota por la guerra, invirti\u00f3 en la edificaci\u00f3n de este\u00a0museo, dise\u00f1ado por Karl Friedrich Schinkel. Es considerado una obra ic\u00f3nica de la arquitectura neocl\u00e1sica alemana.<\/p>\n<p>El Altes Museum fue el primer edificio de una serie de cinco instituciones que posteriormente se conocer\u00edan como la Isla de los Museos. Llamado simplemente \u00abMuseo\u00bb en sus inicios, la piedra fundamental del Altes Museum se coloc\u00f3 en 1825 y se inaugur\u00f3 en 1830.<\/p>\n<p>Wilhelm von Humboldt, el fil\u00f3sofo y ling\u00fcista prusiano, consideraba que los museos eran pilares para la educaci\u00f3n ciudadana. Para \u00e9l, \u201cel museo, como espacio importante de educaci\u00f3n est\u00e9tica del ciudadano, era muy importante\u201d. La visi\u00f3n integraba arte y ciencia como elementos fundamentales.<\/p>\n<figure class=\"placeholder-image master_landscape big\"><img data-format=\"MASTER_LANDSCAPE\" data-id=\"72733626\" data-url=\"https:\/\/static.dw.com\/image\/72733626_${formatId}.jpg\" data-aspect-ratio=\"16\/9\" alt=\"El Antiguo Museo, en la Isla de los Museos en el parque Lustgarten, en Berl\u00edn Mitte.\" style=\"padding-bottom: 56.25%; height: 0; max-height: 0;\"\/><figcaption class=\"img-caption\">El Antiguo Museo, en la Isla de los Museos, en Berl\u00edn Mitte.<small class=\"copyright\">Imagen: ImageBroker\/Picture Alliance<\/small><\/figcaption><\/figure>\n<h2>100 a\u00f1os de expansi\u00f3n<\/h2>\n<p>Durante la era colonial, aumentaron las colecciones y las aspiraciones por mostrar el arte alem\u00e1n. Se sumaron m\u00e1s museos: en 1859, y luego en 1876, la Antigua Galer\u00eda Nacional. El Museo Bode se inaugur\u00f3 en 1904, y el Museo de P\u00e9rgamo, en 1930, destinado a albergar obras monumentales como la Puerta de Ishtar.<\/p>\n<p><span data-slot-id=\"Article_InContent-1\" class=\"rich-text-ad\"\/><\/p>\n<h2>Un breve apogeo antes de la guerra<\/h2>\n<p>Previamente\u00a0a la Segunda Guerra Mundial, el complejo muse\u00edstico era considerado una joya cultural europea. Los nazis exaltaban las obras antiguas del museo como representativas de la \u00abraza aria\u00bb. Durante la guerra, muchas piezas se trasladaron a b\u00fankeres y castillos, lo que salv\u00f3 obras como el busto de Nefertiti y frisos de P\u00e9rgamo, aunque otras se dispersaron.<\/p>\n<p>En 1945, con la ocupaci\u00f3n sovi\u00e9tica, las colecciones se enviaron a Mosc\u00fa y San Petersburgo como reparaciones de guerra. Aunque muchas fueron devueltas en los a\u00f1os 50, millones de obras siguen sin documentaci\u00f3n ni retorno claro, especialmente ante el contexto actual de guerra en Ucrania.<\/p>\n<figure class=\"placeholder-image master_landscape big\"><img data-format=\"MASTER_LANDSCAPE\" data-id=\"72759149\" data-url=\"https:\/\/static.dw.com\/image\/72759149_${formatId}.jpg\" data-aspect-ratio=\"16\/9\" alt=\"Obras del Museo de P\u00e9rgamo de Berl\u00edn\" style=\"padding-bottom: 56.25%; height: 0; max-height: 0;\"\/><figcaption class=\"img-caption\">Obras del Museo de P\u00e9rgamo de Berl\u00edn<small class=\"copyright\">Imagen: Joko\/Picture Alliance<\/small><\/figcaption><\/figure>\n<h2>Reconstrucci\u00f3n en una Alemania dividida<\/h2>\n<p>Bajo la Rep\u00fablica Democr\u00e1tica Alemana (RDA), los edificios del museo\u00a0se repararon parcialmente pero no fueron renovados a fondo. En 1984, Hermann Parzinger visit\u00f3 Berl\u00edn por primera vez y qued\u00f3 impactado al ver el Neues Museum (Museo Nuevo) bombardeado, sin techo y con \u00e1rboles creciendo dentro.<\/p>\n<p>Luego de la ca\u00edda del Muro de Berl\u00edn, se empez\u00f3 a hacer la renovaci\u00f3n completa de la infraestructura para preparar los museos para el futuro.<\/p>\n<h2>Restauraci\u00f3n y nuevos enfoques<\/h2>\n<p>El proyecto de restauraci\u00f3n m\u00e1s destacado fue el Neues Museum, realizado por el arquitecto brit\u00e1nico David Chipperfield, quien integr\u00f3 los restos del edificio con nuevas estructuras, dejando incluso las marcas de bala en los muros. Aunque su propuesta se enfrent\u00f3 a gran\u00a0resistencia por parte de los puristas, luego la restauraci\u00f3n fue ampliamente premiada.<\/p>\n<p>Parzinger tambi\u00e9n ha sido una figura central en los debates sobre restituci\u00f3n de obras, como los Bronces de Ben\u00edn y objetos de origen colonial. Tras 17 a\u00f1os como presidente de la Fundaci\u00f3n del Patrimonio Cultural Prusiano, se retir\u00f3\u00a0y es sucedido a partir del 1\u00ba de junio de 2025 por Marion Ackermann, coincidiendo con las celebraciones del bicentenario del museo.<\/p>\n<p>Ackermann continuar\u00e1 el ambicioso plan maestro de restauraci\u00f3n de la Isla de los Museos. Uno de sus logros recientes ha sido la inauguraci\u00f3n en 2019 de la Galer\u00eda James Simon, la nueva entrada principal para los visitantes.<\/p>\n<figure class=\"placeholder-image master_landscape big\"><img data-format=\"MASTER_LANDSCAPE\" data-id=\"72735487\" data-url=\"https:\/\/static.dw.com\/image\/72735487_${formatId}.jpg\" data-aspect-ratio=\"16\/9\" alt=\"Hermann Parzinger y Marion Ackermann en el Nuevo Museo de Berl\u00edn.\" style=\"padding-bottom: 56.25%; height: 0; max-height: 0;\"\/><figcaption class=\"img-caption\">Hermann Parzinger y Marion Ackermann en el Nuevo Museo de Berl\u00edn, en la despedida de Parzinger como presidente de la Fundaci\u00f3n del Patrimonio Cultural Prusiano y la toma de posesi\u00f3n Ackermann como sucesora de Parzinger. (Mayo 2025).<small class=\"copyright\">Imagen: Jens Kalaene\/DPA\/Picture Alliance<\/small><\/figcaption><\/figure>\n<p>El Museo de P\u00e9rgamo permanece cerrado hasta 2027 por renovaci\u00f3n, seguido por el Altes Museum. Una vez finalizadas todas las obras, cuatro de los cinco edificios estar\u00e1n conectados por una rampa subterr\u00e1nea accesible, el Paseo Arqueol\u00f3gico, inspirado en antiguos puentes destruidos durante la guerra.<\/p>\n<p>Estas restauraciones refuerzan el estatus de la Isla de los Museos de Berl\u00edn.\u00a0Este complejo muse\u00edstico revitalizado\u00a0junto al r\u00edo Spree\u00a0continuar\u00e1 siendo testimonio de la historia alemana por siglos.<\/p>\n<p>(OB\/CP)<\/p>\n<\/div>\n\n","protected":false},"excerpt":{"rendered":"<p>La Isla de los Museos de Berl\u00edn resume la historia moderna de Alemania, desde las ideas de la Ilustraci\u00f3n y la destrucci\u00f3n de la\u00a0\u00a0Segunda Guerra Mundial, pasando por laGuerra Fr\u00eda, hasta la era moderna, que convirti\u00f3 a los museos en atractivos tur\u00edsticos. Este conjunto arquitect\u00f3nico y cultural europeo, reconocido como Patrimonio de la Humanidad por &hellip;<\/p>\n","protected":false},"author":1,"featured_media":30460,"comment_status":"open","ping_status":"open","sticky":false,"template":"","format":"standard","meta":{"fifu_image_url":"https:\/\/static.dw.com\/image\/72722705_6.jpg","fifu_image_alt":"","footnotes":""},"categories":[13],"tags":[],"class_list":["post-30459","post","type-post","status-publish","format-standard","has-post-thumbnail","","category-mundo"],"_links":{"self":[{"href":"https:\/\/noticiasveraces.com\/index.php?rest_route=\/wp\/v2\/posts\/30459","targetHints":{"allow":["GET"]}}],"collection":[{"href":"https:\/\/noticiasveraces.com\/index.php?rest_route=\/wp\/v2\/posts"}],"about":[{"href":"https:\/\/noticiasveraces.com\/index.php?rest_route=\/wp\/v2\/types\/post"}],"author":[{"embeddable":true,"href":"https:\/\/noticiasveraces.com\/index.php?rest_route=\/wp\/v2\/users\/1"}],"replies":[{"embeddable":true,"href":"https:\/\/noticiasveraces.com\/index.php?rest_route=%2Fwp%2Fv2%2Fcomments&post=30459"}],"version-history":[{"count":0,"href":"https:\/\/noticiasveraces.com\/index.php?rest_route=\/wp\/v2\/posts\/30459\/revisions"}],"wp:featuredmedia":[{"embeddable":true,"href":"https:\/\/noticiasveraces.com\/index.php?rest_route=\/wp\/v2\/media\/30460"}],"wp:attachment":[{"href":"https:\/\/noticiasveraces.com\/index.php?rest_route=%2Fwp%2Fv2%2Fmedia&parent=30459"}],"wp:term":[{"taxonomy":"category","embeddable":true,"href":"https:\/\/noticiasveraces.com\/index.php?rest_route=%2Fwp%2Fv2%2Fcategories&post=30459"},{"taxonomy":"post_tag","embeddable":true,"href":"https:\/\/noticiasveraces.com\/index.php?rest_route=%2Fwp%2Fv2%2Ftags&post=30459"}],"curies":[{"name":"wp","href":"https:\/\/api.w.org\/{rel}","templated":true}]}}