{"id":30388,"date":"2025-06-05T18:17:35","date_gmt":"2025-06-05T22:17:35","guid":{"rendered":"https:\/\/noticiasveraces.com\/?p=30388"},"modified":"2025-06-05T18:17:35","modified_gmt":"2025-06-05T22:17:35","slug":"merz-de-alemania-para-abordar-el-comercio-las-conversaciones-de-defensa-en-la-reunion-con-trump","status":"publish","type":"post","link":"https:\/\/noticiasveraces.com\/?p=30388","title":{"rendered":"Merz de Alemania para abordar el comercio, las conversaciones de defensa en la reuni\u00f3n con Trump"},"content":{"rendered":"<p> \n<\/p>\n<div>\n<div id=\"beyondwords-wrapper\" class=\"beyondwords-wrapper\">\n<p><span class=\"label-bg\">NUEVO<\/span>\u00a1Ahora puedes escuchar art\u00edculos de Fox News!\n  <\/p>\n<\/div>\n<p class=\"speakable\">El canciller alem\u00e1n, Friedrich Merz, se reunir\u00e1 con el presidente Donald Trump el jueves, ya que se espera que se discutan los principales problemas geopol\u00edticos que van desde la guerra en Europa, el Medio Oriente y las disputas comerciales masivas.<\/p>\n<p class=\"speakable\">Alemania y la administraci\u00f3n Trump, tanto durante su primer mandato y nuevamente en la reelecci\u00f3n, tienen cabezas con ambas partes que expresan frustraci\u00f3n p\u00fablica entre s\u00ed. <\/p>\n<p>Pero las chats positivas recientes entre Merz y Trump sugieren que la reuni\u00f3n el jueves seguir\u00e1 siendo cordial ya que Berl\u00edn busca avanzar cuando se trata de levantar la tarifa del 25% de Trump sobre los veh\u00edculos y piezas importados, as\u00ed como la tarifa existente del 10% en todos los bienes, que se redujo temporalmente del 20% a principios de este a\u00f1o. <\/p>\n<div class=\"image-ct inline\">\n<div class=\"m\"><picture><source media=\"(max-width: 767px)\" srcset=\"https:\/\/a57.foxnews.com\/static.foxnews.com\/foxnews.com\/content\/uploads\/2025\/06\/343\/192\/merz.png?ve=1&amp;tl=1, https:\/\/a57.foxnews.com\/static.foxnews.com\/foxnews.com\/content\/uploads\/2025\/06\/686\/384\/merz.png?ve=1&amp;tl=1 2x\" height=\"192\" width=\"343\"><source media=\"(min-width: 768px) and (max-width: 1023px)\" srcset=\"https:\/\/a57.foxnews.com\/static.foxnews.com\/foxnews.com\/content\/uploads\/2025\/06\/672\/378\/merz.png?ve=1&amp;tl=1, https:\/\/a57.foxnews.com\/static.foxnews.com\/foxnews.com\/content\/uploads\/2025\/06\/1344\/756\/merz.png?ve=1&amp;tl=1 2x\" height=\"378\" width=\"672\"><source media=\"(min-width: 1024px) and (max-width: 1279px)\" srcset=\"https:\/\/a57.foxnews.com\/static.foxnews.com\/foxnews.com\/content\/uploads\/2025\/06\/931\/523\/merz.png?ve=1&amp;tl=1, https:\/\/a57.foxnews.com\/static.foxnews.com\/foxnews.com\/content\/uploads\/2025\/06\/1862\/1046\/merz.png?ve=1&amp;tl=1 2x\" height=\"523\" width=\"931\"><source media=\"(min-width: 1280px)\" srcset=\"https:\/\/a57.foxnews.com\/static.foxnews.com\/foxnews.com\/content\/uploads\/2025\/06\/720\/405\/merz.png?ve=1&amp;tl=1, https:\/\/a57.foxnews.com\/static.foxnews.com\/foxnews.com\/content\/uploads\/2025\/06\/1440\/810\/merz.png?ve=1&amp;tl=1 2x\" height=\"405\" width=\"720\"><img loading=\"lazy\" decoding=\"async\" src=\"https:\/\/a57.foxnews.com\/static.foxnews.com\/foxnews.com\/content\/uploads\/2025\/06\/1200\/675\/merz.png?ve=1&amp;tl=1\" alt=\"Merz aterriza en los Estados Unidos\" width=\"1200\" height=\"675\"\/><\/source><\/source><\/source><\/source><\/picture><\/div>\n<div class=\"info\">\n<div class=\"caption\">\n<p><span>El canciller alem\u00e1n Friedrich Merz llega a Washington, DC, 5 de junio de 2025.<\/span> <span>(Michael Kappeler\/Picture Alliance a trav\u00e9s de Getty Images)<\/span><\/p>\n<\/div>\n<\/div>\n<\/div>\n<p><strong>El canciller de Alemania termina los l\u00edmites de rango de armas para Ucrania a pesar de las amenazas nucleares rusas<\/strong><\/p>\n<p>El viaje a DC esta semana es el primero de Merz desde que se convirti\u00f3 en canciller el mes pasado, y se produce cuando las naciones europeas se han unido cada vez m\u00e1s juntos despu\u00e9s de las posiciones geopol\u00edticas de Trump con respecto al comercio y la defensa desde que volvieron a entrar en la Casa Blanca. <\/p>\n<p>Naciones como Francia y el Reino Unido han tocado con \u00e9xito la l\u00ednea cuando se trata de mantener una relaci\u00f3n con Washington bajo la presidencia de Trump, al tiempo que se expanden dr\u00e1sticamente las relaciones para disminuir la dependencia futura de los Estados Unidos.<\/p>\n<p>Tambi\u00e9n se espera que Merz de Alemania intente lograr este equilibrio, una estrategia en la que dijo que ya hab\u00eda comenzado a trabajar cuando habl\u00f3 con los medios alemanes a principios de esta semana.<\/p>\n<div class=\"image-ct inline\">\n<div class=\"m\"><picture><source media=\"(max-width: 767px)\" srcset=\"https:\/\/a57.foxnews.com\/static.foxnews.com\/foxnews.com\/content\/uploads\/2018\/09\/343\/192\/tariffs.jpg?ve=1&amp;tl=1, https:\/\/a57.foxnews.com\/static.foxnews.com\/foxnews.com\/content\/uploads\/2018\/09\/686\/384\/tariffs.jpg?ve=1&amp;tl=1 2x\" height=\"192\" width=\"343\"><source media=\"(min-width: 768px) and (max-width: 1023px)\" srcset=\"https:\/\/a57.foxnews.com\/static.foxnews.com\/foxnews.com\/content\/uploads\/2018\/09\/672\/378\/tariffs.jpg?ve=1&amp;tl=1, https:\/\/a57.foxnews.com\/static.foxnews.com\/foxnews.com\/content\/uploads\/2018\/09\/1344\/756\/tariffs.jpg?ve=1&amp;tl=1 2x\" height=\"378\" width=\"672\"><source media=\"(min-width: 1024px) and (max-width: 1279px)\" srcset=\"https:\/\/a57.foxnews.com\/static.foxnews.com\/foxnews.com\/content\/uploads\/2018\/09\/931\/523\/tariffs.jpg?ve=1&amp;tl=1, https:\/\/a57.foxnews.com\/static.foxnews.com\/foxnews.com\/content\/uploads\/2018\/09\/1862\/1046\/tariffs.jpg?ve=1&amp;tl=1 2x\" height=\"523\" width=\"931\"><source media=\"(min-width: 1280px)\" srcset=\"https:\/\/a57.foxnews.com\/static.foxnews.com\/foxnews.com\/content\/uploads\/2018\/09\/720\/405\/tariffs.jpg?ve=1&amp;tl=1, https:\/\/a57.foxnews.com\/static.foxnews.com\/foxnews.com\/content\/uploads\/2018\/09\/1440\/810\/tariffs.jpg?ve=1&amp;tl=1 2x\" height=\"405\" width=\"720\"><img loading=\"lazy\" decoding=\"async\" src=\"https:\/\/a57.foxnews.com\/static.foxnews.com\/foxnews.com\/content\/uploads\/2018\/09\/1200\/675\/tariffs.jpg?ve=1&amp;tl=1\" alt=\"Los contenedores se almacenan para exportar en un puerto en Duisburg, Alemania, el lunes 30 de abril de 2018. (Photo\/Martin Meissner)\" width=\"1200\" height=\"675\"\/><\/source><\/source><\/source><\/source><\/picture><\/div>\n<div class=\"info\">\n<div class=\"caption\">\n<p><span>Los contenedores se almacenan para la exportaci\u00f3n en un puerto en Duisburg, Alemania, ya que Estados Unidos amenaza el 25% de aranceles en autom\u00f3viles y hasta un 20% de aranceles en todas las dem\u00e1s importaciones.<\/span> <span>(AP Photo\/Martin Meissner)<\/span><\/p>\n<\/div>\n<\/div>\n<\/div>\n<p><strong>El efecto de Trump obliga a Alemania a priorizar la defensa a medida que la naci\u00f3n juega en el gasto militar<\/strong><\/p>\n<p>\u00abSiempre es importante que no hables durante demasiado tiempo, pero que hables por un momento y dejes que hablemos tambi\u00e9n\u00bb, dijo Merz a la Outlet WDR. \u00abTienes que adaptarte a \u00e9l e involucrarte con \u00e9l, y al mismo tiempo no puedes hacerte m\u00e1s peque\u00f1o de lo que somos. <\/p>\n<p>\u00abEse es mi requisito m\u00e1s importante de todos modos, que podemos hablar con \u00e9l con sensatez: no somos suplicantes\u00bb, agreg\u00f3. <\/p>\n<p>Pero a pesar de los esfuerzos para reforzar las relaciones con Trump desde lejos, las reuniones de la Oficina Oval con el presidente son cualquier cosa menos predecible, como lo presenci\u00f3 la interacci\u00f3n explosiva durante el presidente ucraniano Volodymyr Zelenskyy, la visita de febrero de febrero, as\u00ed como cuando el presidente acus\u00f3 al presidente de Sud\u00e1frica, Cyril Ramaphosa, el gobierno de los cometidos de \u00abgenocidio\u00bb, no es el \u00faltimo mes en Sud\u00e1frica, incluido el partido que representa el partido que representa el partido que representa el partido, los que representan el partido, los que representan el partido, los que representan el partido, el Mes de los Sud\u00e1 \u00c1frica, que representa el partido que representa el Partido, que representa el Partido, el Partido de los Cyril Ramaphosa, tiene el Genocidio de comisi\u00f3n \u00ab. reclamos.<\/p>\n<div class=\"image-ct inline\">\n<div class=\"m\"><picture><source media=\"(max-width: 767px)\" srcset=\"https:\/\/a57.foxnews.com\/static.foxnews.com\/foxnews.com\/content\/uploads\/2025\/05\/343\/192\/zele.png?ve=1&amp;tl=1, https:\/\/a57.foxnews.com\/static.foxnews.com\/foxnews.com\/content\/uploads\/2025\/05\/686\/384\/zele.png?ve=1&amp;tl=1 2x\" height=\"192\" width=\"343\"><source media=\"(min-width: 768px) and (max-width: 1023px)\" srcset=\"https:\/\/a57.foxnews.com\/static.foxnews.com\/foxnews.com\/content\/uploads\/2025\/05\/672\/378\/zele.png?ve=1&amp;tl=1, https:\/\/a57.foxnews.com\/static.foxnews.com\/foxnews.com\/content\/uploads\/2025\/05\/1344\/756\/zele.png?ve=1&amp;tl=1 2x\" height=\"378\" width=\"672\"><source media=\"(min-width: 1024px) and (max-width: 1279px)\" srcset=\"https:\/\/a57.foxnews.com\/static.foxnews.com\/foxnews.com\/content\/uploads\/2025\/05\/931\/523\/zele.png?ve=1&amp;tl=1, https:\/\/a57.foxnews.com\/static.foxnews.com\/foxnews.com\/content\/uploads\/2025\/05\/1862\/1046\/zele.png?ve=1&amp;tl=1 2x\" height=\"523\" width=\"931\"><source media=\"(min-width: 1280px)\" srcset=\"https:\/\/a57.foxnews.com\/static.foxnews.com\/foxnews.com\/content\/uploads\/2025\/05\/720\/405\/zele.png?ve=1&amp;tl=1, https:\/\/a57.foxnews.com\/static.foxnews.com\/foxnews.com\/content\/uploads\/2025\/05\/1440\/810\/zele.png?ve=1&amp;tl=1 2x\" height=\"405\" width=\"720\"><img loading=\"lazy\" decoding=\"async\" src=\"https:\/\/a57.foxnews.com\/static.foxnews.com\/foxnews.com\/content\/uploads\/2025\/05\/1200\/675\/zele.png?ve=1&amp;tl=1\" alt=\"Zelenskyy UK Francia Alemania Polonia\" width=\"1200\" height=\"675\"\/><\/source><\/source><\/source><\/source><\/picture><\/div>\n<div class=\"info\">\n<div class=\"caption\">\n<p><span>Los l\u00edderes europeos, desde la izquierda, el primer ministro de Polonia, Donald Tusk, el presidente ucraniano Volodymyr Zelenskyy, el presidente franc\u00e9s Emmanuel Macron, el primer ministro de Gran Breta\u00f1a, Keir Starmer y el canciller de Alemania, Friedrich Merz, mantienen una conversaci\u00f3n telef\u00f3nica con el presidente Trump el 16 de mayo de 2025, en Skanderbeg Square en Tirana, Albania.<\/span> <span>(Kuglersteffen\/Gobierno federal a trav\u00e9s de Getty Images)<\/span><\/p>\n<\/div>\n<\/div>\n<\/div>\n<p><strong>Haga clic aqu\u00ed para obtener la aplicaci\u00f3n Fox News<\/strong><\/p>\n<p>Un \u00e1rea en el que Merz podr\u00eda ganar puntos con Trump es cuando se trata de gastos de defensa de la OTAN y el impulso del presidente para que las naciones no solo aumenten el gasto en defensa al umbral del 2%, sino que gasten un 5% del PIB en defensa, sino que un impulso no est\u00e1 cerca de lograrlo. <\/p>\n<p>Si bien Alemania gasta m\u00e1s del 2% de su PIB en defensa, Merz ha respaldado el llamado para gastar hasta el 5%, y podr\u00eda usar esto para reunir a Trump para aumentar su apoyo a Kiev y impulsar una mayor participaci\u00f3n europea en futuras conversaciones de paz. <\/p>\n<p> <!----> <\/p>\n<div class=\"article-meta\">\n<div class=\"author-bio\">\n<p>Caitlin McFall es reportero de Fox News Digital Cubting Politics, US y World News.<\/p>\n<\/div>\n<\/div>\n<\/div>\n\n","protected":false},"excerpt":{"rendered":"<p>NUEVO\u00a1Ahora puedes escuchar art\u00edculos de Fox News! El canciller alem\u00e1n, Friedrich Merz, se reunir\u00e1 con el presidente Donald Trump el jueves, ya que se espera que se discutan los principales problemas geopol\u00edticos que van desde la guerra en Europa, el Medio Oriente y las disputas comerciales masivas. Alemania y la administraci\u00f3n Trump, tanto durante su &hellip;<\/p>\n","protected":false},"author":1,"featured_media":30390,"comment_status":"open","ping_status":"open","sticky":false,"template":"","format":"standard","meta":{"fifu_image_url":"https:\/\/static.foxnews.com\/foxnews.com\/content\/uploads\/2025\/02\/merz-trump-2.jpg","fifu_image_alt":"","footnotes":""},"categories":[13],"tags":[],"class_list":["post-30388","post","type-post","status-publish","format-standard","has-post-thumbnail","","category-mundo"],"_links":{"self":[{"href":"https:\/\/noticiasveraces.com\/index.php?rest_route=\/wp\/v2\/posts\/30388","targetHints":{"allow":["GET"]}}],"collection":[{"href":"https:\/\/noticiasveraces.com\/index.php?rest_route=\/wp\/v2\/posts"}],"about":[{"href":"https:\/\/noticiasveraces.com\/index.php?rest_route=\/wp\/v2\/types\/post"}],"author":[{"embeddable":true,"href":"https:\/\/noticiasveraces.com\/index.php?rest_route=\/wp\/v2\/users\/1"}],"replies":[{"embeddable":true,"href":"https:\/\/noticiasveraces.com\/index.php?rest_route=%2Fwp%2Fv2%2Fcomments&post=30388"}],"version-history":[{"count":0,"href":"https:\/\/noticiasveraces.com\/index.php?rest_route=\/wp\/v2\/posts\/30388\/revisions"}],"wp:featuredmedia":[{"embeddable":true,"href":"https:\/\/noticiasveraces.com\/index.php?rest_route=\/wp\/v2\/media\/30390"}],"wp:attachment":[{"href":"https:\/\/noticiasveraces.com\/index.php?rest_route=%2Fwp%2Fv2%2Fmedia&parent=30388"}],"wp:term":[{"taxonomy":"category","embeddable":true,"href":"https:\/\/noticiasveraces.com\/index.php?rest_route=%2Fwp%2Fv2%2Fcategories&post=30388"},{"taxonomy":"post_tag","embeddable":true,"href":"https:\/\/noticiasveraces.com\/index.php?rest_route=%2Fwp%2Fv2%2Ftags&post=30388"}],"curies":[{"name":"wp","href":"https:\/\/api.w.org\/{rel}","templated":true}]}}