{"id":30376,"date":"2025-06-05T15:14:12","date_gmt":"2025-06-05T19:14:12","guid":{"rendered":"https:\/\/noticiasveraces.com\/?p=30376"},"modified":"2025-06-05T15:14:12","modified_gmt":"2025-06-05T19:14:12","slug":"trump-sugiere-let-is-fight-en-la-guerra-de-ucrania-durante-la-reunion-con-el-canciller-aleman","status":"publish","type":"post","link":"https:\/\/noticiasveraces.com\/?p=30376","title":{"rendered":"Trump sugiere &#8216;Let Is Fight&#8217; en la Guerra de Ucrania durante la reuni\u00f3n con el canciller alem\u00e1n"},"content":{"rendered":"<p> \n<\/p>\n<div>\n<div id=\"beyondwords-wrapper\" class=\"beyondwords-wrapper\">\n<p><span class=\"label-bg\">NUEVO<\/span>\u00a1Ahora puedes escuchar art\u00edculos de Fox News!\n  <\/p>\n<\/div>\n<p class=\"speakable\">El canciller alem\u00e1n Friedrich Merz le dijo al presidente Donald Trump que est\u00e1 en una \u00abposici\u00f3n fuerte\u00bb para detener la guerra de Rusia en Ucrania, a lo que el presidente sugiri\u00f3 que tal vez el mundo necesita \u00abdejarlos luchar por un tiempo\u00bb.<\/p>\n<p class=\"speakable\">\u00abEstados Unidos est\u00e1 nuevamente en una posici\u00f3n muy fuerte para hacer algo en esta guerra y terminar esta guerra\u00bb, dijo Merz, al tiempo que hace referencia al papel de los Estados Unidos en el final de la Segunda Guerra Mundial en la v\u00edspera del aniversario del D-D\u00eda, lo que marc\u00f3 el giro de los eventos que llevaron a la derrota de la Alemania nazi. \u00abAs\u00ed que hablemos de lo que podemos hacer conjuntamente, y estamos listos para hacer lo que podamos\u00bb.<\/p>\n<p>Merz pidi\u00f3 m\u00e1s presi\u00f3n sobre Rusia en coordinaci\u00f3n con los aliados europeos. <\/p>\n<div class=\"image-ct inline\">\n<div class=\"m\"><picture><source media=\"(max-width: 767px)\" srcset=\"https:\/\/a57.foxnews.com\/static.foxnews.com\/foxnews.com\/content\/uploads\/2025\/06\/343\/192\/trump-merz.png?ve=1&amp;tl=1, https:\/\/a57.foxnews.com\/static.foxnews.com\/foxnews.com\/content\/uploads\/2025\/06\/686\/384\/trump-merz.png?ve=1&amp;tl=1 2x\" height=\"192\" width=\"343\"><source media=\"(min-width: 768px) and (max-width: 1023px)\" srcset=\"https:\/\/a57.foxnews.com\/static.foxnews.com\/foxnews.com\/content\/uploads\/2025\/06\/672\/378\/trump-merz.png?ve=1&amp;tl=1, https:\/\/a57.foxnews.com\/static.foxnews.com\/foxnews.com\/content\/uploads\/2025\/06\/1344\/756\/trump-merz.png?ve=1&amp;tl=1 2x\" height=\"378\" width=\"672\"><source media=\"(min-width: 1024px) and (max-width: 1279px)\" srcset=\"https:\/\/a57.foxnews.com\/static.foxnews.com\/foxnews.com\/content\/uploads\/2025\/06\/931\/523\/trump-merz.png?ve=1&amp;tl=1, https:\/\/a57.foxnews.com\/static.foxnews.com\/foxnews.com\/content\/uploads\/2025\/06\/1862\/1046\/trump-merz.png?ve=1&amp;tl=1 2x\" height=\"523\" width=\"931\"><source media=\"(min-width: 1280px)\" srcset=\"https:\/\/a57.foxnews.com\/static.foxnews.com\/foxnews.com\/content\/uploads\/2025\/06\/720\/405\/trump-merz.png?ve=1&amp;tl=1, https:\/\/a57.foxnews.com\/static.foxnews.com\/foxnews.com\/content\/uploads\/2025\/06\/1440\/810\/trump-merz.png?ve=1&amp;tl=1 2x\" height=\"405\" width=\"720\"><img loading=\"lazy\" decoding=\"async\" src=\"https:\/\/a57.foxnews.com\/static.foxnews.com\/foxnews.com\/content\/uploads\/2025\/06\/1200\/675\/trump-merz.png?ve=1&amp;tl=1\" alt=\"Trump Merz\" width=\"1200\" height=\"675\"\/><\/source><\/source><\/source><\/source><\/picture><\/div>\n<div class=\"info\">\n<div class=\"caption\">\n<p><span>El presidente Donald Trump y el canciller alem\u00e1n Friedrich Merz se re\u00fanen en la Oficina Oval de la Casa Blanca el 5 de junio de 2025.<\/span> <span>(Brendan Smialowski\/AFP a trav\u00e9s de Getty Images)<\/span><\/p>\n<\/div>\n<\/div>\n<\/div>\n<p><strong>Merz de Alemania de &#8216;adaptarse&#8217; a Trump durante la reuni\u00f3n de alto riesgo sobre tarifas, defensa<\/strong><\/p>\n<p>Trump respondi\u00f3 proporcionando una analog\u00eda de dos ni\u00f1os peleando, y sugiri\u00f3 que quiz\u00e1s era \u00abdemasiado pronto\u00bb para romper la lucha entre el presidente ruso Vladimir Putin y el presidente ucraniano Volodymyr Zelenskyy.<\/p>\n<p>\u00abA veces ves a dos ni\u00f1os peque\u00f1os peleando como locos: se odian y est\u00e1n peleando en un parque e intentas separarlos, no quieren ser retirados\u00bb, dijo Trump.  \u00abA veces es mejor que los dejes luchar por un tiempo y luego separarlos\u00bb.<\/p>\n<p>Trump dijo que dio esa analog\u00eda a Putin en su llamada con \u00e9l el mi\u00e9rcoles y dijo que le dijo al jefe del Kremlin \u00abtal vez tendr\u00e1s que seguir luchando y sufriendo mucho\u00bb.<\/p>\n<div class=\"image-ct inline\">\n<div class=\"m\"><picture><source media=\"(max-width: 767px)\" srcset=\"https:\/\/a57.foxnews.com\/static.foxnews.com\/foxnews.com\/content\/uploads\/2025\/04\/343\/192\/vladimir-putin.jpg?ve=1&amp;tl=1, https:\/\/a57.foxnews.com\/static.foxnews.com\/foxnews.com\/content\/uploads\/2025\/04\/686\/384\/vladimir-putin.jpg?ve=1&amp;tl=1 2x\" height=\"192\" width=\"343\"><source media=\"(min-width: 768px) and (max-width: 1023px)\" srcset=\"https:\/\/a57.foxnews.com\/static.foxnews.com\/foxnews.com\/content\/uploads\/2025\/04\/672\/378\/vladimir-putin.jpg?ve=1&amp;tl=1, https:\/\/a57.foxnews.com\/static.foxnews.com\/foxnews.com\/content\/uploads\/2025\/04\/1344\/756\/vladimir-putin.jpg?ve=1&amp;tl=1 2x\" height=\"378\" width=\"672\"><source media=\"(min-width: 1024px) and (max-width: 1279px)\" srcset=\"https:\/\/a57.foxnews.com\/static.foxnews.com\/foxnews.com\/content\/uploads\/2025\/04\/931\/523\/vladimir-putin.jpg?ve=1&amp;tl=1, https:\/\/a57.foxnews.com\/static.foxnews.com\/foxnews.com\/content\/uploads\/2025\/04\/1862\/1046\/vladimir-putin.jpg?ve=1&amp;tl=1 2x\" height=\"523\" width=\"931\"><source media=\"(min-width: 1280px)\" srcset=\"https:\/\/a57.foxnews.com\/static.foxnews.com\/foxnews.com\/content\/uploads\/2025\/04\/720\/405\/vladimir-putin.jpg?ve=1&amp;tl=1, https:\/\/a57.foxnews.com\/static.foxnews.com\/foxnews.com\/content\/uploads\/2025\/04\/1440\/810\/vladimir-putin.jpg?ve=1&amp;tl=1 2x\" height=\"405\" width=\"720\"><img loading=\"lazy\" decoding=\"async\" src=\"https:\/\/a57.foxnews.com\/static.foxnews.com\/foxnews.com\/content\/uploads\/2025\/04\/1200\/675\/vladimir-putin.jpg?ve=1&amp;tl=1\" alt=\"Putin en el Kremlin\" width=\"1200\" height=\"675\"\/><\/source><\/source><\/source><\/source><\/picture><\/div>\n<div class=\"info\">\n<div class=\"caption\">\n<p><span>El presidente ruso Vladimir Putin en el Kremlin en Mosc\u00fa el 7 de abril de 2025.<\/span> <span>(Vyacheslav Prokofyev, Sputnik, Kremlin Pool Photo a trav\u00e9s de AP)<\/span><\/p>\n<\/div>\n<\/div>\n<\/div>\n<p><strong>Rusia Drone Strike mata a 5 en Ucrania despu\u00e9s de que Putin prometi\u00f3 represalias en Trump Call<\/strong><\/p>\n<p>Los periodistas le preguntaron a Merz, quien ha sido un ardiente defensor de Ucrania y recientemente levant\u00f3 las prohibiciones de huelga existentes de Alemania, si est\u00e1 de acuerdo con Trump en que \u00abcombatirlo\u00bb era la forma de proceder. <\/p>\n<p>\u00abCreo que ambos estamos de acuerdo en esta guerra y cu\u00e1n terrible es esta guerra. Y ambos estamos buscando formas de detenerla muy pronto\u00bb, dijo Merz. \u00abLe dije al Presidente antes de entrar en que \u00e9l es la persona clave en el mundo que realmente puede hacerlo ahora al presionar a Rusia, y tendremos este debate m\u00e1s adelante, c\u00f3mo podemos proceder conjuntamente entre los europeos y los estadounidenses. <\/p>\n<div class=\"image-ct inline\">\n<div class=\"m\"><picture><source media=\"(max-width: 767px)\" srcset=\"https:\/\/a57.foxnews.com\/static.foxnews.com\/foxnews.com\/content\/uploads\/2025\/05\/343\/192\/zele.png?ve=1&amp;tl=1, https:\/\/a57.foxnews.com\/static.foxnews.com\/foxnews.com\/content\/uploads\/2025\/05\/686\/384\/zele.png?ve=1&amp;tl=1 2x\" height=\"192\" width=\"343\"><source media=\"(min-width: 768px) and (max-width: 1023px)\" srcset=\"https:\/\/a57.foxnews.com\/static.foxnews.com\/foxnews.com\/content\/uploads\/2025\/05\/672\/378\/zele.png?ve=1&amp;tl=1, https:\/\/a57.foxnews.com\/static.foxnews.com\/foxnews.com\/content\/uploads\/2025\/05\/1344\/756\/zele.png?ve=1&amp;tl=1 2x\" height=\"378\" width=\"672\"><source media=\"(min-width: 1024px) and (max-width: 1279px)\" srcset=\"https:\/\/a57.foxnews.com\/static.foxnews.com\/foxnews.com\/content\/uploads\/2025\/05\/931\/523\/zele.png?ve=1&amp;tl=1, https:\/\/a57.foxnews.com\/static.foxnews.com\/foxnews.com\/content\/uploads\/2025\/05\/1862\/1046\/zele.png?ve=1&amp;tl=1 2x\" height=\"523\" width=\"931\"><source media=\"(min-width: 1280px)\" srcset=\"https:\/\/a57.foxnews.com\/static.foxnews.com\/foxnews.com\/content\/uploads\/2025\/05\/720\/405\/zele.png?ve=1&amp;tl=1, https:\/\/a57.foxnews.com\/static.foxnews.com\/foxnews.com\/content\/uploads\/2025\/05\/1440\/810\/zele.png?ve=1&amp;tl=1 2x\" height=\"405\" width=\"720\"><img loading=\"lazy\" decoding=\"async\" src=\"https:\/\/a57.foxnews.com\/static.foxnews.com\/foxnews.com\/content\/uploads\/2025\/05\/1200\/675\/zele.png?ve=1&amp;tl=1\" alt=\"Zelenskyy UK Francia Alemania Polonia\" width=\"1200\" height=\"675\"\/><\/source><\/source><\/source><\/source><\/picture><\/div>\n<div class=\"info\">\n<div class=\"caption\">\n<p><span>Los l\u00edderes europeos, desde la izquierda, el primer ministro de Polonia, Donald Tusk, el presidente ucraniano Volodymyr Zelensky, el presidente franc\u00e9s Emmanuel Macron, el primer ministro de Gran Breta\u00f1a, Keir Starmer y el canciller de Alemania, Friedrich Merz, mantienen una conversaci\u00f3n telef\u00f3nica con el presidente Trump en la 6ta Cumbre de la Comunidad Pol\u00edtica Europea el 16 de mayo de 2025, en Skanderbeg Square en Tirana, Albania.<\/span> <span>(Kuglersteffen\/Gobierno federal a trav\u00e9s de Getty Images)<\/span><\/p>\n<\/div>\n<\/div>\n<\/div>\n<p><strong>Haga clic aqu\u00ed para obtener la aplicaci\u00f3n Fox News<\/strong><\/p>\n<p>\u00abCreo que todos estamos &#8230; teniendo el deber de hacer algo al respecto ahora, detenerlo despu\u00e9s de tres a\u00f1os y medio, lo cual es realmente terrible\u00bb, agreg\u00f3, dejando en claro sin contradicir directamente al presidente que no estaba de acuerdo con Trump. <\/p>\n<p>\u00abEstamos del lado de Ucrania, y estamos tratando de hacerlos m\u00e1s fuertes y m\u00e1s fuertes para que Putin detenga esta guerra. Este es nuestro enfoque\u00bb, agreg\u00f3 Merz.<\/p>\n<p> <!----> <\/p>\n<div class=\"article-meta\">\n<div class=\"author-bio\">\n<p>Caitlin McFall es reportero de Fox News Digital Cubting Politics, US y World News.<\/p>\n<\/div>\n<\/div>\n<\/div>\n\n","protected":false},"excerpt":{"rendered":"<p>NUEVO\u00a1Ahora puedes escuchar art\u00edculos de Fox News! El canciller alem\u00e1n Friedrich Merz le dijo al presidente Donald Trump que est\u00e1 en una \u00abposici\u00f3n fuerte\u00bb para detener la guerra de Rusia en Ucrania, a lo que el presidente sugiri\u00f3 que tal vez el mundo necesita \u00abdejarlos luchar por un tiempo\u00bb. \u00abEstados Unidos est\u00e1 nuevamente en una &hellip;<\/p>\n","protected":false},"author":1,"featured_media":30378,"comment_status":"open","ping_status":"open","sticky":false,"template":"","format":"standard","meta":{"fifu_image_url":"https:\/\/static.foxnews.com\/foxnews.com\/content\/uploads\/2025\/06\/trump-merz.png","fifu_image_alt":"","footnotes":""},"categories":[13],"tags":[],"class_list":["post-30376","post","type-post","status-publish","format-standard","has-post-thumbnail","","category-mundo"],"_links":{"self":[{"href":"https:\/\/noticiasveraces.com\/index.php?rest_route=\/wp\/v2\/posts\/30376","targetHints":{"allow":["GET"]}}],"collection":[{"href":"https:\/\/noticiasveraces.com\/index.php?rest_route=\/wp\/v2\/posts"}],"about":[{"href":"https:\/\/noticiasveraces.com\/index.php?rest_route=\/wp\/v2\/types\/post"}],"author":[{"embeddable":true,"href":"https:\/\/noticiasveraces.com\/index.php?rest_route=\/wp\/v2\/users\/1"}],"replies":[{"embeddable":true,"href":"https:\/\/noticiasveraces.com\/index.php?rest_route=%2Fwp%2Fv2%2Fcomments&post=30376"}],"version-history":[{"count":0,"href":"https:\/\/noticiasveraces.com\/index.php?rest_route=\/wp\/v2\/posts\/30376\/revisions"}],"wp:featuredmedia":[{"embeddable":true,"href":"https:\/\/noticiasveraces.com\/index.php?rest_route=\/wp\/v2\/media\/30378"}],"wp:attachment":[{"href":"https:\/\/noticiasveraces.com\/index.php?rest_route=%2Fwp%2Fv2%2Fmedia&parent=30376"}],"wp:term":[{"taxonomy":"category","embeddable":true,"href":"https:\/\/noticiasveraces.com\/index.php?rest_route=%2Fwp%2Fv2%2Fcategories&post=30376"},{"taxonomy":"post_tag","embeddable":true,"href":"https:\/\/noticiasveraces.com\/index.php?rest_route=%2Fwp%2Fv2%2Ftags&post=30376"}],"curies":[{"name":"wp","href":"https:\/\/api.w.org\/{rel}","templated":true}]}}