{"id":30370,"date":"2025-06-05T14:13:02","date_gmt":"2025-06-05T18:13:02","guid":{"rendered":"https:\/\/noticiasveraces.com\/?p=30370"},"modified":"2025-06-05T14:13:02","modified_gmt":"2025-06-05T18:13:02","slug":"israel-enfrenta-posibles-elecciones-tempranas-mientras-la-coalicion-de-netanyahu-se-tamborita","status":"publish","type":"post","link":"https:\/\/noticiasveraces.com\/?p=30370","title":{"rendered":"Israel enfrenta posibles elecciones tempranas mientras la coalici\u00f3n de Netanyahu se tamborita"},"content":{"rendered":"<p> \n<\/p>\n<div>\n<div id=\"beyondwords-wrapper\" class=\"beyondwords-wrapper\">\n<p><span class=\"label-bg\">NUEVO<\/span>\u00a1Ahora puedes escuchar art\u00edculos de Fox News!\n  <\/p>\n<\/div>\n<p class=\"speakable\">Israel se enfrenta a una crisis pol\u00edtica m\u00e1s profunda que pronto podr\u00eda derribar la coalici\u00f3n de derecha del primer ministro Benjamin Netanyahu, ya que uno de sus socios ultraortodoxos clave amenaza con abandonar al gobierno y respaldar una moci\u00f3n dirigida por la oposici\u00f3n para disolver el parlamento la pr\u00f3xima semana. <\/p>\n<p class=\"speakable\">Las recientes encuestas de opini\u00f3n israel\u00edes indican que la coalici\u00f3n de Netanyahu probablemente perder\u00eda el poder si las elecciones se celebraran hoy.<\/p>\n<p>La crisis se centra en las tensiones de larga data sobre las exenciones de reclutamiento militar para hombres ultraortodoxos (Haredi). Si bien la mayor\u00eda de los israel\u00edes deben servir, tres a\u00f1os para los hombres, dos para mujeres, a los hombres haredi se les ha otorgado exenciones, una pol\u00edtica cada vez m\u00e1s insostenible en medio de la guerra en curso en Gaza.<\/p>\n<p><strong>Trump Admin se encuentra con Israel, rechaza la resoluci\u00f3n de la ONU respaldada por el Reino Unido y Francia<\/strong><\/p>\n<div class=\"image-ct inline\">\n<div class=\"m\"><picture><source media=\"(max-width: 767px)\" srcset=\"https:\/\/a57.foxnews.com\/static.foxnews.com\/foxnews.com\/content\/uploads\/2024\/09\/343\/192\/Israel-Protests1.jpg?ve=1&amp;tl=1, https:\/\/a57.foxnews.com\/static.foxnews.com\/foxnews.com\/content\/uploads\/2024\/09\/686\/384\/Israel-Protests1.jpg?ve=1&amp;tl=1 2x\" height=\"192\" width=\"343\"><source media=\"(min-width: 768px) and (max-width: 1023px)\" srcset=\"https:\/\/a57.foxnews.com\/static.foxnews.com\/foxnews.com\/content\/uploads\/2024\/09\/672\/378\/Israel-Protests1.jpg?ve=1&amp;tl=1, https:\/\/a57.foxnews.com\/static.foxnews.com\/foxnews.com\/content\/uploads\/2024\/09\/1344\/756\/Israel-Protests1.jpg?ve=1&amp;tl=1 2x\" height=\"378\" width=\"672\"><source media=\"(min-width: 1024px) and (max-width: 1279px)\" srcset=\"https:\/\/a57.foxnews.com\/static.foxnews.com\/foxnews.com\/content\/uploads\/2024\/09\/931\/523\/Israel-Protests1.jpg?ve=1&amp;tl=1, https:\/\/a57.foxnews.com\/static.foxnews.com\/foxnews.com\/content\/uploads\/2024\/09\/1862\/1046\/Israel-Protests1.jpg?ve=1&amp;tl=1 2x\" height=\"523\" width=\"931\"><source media=\"(min-width: 1280px)\" srcset=\"https:\/\/a57.foxnews.com\/static.foxnews.com\/foxnews.com\/content\/uploads\/2024\/09\/720\/405\/Israel-Protests1.jpg?ve=1&amp;tl=1, https:\/\/a57.foxnews.com\/static.foxnews.com\/foxnews.com\/content\/uploads\/2024\/09\/1440\/810\/Israel-Protests1.jpg?ve=1&amp;tl=1 2x\" height=\"405\" width=\"720\"><img loading=\"lazy\" decoding=\"async\" src=\"https:\/\/a57.foxnews.com\/static.foxnews.com\/foxnews.com\/content\/uploads\/2024\/09\/1200\/675\/Israel-Protests1.jpg?ve=1&amp;tl=1\" alt=\"Manifestantes de Tel Aviv\" width=\"1200\" height=\"675\"\/><\/source><\/source><\/source><\/source><\/picture><\/div>\n<div class=\"info\">\n<div class=\"caption\">\n<p><span>Los manifestantes en Tel Aviv despu\u00e9s de que los cuerpos de seis rehenes fueron regresados \u200b\u200ba Israel. 1 de septiembre de 2024.<\/span> <span>(Reuters\/Florion Goga)<\/span><\/p>\n<\/div>\n<\/div>\n<\/div>\n<p>El corresponsal pol\u00edtico de Haaretz, Amir Tibon, dijo: \u00abLa verdadera crisis que sacude la coalici\u00f3n de Netanyahu no es solo la religi\u00f3n versus el estado: es la guerra en Gaza, y que se ver\u00e1 obligada a luchar contra ella. La discriminaci\u00f3n contra quienes sirven en el ej\u00e9rcito es uno de los pocos problemas que une a una gran mayor\u00eda de Israelis, y quieren que termine\u00bb.<\/p>\n<p>Seg\u00fan las estimaciones de las FDI, hay aproximadamente 60,000 hombres ultraortodoxos de edad reclutada.<\/p>\n<p>\u00abLa crisis proviene de la masacre del 7 de octubre\u00bb, dijo Amit Segal, corresponsal pol\u00edtico del Canal 12 de Israel. \u00abAntes de la guerra, muchos israel\u00edes ya se molestaron en exenciones de draft de Haredi. Ahora, con las FDI cortas de soldados, esa ira ha alcanzado un punto de ebullici\u00f3n\u00bb.<\/p>\n<p>Segal dijo que la coalici\u00f3n de Netanyahu actualmente est\u00e1 mirando el 21 de octubre de 2025, como una posible fecha de elecci\u00f3n, pero advirti\u00f3 que si los partidos ultraortodoxos se van, las elecciones tempranas podr\u00edan volverse inevitables. \u00abEs poco probable que los partidos ultraortodoxos derriben al gobierno, est\u00e1n en su coalici\u00f3n ideal\u00bb, afirm\u00f3. \u00abPero si se van, son probables las elecciones en octubre\u00bb.<\/p>\n<div class=\"image-ct inline\">\n<div class=\"m\"><picture><source media=\"(max-width: 767px)\" srcset=\"https:\/\/a57.foxnews.com\/static.foxnews.com\/foxnews.com\/content\/uploads\/2024\/05\/343\/192\/IDF-operating-in-Rafah.jpeg?ve=1&amp;tl=1, https:\/\/a57.foxnews.com\/static.foxnews.com\/foxnews.com\/content\/uploads\/2024\/05\/686\/384\/IDF-operating-in-Rafah.jpeg?ve=1&amp;tl=1 2x\" height=\"192\" width=\"343\"><source media=\"(min-width: 768px) and (max-width: 1023px)\" srcset=\"https:\/\/a57.foxnews.com\/static.foxnews.com\/foxnews.com\/content\/uploads\/2024\/05\/672\/378\/IDF-operating-in-Rafah.jpeg?ve=1&amp;tl=1, https:\/\/a57.foxnews.com\/static.foxnews.com\/foxnews.com\/content\/uploads\/2024\/05\/1344\/756\/IDF-operating-in-Rafah.jpeg?ve=1&amp;tl=1 2x\" height=\"378\" width=\"672\"><source media=\"(min-width: 1024px) and (max-width: 1279px)\" srcset=\"https:\/\/a57.foxnews.com\/static.foxnews.com\/foxnews.com\/content\/uploads\/2024\/05\/931\/523\/IDF-operating-in-Rafah.jpeg?ve=1&amp;tl=1, https:\/\/a57.foxnews.com\/static.foxnews.com\/foxnews.com\/content\/uploads\/2024\/05\/1862\/1046\/IDF-operating-in-Rafah.jpeg?ve=1&amp;tl=1 2x\" height=\"523\" width=\"931\"><source media=\"(min-width: 1280px)\" srcset=\"https:\/\/a57.foxnews.com\/static.foxnews.com\/foxnews.com\/content\/uploads\/2024\/05\/720\/405\/IDF-operating-in-Rafah.jpeg?ve=1&amp;tl=1, https:\/\/a57.foxnews.com\/static.foxnews.com\/foxnews.com\/content\/uploads\/2024\/05\/1440\/810\/IDF-operating-in-Rafah.jpeg?ve=1&amp;tl=1 2x\" height=\"405\" width=\"720\"><img loading=\"lazy\" decoding=\"async\" src=\"https:\/\/a57.foxnews.com\/static.foxnews.com\/foxnews.com\/content\/uploads\/2024\/05\/1200\/675\/IDF-operating-in-Rafah.jpeg?ve=1&amp;tl=1\" alt=\"Fuerzas de las FDI en Rafah\" width=\"1200\" height=\"675\"\/><\/source><\/source><\/source><\/source><\/picture><\/div>\n<div class=\"info\">\n<div class=\"caption\">\n<p><span>Las fuerzas de las FDI son vistas operando en Rafah, una ciudad en la Franja de Gaza.<\/span> <span>(Oficina del portavoz de las FDI)<\/span><\/p>\n<\/div>\n<\/div>\n<\/div>\n<p>En marzo, la Corte Suprema de Israel dictamin\u00f3 que los borradores de exenciones eran inconstitucionales y orden\u00f3 al gobierno que resolviera el problema. Pero la coalici\u00f3n de Netanyahu, que depende en gran medida de los 18 esca\u00f1os en poder de los partidos ultraortodoxos, SHAS y el juda\u00edsmo de la Tor\u00e1 Unida, sigue dividido. Los partidos de Haredi exigen una nueva legislaci\u00f3n que consagrara las exenciones de la ley. Sin ella, amenazan con dejar de fumar.<\/p>\n<p><strong><u>El embajador israel\u00ed se arremende en la declaraci\u00f3n oficial de la ONU, Condemns UK, Francia, Canad\u00e1.<\/u><\/strong><\/p>\n<p>Si esos partidos caminan, la coalici\u00f3n de Netanyahu podr\u00eda colapsar, Segal explic\u00f3: \u00abEl Primer Ministro tiene siete semanas hasta que la Knesset ingrese a un receso de meses y luchar\u00e1 para sobrevivir hasta entonces. Pero con un proyecto de ley para disolver la Kn\u00e9set para presentarse la pr\u00f3xima semana, no hay garant\u00eda de que alcance el 27 de julio como primer ministro\u00bb.<\/p>\n<div class=\"image-ct inline\">\n<div class=\"m\"><picture><source media=\"(max-width: 767px)\" srcset=\"https:\/\/a57.foxnews.com\/static.foxnews.com\/foxnews.com\/content\/uploads\/2025\/06\/343\/192\/army-protests-scaled.jpg?ve=1&amp;tl=1, https:\/\/a57.foxnews.com\/static.foxnews.com\/foxnews.com\/content\/uploads\/2025\/06\/686\/384\/army-protests-scaled.jpg?ve=1&amp;tl=1 2x\" height=\"192\" width=\"343\"><source media=\"(min-width: 768px) and (max-width: 1023px)\" srcset=\"https:\/\/a57.foxnews.com\/static.foxnews.com\/foxnews.com\/content\/uploads\/2025\/06\/672\/378\/army-protests-scaled.jpg?ve=1&amp;tl=1, https:\/\/a57.foxnews.com\/static.foxnews.com\/foxnews.com\/content\/uploads\/2025\/06\/1344\/756\/army-protests-scaled.jpg?ve=1&amp;tl=1 2x\" height=\"378\" width=\"672\"><source media=\"(min-width: 1024px) and (max-width: 1279px)\" srcset=\"https:\/\/a57.foxnews.com\/static.foxnews.com\/foxnews.com\/content\/uploads\/2025\/06\/931\/523\/army-protests-scaled.jpg?ve=1&amp;tl=1, https:\/\/a57.foxnews.com\/static.foxnews.com\/foxnews.com\/content\/uploads\/2025\/06\/1862\/1046\/army-protests-scaled.jpg?ve=1&amp;tl=1 2x\" height=\"523\" width=\"931\"><source media=\"(min-width: 1280px)\" srcset=\"https:\/\/a57.foxnews.com\/static.foxnews.com\/foxnews.com\/content\/uploads\/2025\/06\/720\/405\/army-protests-scaled.jpg?ve=1&amp;tl=1, https:\/\/a57.foxnews.com\/static.foxnews.com\/foxnews.com\/content\/uploads\/2025\/06\/1440\/810\/army-protests-scaled.jpg?ve=1&amp;tl=1 2x\" height=\"405\" width=\"720\"><img loading=\"lazy\" decoding=\"async\" src=\"https:\/\/a57.foxnews.com\/static.foxnews.com\/foxnews.com\/content\/uploads\/2025\/06\/1200\/675\/army-protests-scaled.jpg?ve=1&amp;tl=1\" alt=\"Protesta israel\u00ed\" width=\"1200\" height=\"675\"\/><\/source><\/source><\/source><\/source><\/picture><\/div>\n<div class=\"info\">\n<div class=\"caption\">\n<p><span>Docenas de manifestantes organizan una demostraci\u00f3n dentro del vecindario ultraortodoxo de Jerusal\u00e9n, pidiendo que la comunidad sea reclutada para las FDI.<\/span> <span>(Eyal Warshavsky\/SOPA Images\/Sipa USA\/Sir a trav\u00e9s de AP Emmess)<\/span><\/p>\n<\/div>\n<\/div>\n<\/div>\n<p><strong>Haga clic aqu\u00ed para obtener la aplicaci\u00f3n Fox News<\/strong><\/p>\n<p>El proyecto de ley, presentado por el partido de oposici\u00f3n, Yesh Atid, dirigido por el ex primer ministro Yair Lapid, est\u00e1 programado para votar el 11 de junio. Necesita 61 votos para aprobar, un n\u00famero que podr\u00eda alcanzarse si incluso unos pocos defectos de los miembros de la coalici\u00f3n.<\/p>\n<p>Mientras tanto, el ex primer ministro Naftali Bennett ha anunciado un regreso pol\u00edtico con un nuevo partido, llamado tentativamente \u00abBennett 2026\u00bb. Las encuestas de medios israel\u00edes sugieren que Bennett ganar\u00e1 de 24 a 28 esca\u00f1os si se celebraran elecciones hoy, superando a Likud de Netanyahu, que se proyecta que recibir\u00e1 solo 19 a 22 esca\u00f1os.<\/p>\n<p> <!----> <\/p>\n<div class=\"article-meta\">\n<div class=\"author-bio\">\n<p>Efrat Lachter es un reportero de investigaci\u00f3n y corresponsal de guerra. Su trabajo la ha llevado a 40 pa\u00edses, incluidos Ucrania, Rusia, Irak, Siria, Sud\u00e1n y Afganist\u00e1n. Recibi\u00f3 la Comunidad para el Periodismo 2024 Knight-Wallace para periodismo. Lachter se puede seguir en x @efratlachter.<\/p>\n<\/div>\n<\/div>\n<\/div>\n\n","protected":false},"excerpt":{"rendered":"<p>NUEVO\u00a1Ahora puedes escuchar art\u00edculos de Fox News! Israel se enfrenta a una crisis pol\u00edtica m\u00e1s profunda que pronto podr\u00eda derribar la coalici\u00f3n de derecha del primer ministro Benjamin Netanyahu, ya que uno de sus socios ultraortodoxos clave amenaza con abandonar al gobierno y respaldar una moci\u00f3n dirigida por la oposici\u00f3n para disolver el parlamento la &hellip;<\/p>\n","protected":false},"author":1,"featured_media":30372,"comment_status":"open","ping_status":"open","sticky":false,"template":"","format":"standard","meta":{"fifu_image_url":"https:\/\/static.foxnews.com\/foxnews.com\/content\/uploads\/2025\/03\/netanyahu-2.jpg","fifu_image_alt":"","footnotes":""},"categories":[13],"tags":[],"class_list":["post-30370","post","type-post","status-publish","format-standard","has-post-thumbnail","","category-mundo"],"_links":{"self":[{"href":"https:\/\/noticiasveraces.com\/index.php?rest_route=\/wp\/v2\/posts\/30370","targetHints":{"allow":["GET"]}}],"collection":[{"href":"https:\/\/noticiasveraces.com\/index.php?rest_route=\/wp\/v2\/posts"}],"about":[{"href":"https:\/\/noticiasveraces.com\/index.php?rest_route=\/wp\/v2\/types\/post"}],"author":[{"embeddable":true,"href":"https:\/\/noticiasveraces.com\/index.php?rest_route=\/wp\/v2\/users\/1"}],"replies":[{"embeddable":true,"href":"https:\/\/noticiasveraces.com\/index.php?rest_route=%2Fwp%2Fv2%2Fcomments&post=30370"}],"version-history":[{"count":0,"href":"https:\/\/noticiasveraces.com\/index.php?rest_route=\/wp\/v2\/posts\/30370\/revisions"}],"wp:featuredmedia":[{"embeddable":true,"href":"https:\/\/noticiasveraces.com\/index.php?rest_route=\/wp\/v2\/media\/30372"}],"wp:attachment":[{"href":"https:\/\/noticiasveraces.com\/index.php?rest_route=%2Fwp%2Fv2%2Fmedia&parent=30370"}],"wp:term":[{"taxonomy":"category","embeddable":true,"href":"https:\/\/noticiasveraces.com\/index.php?rest_route=%2Fwp%2Fv2%2Fcategories&post=30370"},{"taxonomy":"post_tag","embeddable":true,"href":"https:\/\/noticiasveraces.com\/index.php?rest_route=%2Fwp%2Fv2%2Ftags&post=30370"}],"curies":[{"name":"wp","href":"https:\/\/api.w.org\/{rel}","templated":true}]}}