{"id":30360,"date":"2025-06-05T12:11:13","date_gmt":"2025-06-05T16:11:13","guid":{"rendered":"https:\/\/noticiasveraces.com\/?p=30360"},"modified":"2025-06-05T12:11:13","modified_gmt":"2025-06-05T16:11:13","slug":"la-hermandad-musulmana-enfrenta-el-escrutinio-en-francia-ya-que-nosotros-considera-la-designacion-del-terror","status":"publish","type":"post","link":"https:\/\/noticiasveraces.com\/?p=30360","title":{"rendered":"La Hermandad Musulmana enfrenta el escrutinio en Francia, ya que nosotros considera la designaci\u00f3n del terror"},"content":{"rendered":"<p> \n<\/p>\n<div>\n<div id=\"beyondwords-wrapper\" class=\"beyondwords-wrapper\">\n<p><span class=\"label-bg\">NUEVO<\/span>\u00a1Ahora puedes escuchar art\u00edculos de Fox News!\n  <\/p>\n<\/div>\n<p class=\"speakable\">El presidente franc\u00e9s, Emmanuel Macron, ha pedido a sus ministros que produjeran medidas receptivas despu\u00e9s de que un informe \u00abcomisionado por el gobierno\u00bb determin\u00f3 que la Hermandad Musulmana representa un peligro para \u00abel tejido de la sociedad y las instituciones republicanas\u00bb en Francia.<\/p>\n<p class=\"speakable\">Aunque el gobierno franc\u00e9s declar\u00f3 que no publicar\u00eda su informe completo, Reuters dijo que \u00abacusa a la hermandad musulmana de librar una campa\u00f1a encubierta a trav\u00e9s de representantes locales para subvertir los valores e instituciones seculares de Francia\u00bb. Se dice que esa campa\u00f1a se centra en el gobierno local, las escuelas y las mezquitas como un medio para influir en el cambio en los niveles locales y nacionales, particularmente con respecto a temas de igualdad de g\u00e9nero y secularismo.<\/p>\n<p>La afirmaci\u00f3n del informe de que \u00abla realidad de esta amenaza, incluso si es a largo plazo y no implica una acci\u00f3n violenta, resalta el riesgo de da\u00f1o al tejido de la sociedad y las instituciones republicanas\u00bb.<\/p>\n<p><strong>Francia se aprieta a los extremistas musulmanes al detener el nombramiento de cl\u00e9rigos extranjeros<\/strong><\/p>\n<div class=\"image-ct inline\">\n<div class=\"m\"><picture><source media=\"(max-width: 767px)\" srcset=\"https:\/\/a57.foxnews.com\/static.foxnews.com\/foxnews.com\/content\/uploads\/2025\/06\/343\/192\/ap25146443963153-scaled.jpg?ve=1&amp;tl=1, https:\/\/a57.foxnews.com\/static.foxnews.com\/foxnews.com\/content\/uploads\/2025\/06\/686\/384\/ap25146443963153-scaled.jpg?ve=1&amp;tl=1 2x\" height=\"192\" width=\"343\"><source media=\"(min-width: 768px) and (max-width: 1023px)\" srcset=\"https:\/\/a57.foxnews.com\/static.foxnews.com\/foxnews.com\/content\/uploads\/2025\/06\/672\/378\/ap25146443963153-scaled.jpg?ve=1&amp;tl=1, https:\/\/a57.foxnews.com\/static.foxnews.com\/foxnews.com\/content\/uploads\/2025\/06\/1344\/756\/ap25146443963153-scaled.jpg?ve=1&amp;tl=1 2x\" height=\"378\" width=\"672\"><source media=\"(min-width: 1024px) and (max-width: 1279px)\" srcset=\"https:\/\/a57.foxnews.com\/static.foxnews.com\/foxnews.com\/content\/uploads\/2025\/06\/931\/523\/ap25146443963153-scaled.jpg?ve=1&amp;tl=1, https:\/\/a57.foxnews.com\/static.foxnews.com\/foxnews.com\/content\/uploads\/2025\/06\/1862\/1046\/ap25146443963153-scaled.jpg?ve=1&amp;tl=1 2x\" height=\"523\" width=\"931\"><source media=\"(min-width: 1280px)\" srcset=\"https:\/\/a57.foxnews.com\/static.foxnews.com\/foxnews.com\/content\/uploads\/2025\/06\/720\/405\/ap25146443963153-scaled.jpg?ve=1&amp;tl=1, https:\/\/a57.foxnews.com\/static.foxnews.com\/foxnews.com\/content\/uploads\/2025\/06\/1440\/810\/ap25146443963153-scaled.jpg?ve=1&amp;tl=1 2x\" height=\"405\" width=\"720\"><img loading=\"lazy\" decoding=\"async\" src=\"https:\/\/a57.foxnews.com\/static.foxnews.com\/foxnews.com\/content\/uploads\/2025\/06\/1200\/675\/ap25146443963153-scaled.jpg?ve=1&amp;tl=1\" alt=\"Ministro franc\u00e9s del interior Bruno Retailleau\" width=\"1200\" height=\"675\"\/><\/source><\/source><\/source><\/source><\/picture><\/div>\n<div class=\"info\">\n<div class=\"caption\">\n<p><span>El ministro del interior Bruno Retailleau habla sobre la lucha contra el islamismo en Francia el 26 de mayo de 2025.<\/span> <span>(Alexis Jumeau\/Abaca\/SIPA USA\/SIPA AP Mets)<\/span><\/p>\n<\/div>\n<\/div>\n<\/div>\n<p>Christopher Holton, analista senior y director de divulgaci\u00f3n estatal en el Centro de Pol\u00edtica de Seguridad de Fox News Digital que el informe del Servicio de Seguridad Interna Francesa \u00abfue una sorpresa\u00bb, dado que las agencias de inteligencia europeas \u00abhan negado la islamizaci\u00f3n de Europa\u00bb por \u00abun cuarto de siglo m\u00e1s o menos\u00bb. <\/p>\n<p>\u00abLa Hermandad Musulmana es una de las organizaciones m\u00e1s influyentes en todo el mundo isl\u00e1mico\u00bb, dijo Holton. \u00abEste informe reconoce que, y eso es algo que ning\u00fan informe oficial del gobierno en Occidente que conozco realmente ha reconocido.<\/p>\n<p>\u00abNo ocultan su filosof\u00eda. No ocultan sus planes. Son bastante transparentes\u00bb, dijo Holton sobre la Hermandad Musulmana, se\u00f1alando la parte final del lema del grupo, que seg\u00fan \u00e9l es \u00abMorir en el camino de Allah es nuestra mayor esperanza\u00bb. <\/p>\n<p>Sin embargo, hay menos transparencia sobre las afiliaciones de varios grupos con la Hermandad Musulmana. Sin embargo, el informe de inteligencia franc\u00e9s afirma que los musulmanes de Francia son la \u00abrama nacional\u00bb de la Hermandad Musulmana. Politico inform\u00f3 que el grupo calific\u00f3 las acusaciones \u00abinfundadas\u00bb.<\/p>\n<div class=\"image-ct inline\">\n<div class=\"m\"><picture><source media=\"(max-width: 767px)\" srcset=\"https:\/\/a57.foxnews.com\/static.foxnews.com\/foxnews.com\/content\/uploads\/2025\/06\/343\/192\/france-muslims-scaled.jpg?ve=1&amp;tl=1, https:\/\/a57.foxnews.com\/static.foxnews.com\/foxnews.com\/content\/uploads\/2025\/06\/686\/384\/france-muslims-scaled.jpg?ve=1&amp;tl=1 2x\" height=\"192\" width=\"343\"><source media=\"(min-width: 768px) and (max-width: 1023px)\" srcset=\"https:\/\/a57.foxnews.com\/static.foxnews.com\/foxnews.com\/content\/uploads\/2025\/06\/672\/378\/france-muslims-scaled.jpg?ve=1&amp;tl=1, https:\/\/a57.foxnews.com\/static.foxnews.com\/foxnews.com\/content\/uploads\/2025\/06\/1344\/756\/france-muslims-scaled.jpg?ve=1&amp;tl=1 2x\" height=\"378\" width=\"672\"><source media=\"(min-width: 1024px) and (max-width: 1279px)\" srcset=\"https:\/\/a57.foxnews.com\/static.foxnews.com\/foxnews.com\/content\/uploads\/2025\/06\/931\/523\/france-muslims-scaled.jpg?ve=1&amp;tl=1, https:\/\/a57.foxnews.com\/static.foxnews.com\/foxnews.com\/content\/uploads\/2025\/06\/1862\/1046\/france-muslims-scaled.jpg?ve=1&amp;tl=1 2x\" height=\"523\" width=\"931\"><source media=\"(min-width: 1280px)\" srcset=\"https:\/\/a57.foxnews.com\/static.foxnews.com\/foxnews.com\/content\/uploads\/2025\/06\/720\/405\/france-muslims-scaled.jpg?ve=1&amp;tl=1, https:\/\/a57.foxnews.com\/static.foxnews.com\/foxnews.com\/content\/uploads\/2025\/06\/1440\/810\/france-muslims-scaled.jpg?ve=1&amp;tl=1 2x\" height=\"405\" width=\"720\"><img loading=\"lazy\" decoding=\"async\" src=\"https:\/\/a57.foxnews.com\/static.foxnews.com\/foxnews.com\/content\/uploads\/2025\/06\/1200\/675\/france-muslims-scaled.jpg?ve=1&amp;tl=1\" alt=\"Algunos musulmanes franceses criticaron el informe sobre la Hermandad Musulmana. Una foto no relacionada muestra a los hombres musulmanes rezando en Marsella, Francia. \" width=\"1200\" height=\"675\"\/><\/source><\/source><\/source><\/source><\/picture><\/div>\n<div class=\"info\">\n<div class=\"caption\">\n<p><span>Algunos musulmanes franceses criticaron el informe sobre la Hermandad Musulmana. Una foto no relacionada muestra a los hombres musulmanes rezando en Marsella, Francia. <\/span> <!----><\/p>\n<\/div>\n<\/div>\n<\/div>\n<p>Alan Mendoza, director ejecutivo de la Sociedad Henry Jackson, dijo a Fox News Digital que \u00abla modelo de la Hermandad Musulmana es bastante similar en toda Europa\u00bb. Debido a su \u00abmezcla de asociaci\u00f3n abierta y conexiones clandestinas\u00bb, dice Mendoza, \u00abes dif\u00edcil saber el grado exacto de penetraci\u00f3n de la hermandad musulmana\u00bb. <\/p>\n<p><strong>Us pesa designando la hermandad musulmana un grupo terrorista<\/strong><\/p>\n<p>Mendoza dice que la Hermandad Musulmana de hoy \u00abes, por lo tanto, una amenaza particular para las comunidades musulmanas europeas, ya que busca radicalizar el pensamiento religioso y para los pa\u00edses europeos porque est\u00e1 interesado en una identidad separada para los musulmanes europeos dentro de los estados\u00bb. Mendoza dijo que esto es \u00abparte de la raz\u00f3n por la que estamos viendo una mayor sectianizaci\u00f3n dentro de las sociedades europeas\u00bb.<\/p>\n<p><strong>La l\u00ednea de tiempo expone los movimientos de Boulder Sospeche antes de que supuestamente llevar a cabo un ataque de bomba de fuego contra el grupo pro-Israel<\/strong><\/p>\n<p>La presencia de la Hermandad Musulmana en los EE. UU. Se est\u00e1 volviendo bajo un mayor escrutinio una vez m\u00e1s.<\/p>\n<p>A principios de esta semana, el senador Ted Cruz, republicano de Texas, anunci\u00f3 en X: \u00abEn los pr\u00f3ximos d\u00edas, circular\u00e9 y reintroducir\u00e9 una versi\u00f3n modernizada de la Ley de Designaci\u00f3n Terrorista de la Hermandad Musulmana, que he estado presionando durante toda mi carrera en el Senado\u00bb. Cruz dijo que \u00abla Hermandad Musulmana us\u00f3 la administraci\u00f3n Biden para consolidar y profundizar su influencia, pero la administraci\u00f3n Trump y el Congreso Republicano ya no pueden permitirse evitar la amenaza que representan para los estadounidenses y la seguridad nacional estadounidense\u00bb.<\/p>\n<p><strong>Haga clic aqu\u00ed para obtener la aplicaci\u00f3n Fox News<\/strong><\/p>\n<p>En abril, Jordan prohibi\u00f3 al grupo y al hacerlo se uni\u00f3 a varios otros pa\u00edses donde fue prohibido o restringido. Esos pa\u00edses, seg\u00fan un informe de Al Arabiya, incluyen Egipto, Emiratos \u00c1rabes Unidos, Rusia y Arabia Saudita.<\/p>\n<p><i>Reuters contribuy\u00f3 a este informe.<\/i><\/p>\n<p> <!----> <\/p>\n<div class=\"article-meta\">\n<div class=\"author-bio\">\n<p>Beth Bailey es una reportera que cubre Afganist\u00e1n, Oriente Medio, Asia y Am\u00e9rica Central. Anteriormente fue analista de inteligencia civil del Departamento del Ej\u00e9rcito. Puedes seguir a Beth en Twitter @bwbailey85<\/p>\n<\/div>\n<\/div>\n<\/div>\n\n","protected":false},"excerpt":{"rendered":"<p>NUEVO\u00a1Ahora puedes escuchar art\u00edculos de Fox News! El presidente franc\u00e9s, Emmanuel Macron, ha pedido a sus ministros que produjeran medidas receptivas despu\u00e9s de que un informe \u00abcomisionado por el gobierno\u00bb determin\u00f3 que la Hermandad Musulmana representa un peligro para \u00abel tejido de la sociedad y las instituciones republicanas\u00bb en Francia. Aunque el gobierno franc\u00e9s declar\u00f3 &hellip;<\/p>\n","protected":false},"author":1,"featured_media":30362,"comment_status":"open","ping_status":"open","sticky":false,"template":"","format":"standard","meta":{"fifu_image_url":"https:\/\/static.foxnews.com\/foxnews.com\/content\/uploads\/2024\/03\/French-President-Emmanuel-Macron.jpg","fifu_image_alt":"","footnotes":""},"categories":[13],"tags":[],"class_list":["post-30360","post","type-post","status-publish","format-standard","has-post-thumbnail","","category-mundo"],"_links":{"self":[{"href":"https:\/\/noticiasveraces.com\/index.php?rest_route=\/wp\/v2\/posts\/30360","targetHints":{"allow":["GET"]}}],"collection":[{"href":"https:\/\/noticiasveraces.com\/index.php?rest_route=\/wp\/v2\/posts"}],"about":[{"href":"https:\/\/noticiasveraces.com\/index.php?rest_route=\/wp\/v2\/types\/post"}],"author":[{"embeddable":true,"href":"https:\/\/noticiasveraces.com\/index.php?rest_route=\/wp\/v2\/users\/1"}],"replies":[{"embeddable":true,"href":"https:\/\/noticiasveraces.com\/index.php?rest_route=%2Fwp%2Fv2%2Fcomments&post=30360"}],"version-history":[{"count":0,"href":"https:\/\/noticiasveraces.com\/index.php?rest_route=\/wp\/v2\/posts\/30360\/revisions"}],"wp:featuredmedia":[{"embeddable":true,"href":"https:\/\/noticiasveraces.com\/index.php?rest_route=\/wp\/v2\/media\/30362"}],"wp:attachment":[{"href":"https:\/\/noticiasveraces.com\/index.php?rest_route=%2Fwp%2Fv2%2Fmedia&parent=30360"}],"wp:term":[{"taxonomy":"category","embeddable":true,"href":"https:\/\/noticiasveraces.com\/index.php?rest_route=%2Fwp%2Fv2%2Fcategories&post=30360"},{"taxonomy":"post_tag","embeddable":true,"href":"https:\/\/noticiasveraces.com\/index.php?rest_route=%2Fwp%2Fv2%2Ftags&post=30360"}],"curies":[{"name":"wp","href":"https:\/\/api.w.org\/{rel}","templated":true}]}}