{"id":30337,"date":"2025-06-05T09:06:27","date_gmt":"2025-06-05T13:06:27","guid":{"rendered":"https:\/\/noticiasveraces.com\/?p=30337"},"modified":"2025-06-05T09:06:27","modified_gmt":"2025-06-05T13:06:27","slug":"mercosur-gaza-y-ucrania-dw-05-06-2025","status":"publish","type":"post","link":"https:\/\/noticiasveraces.com\/?p=30337","title":{"rendered":"Mercosur, Gaza y Ucrania \u2013 DW \u2013 05\/06\/2025"},"content":{"rendered":"<p> \n<\/p>\n<div>\n<p>La visita de Lula da Silva a Francia se produce en plena oposici\u00f3n en Francia al acuerdo comercial con el Mercosur. Lula llam\u00f3 a su par franc\u00e9s, Emmanuel Macron, a \u00ababrir su coraz\u00f3n\u00bb para concluirlo: \u00abMi estimado Macron, abra un poco su coraz\u00f3n a la posibilidad de concluir este acuerdo con nuestro estimado Mercosur\u00bb, le pidi\u00f3 Lula, durante una rueda de prensa conjunta con su par franc\u00e9s en Par\u00eds.<\/p>\n<p>Para el dirigente sudamericano, este acuerdo es la \u00abmejor respuesta\u00bb de ambos bloques \u00abal incierto contexto creado por el retorno del unilateralismo y del proteccionismo arancelario\u00bb, dijo el mandatario brasile\u00f1o, que asumir\u00e1 pr\u00f3ximamente la presidencia del bloque Mercorsur.      <\/p>\n<h2>El papel de Brasil en el conflicto Ucrania-Rusia<\/h2>\n<p>Durante la conferencia de prensa conjunta, Macron aludi\u00f3 a la relaci\u00f3n de Lula con Rusia. Brasil\u00a0mantiene una actitud de neutralidad en la guerra y el presidente franc\u00e9s pidi\u00f3 que ambas partes en conflicto no sean tratadas al mismo nivel.<\/p>\n<p>\u00abHay un agresor, es Rusia. Hay un agredido, que es Ucrania. Todos queremos la paz, pero no puede tratarse a los dos beligerantes de forma equidistante\u00bb, dijo el mandatario franc\u00e9s, subrayando que Brasil tiene \u00abun papel muy importante que desempe\u00f1ar\u00bb en la b\u00fasqueda de una soluci\u00f3n al conflicto.<\/p>\n<h2>\u00abGenocidio premeditado\u00bb en Gaza<\/h2>\n<p>Por otro lado, el mandatario brasile\u00f1o acus\u00f3 a Israel de cometer un \u00abgenocidio premeditado\u00bb en la Franja de Gaza.<\/p>\n<p>\u00abLo que est\u00e1 sucediendo en Gaza no es una guerra, es un genocidio de un ej\u00e9rcito altamente preparado contra mujeres y ni\u00f1os\u00bb, dijo Lula, insistiendo en que la campa\u00f1a militar israel\u00ed en el enclave es \u00abun genocidio premeditado de un gobernante de extrema derecha\u00bb.<\/p>\n<p>MS (AFP\/Reuters\/DPA)<\/p>\n<\/p>\n<\/div>\n\n","protected":false},"excerpt":{"rendered":"<p>La visita de Lula da Silva a Francia se produce en plena oposici\u00f3n en Francia al acuerdo comercial con el Mercosur. Lula llam\u00f3 a su par franc\u00e9s, Emmanuel Macron, a \u00ababrir su coraz\u00f3n\u00bb para concluirlo: \u00abMi estimado Macron, abra un poco su coraz\u00f3n a la posibilidad de concluir este acuerdo con nuestro estimado Mercosur\u00bb, le &hellip;<\/p>\n","protected":false},"author":1,"featured_media":30338,"comment_status":"open","ping_status":"open","sticky":false,"template":"","format":"standard","meta":{"fifu_image_url":"https:\/\/static.dw.com\/image\/72802328_6.jpg","fifu_image_alt":"","footnotes":""},"categories":[13],"tags":[],"class_list":["post-30337","post","type-post","status-publish","format-standard","has-post-thumbnail","","category-mundo"],"_links":{"self":[{"href":"https:\/\/noticiasveraces.com\/index.php?rest_route=\/wp\/v2\/posts\/30337","targetHints":{"allow":["GET"]}}],"collection":[{"href":"https:\/\/noticiasveraces.com\/index.php?rest_route=\/wp\/v2\/posts"}],"about":[{"href":"https:\/\/noticiasveraces.com\/index.php?rest_route=\/wp\/v2\/types\/post"}],"author":[{"embeddable":true,"href":"https:\/\/noticiasveraces.com\/index.php?rest_route=\/wp\/v2\/users\/1"}],"replies":[{"embeddable":true,"href":"https:\/\/noticiasveraces.com\/index.php?rest_route=%2Fwp%2Fv2%2Fcomments&post=30337"}],"version-history":[{"count":0,"href":"https:\/\/noticiasveraces.com\/index.php?rest_route=\/wp\/v2\/posts\/30337\/revisions"}],"wp:featuredmedia":[{"embeddable":true,"href":"https:\/\/noticiasveraces.com\/index.php?rest_route=\/wp\/v2\/media\/30338"}],"wp:attachment":[{"href":"https:\/\/noticiasveraces.com\/index.php?rest_route=%2Fwp%2Fv2%2Fmedia&parent=30337"}],"wp:term":[{"taxonomy":"category","embeddable":true,"href":"https:\/\/noticiasveraces.com\/index.php?rest_route=%2Fwp%2Fv2%2Fcategories&post=30337"},{"taxonomy":"post_tag","embeddable":true,"href":"https:\/\/noticiasveraces.com\/index.php?rest_route=%2Fwp%2Fv2%2Ftags&post=30337"}],"curies":[{"name":"wp","href":"https:\/\/api.w.org\/{rel}","templated":true}]}}