{"id":30320,"date":"2025-06-05T06:06:50","date_gmt":"2025-06-05T10:06:50","guid":{"rendered":"https:\/\/noticiasveraces.com\/?p=30320"},"modified":"2025-06-05T06:06:50","modified_gmt":"2025-06-05T10:06:50","slug":"xan-lopez-activista-no-es-realista-esperar-a-la-abolicion-del-capitalismo-para-superar-la-crisis-climatica-clima-y-medio-ambiente","status":"publish","type":"post","link":"https:\/\/noticiasveraces.com\/?p=30320","title":{"rendered":"Xan L\u00f3pez, activista: \u201cNo es realista esperar a la abolici\u00f3n del capitalismo para superar la crisis clim\u00e1tica\u201d | Clima y Medio Ambiente"},"content":{"rendered":"<p> \n<\/p>\n<div data-dtm-region=\"articulo_cuerpo\">\n<p class=\"\">En <i>El fin de la paciencia<\/i>un ensayo sobre polic\u00eda clim\u00e1tica editado por Anagrama, Xan L\u00f3pez (Vigo, 43 a\u00f1os) afirma que vivimos \u201cun nudo temporal endiablado\u201d: por un lado, un bloqueo general provocado por lo que considera una crisis de los partidos de masas y, por otro, la cuenta atr\u00e1s para intentar evitar lo peor del calentamiento del planeta. \u201cLa mayor amenaza en uno de nuestros momentos de mayor debilidad pol\u00edtica\u201d, sintetiza. A\u00fan as\u00ed, este analista y activista clim\u00e1tico s\u00ed cree que hay esperanza. Para escapar del atolladero, L\u00f3pez se distancia de algunos planteamientos habituales de la izquierda y del ecologismo. En su lugar, defiende soltar lastres te\u00f3ricos y optar por \u201cun utopismo brutalmente pragm\u00e1tico\u201d. <\/p>\n<p class=\"\"><b>Pregunta. <\/b>\u00bfPor qu\u00e9 discrepa del enfoque de la izquierda que busca resolver la crisis clim\u00e1tica actuando sobre el capitalismo?<\/p>\n<p class=\"\"><b>Respuesta.<\/b> La pol\u00edtica de izquierda m\u00e1s dura suele tomar el cambio clim\u00e1tico como una cosa m\u00e1s que a\u00f1adir a la estanter\u00eda de problemas y conflictos que genera el capitalismo. No se suele percibir la novedad radical que supone esta crisis clim\u00e1tica para la pol\u00edtica y para la especie humana. Se considera que la \u00fanica soluci\u00f3n a todos los males que sufrimos es la abolici\u00f3n del capitalismo o la mayor abolici\u00f3n posible del modo de producci\u00f3n capitalista. Pero esto no se hace cargo, por ejemplo, de la urgencia temporal y de las transformaciones enormes que exige la crisis clim\u00e1tica. En cinco o seis a\u00f1os ya deber\u00edamos reducir a la mitad las emisiones mundiales de gases de efecto de invernadero y en 2050 se deber\u00eda alcanzar la neutralidad clim\u00e1tica. En estos plazos, no es realista esperar a la abolici\u00f3n del capitalismo para superar la crisis clim\u00e1tica. Creo que hay que intervenir en el capitalismo necesariamente tal y como existe, y empezar a hacer transformaciones gigantescas en el capitalismo como es ahora. <\/p>\n<p class=\"\"><b>PAG.<\/b> \u00bfPero el capitalismo no es inocuo?<\/p>\n<p class=\"\"><b>R.<\/b> Es problem\u00e1tica la idea de que el capitalismo, en abstracto, es responsable de la crisis clim\u00e1tica, pues las victorias de los partidos pol\u00edticos de masas han forzado a realizar concesiones y a mejorar la calidad de vida de miles de millones de personas a trav\u00e9s de los combustibles f\u00f3siles y la producci\u00f3n y el consumo de mercanc\u00edas de todo tipo. Para la izquierda ah\u00ed surge un problema que es que queremos abolir las causas de algo sin abolir sus consecuencias y en esa neurosis a veces nos bloqueamos a la hora de pensar c\u00f3mo intervenir en esta crisis clim\u00e1tica.<\/p>\n<p class=\"\"><b>PAG.<\/b> \u00bfPor qu\u00e9 cuestiona los estudios que afirman que solo 100 empresas son responsables del 71% de las emisiones causantes del cambio clim\u00e1tico?<\/p>\n<p class=\"\"><b>R.<\/b> Cuestiono la lectura que se hace de ellos, por la forma en que se calculan esas emisiones. Como aclara el estudio m\u00e1s conocido del Carbon Disclosure Project en su primera p\u00e1gina, la medici\u00f3n se realiza considerando distintos \u201calcances\u201d: el 1 son las emisiones generadas directamente por las empresas en el proceso de extracci\u00f3n y producci\u00f3n de los combustibles f\u00f3siles, pero el alcance 3, la gran mayor\u00eda, son las que emiten los coches y las industrias que usan esos combustibles f\u00f3siles. En realidad, lo que est\u00e1 diciendo este estudio es que hay un grupo muy peque\u00f1o de empresas que producen la inmensa mayor\u00eda del combustible f\u00f3sil en el planeta, pero que luego estos son utilizados en much\u00edsimos pa\u00edses de formas muy diversas por personas, por empresas y por organizaciones de todo tipo. Es un error pensar que con intervenir en esas cien empresas ya estar\u00eda resuelto el problema. De hecho, casi la mitad de estas compa\u00f1\u00edas son petroleras estatales, ya est\u00e1n nacionalizadas.<\/p>\n<p class=\"\"><b>PAG. <\/b>Considera que tampoco se puede descargar la culpa en los ricos porque esos tambi\u00e9n somos todos nosotros.<\/p>\n<p class=\"\"><b>R.<\/b> El 70% de las emisiones provienen del 20% de las personas m\u00e1s ricas del mundo, pero en los pa\u00edses occidentales esos somos pr\u00e1cticamente todos. Ese 20% son 1.600 millones de personas, lo que incluye a la inmensa mayor\u00eda de poblaci\u00f3n que vive en los pa\u00edses occidentales. Este es un problema pol\u00edtico muy complicado porque realmente tenemos que transformar nuestras propias sociedades y nuestra propia forma de vida.<\/p>\n<figure class=\"a_m a_m-h \"><span class=\"_db a_m_w _pr lb_btn\"><img alt=\"Xan L\u00f3pez, en el parque del Retiro, en Madrid.\" decoding=\"auto\" class=\"_re lazyload a_m-h\" height=\"277\" srcset=\"https:\/\/imagenes.elpais.com\/resizer\/v2\/EIB2725NYVCYHB2KDGT7L2TPHU.jpg?auth=902e7437e09410ad4a2d41dcc0937955ba2342667649fd22e1aa49d892137a6b&amp;width=414 414w,https:\/\/imagenes.elpais.com\/resizer\/v2\/EIB2725NYVCYHB2KDGT7L2TPHU.jpg?auth=902e7437e09410ad4a2d41dcc0937955ba2342667649fd22e1aa49d892137a6b&amp;width=828 640w,https:\/\/imagenes.elpais.com\/resizer\/v2\/EIB2725NYVCYHB2KDGT7L2TPHU.jpg?auth=902e7437e09410ad4a2d41dcc0937955ba2342667649fd22e1aa49d892137a6b&amp;width=980 1000w,https:\/\/imagenes.elpais.com\/resizer\/v2\/EIB2725NYVCYHB2KDGT7L2TPHU.jpg?auth=902e7437e09410ad4a2d41dcc0937955ba2342667649fd22e1aa49d892137a6b&amp;width=1960 1960w\" width=\"414\" sizes=\"auto, (min-width:1199px) 1155px,(min-width:1001px) calc(100vw - 44px),(min-width:768px) 767px, 100vw\" src=\"https:\/\/imagenes.elpais.com\/resizer\/v2\/EIB2725NYVCYHB2KDGT7L2TPHU.jpg?auth=902e7437e09410ad4a2d41dcc0937955ba2342667649fd22e1aa49d892137a6b&amp;width=414\" loading=\"lazy\"\/><svg aria-hidden=\"true\" class=\"icon_multimedia_ampliar | _pa a_m_i a_m_i-a _dn\" viewbox=\"0 0 40 40\"><use xlink:href=\"#svg-ampliar\"\/><\/svg><\/span><figcaption class=\"a_m_p\" aria-hidden=\"true\"><span>Xan L\u00f3pez, en el parque del Retiro, en Madrid.<\/span><span class=\"a_m_m\">SAMUEL S\u00c1NCHEZ<\/span><\/figcaption><\/figure>\n<p class=\"\"><b>PAG. <\/b>Tambi\u00e9n cuestiona el enfoque habitual del activismo clim\u00e1tico que busca convencer a las masas a trav\u00e9s de las alertas cient\u00edficas.<\/p>\n<p class=\"\"><b>R.<\/b> S\u00ed ha servido para que la crisis clim\u00e1tica sea percibida por todo el mundo como un problema real, pero a la hora de solucionarlo se queda corto, no es suficiente, creo que hace falta una fuerza pol\u00edtica muy organizada y muy ambiciosa. Es f\u00e1cil ponerse en esta posici\u00f3n de \u00e1rbitro de los defectos de los dem\u00e1s, en realidad, yo lo hago como autocr\u00edtica.<\/p>\n<p class=\"\"><b>PAG.<\/b> Para superar el momento de bloqueo, propone ser muy pragm\u00e1ticos, aunque esto suponga tener que experimentar. \u00bfPuede explicar esto?<\/p>\n<p class=\"\"><b>R. <\/b>Para conseguir resultados ahora mismo tenemos que asumir la posici\u00f3n de debilidad pol\u00edtica de la que partimos y abrirnos a la experimentaci\u00f3n pol\u00edtica, aprovechar las crisis que surjan para dar los pasos que sean posibles. Nunca van a ser todos los pasos que queramos, ni vamos a conseguir todas las transformaciones que queramos y habr\u00e1 que aliarse con personas o intereses que algunas veces van a generar fricciones. Pero debemos hacerlo porque es imperativo avanzar lo m\u00e1s r\u00e1pido posible en el menor tiempo y dando la mayor cantidad de pasos que se pueda.<\/p>\n<p class=\"\"><b>PAG.<\/b> \u00bfPuede poner un ejemplo?<\/p>\n<p class=\"\"><b>R. <\/b>Uno de los ejemplos centrales son las energ\u00edas renovables. En los \u00faltimos a\u00f1os, son las que est\u00e1n realmente empezando a reducir las emisiones, todav\u00eda no de forma global, pero s\u00ed a escala regional o nacional en muchos sitios. Debemos seguir apostando por ellas, evidentemente, con la mayor justicia social posible en su implantaci\u00f3n, no podemos sumarnos al retardismo de los que piden moratorias y cosas as\u00ed. <\/p>\n<p class=\"\"><b>PAG.<\/b> Pero esto supone obviar determinados impactos provocados por las renovables.<\/p>\n<p class=\"\"><b>R. <\/b>No es tanto obviarlos como ponerlos en perspectiva. Los efectos del cambio clim\u00e1tico van a ser infinitamente m\u00e1s devastadores que el impacto que puedan tener la implantaci\u00f3n de las energ\u00edas renovables, aunque sean macroproyectos. A veces este debate se desvirt\u00faa un poco, porque se toma de forma muy aislada y no hablamos de las sequ\u00edas cada vez mayores que vamos a sufrir, de la intensidad de las olas de calor, de la p\u00e9rdida de cosechas, de las enfermedades tropicales que van a venir\u2026 Al mismo tiempo, efectivamente, hay situaciones en las que no es aceptable la forma en la que se implantan estas energ\u00edas renovables. Los poderes p\u00fablicos tienen que hacer m\u00e1s por asegurarse de que se hace de forma correcta, respetando ciertos entornos naturales, con la colaboraci\u00f3n y consentimiento de las personas que viven all\u00ed y, sobre todo, asegur\u00e1ndose que parte de los beneficios revierten en esos lugares.<\/p>\n<p class=\"\"><b>PAG.<\/b> \u00bfSe considera un tecnooptimista? <\/p>\n<p class=\"\"><b>R.<\/b> A veces la cr\u00edtica al tecnooptimismo se confunde con pensar que la tecnolog\u00eda no tiene ning\u00fan beneficio. Para m\u00ed, las energ\u00edas renovables son un gran aliado en la lucha contra la crisis clim\u00e1tica. Hay que aprovechar este momento, pues que China haya hecho este despliegue de pol\u00edtica industrial renovable y que los pa\u00edses occidentales est\u00e9n razonablemente dispuestos a hacer la transici\u00f3n energ\u00e9tica es un resultado muy inesperado de una conjunci\u00f3n de crisis econ\u00f3micas y pol\u00edticas mundiales.<\/p>\n<figure class=\"a_m a_m-h \"><span class=\"_db a_m_w _pr lb_btn\"><img alt=\"Xan L\u00f3pez, en Madrid el 26 de mayo.\" decoding=\"auto\" class=\"_re lazyload a_m-h\" height=\"277\" srcset=\"https:\/\/imagenes.elpais.com\/resizer\/v2\/TBDW2KVOMZHIPLD2U5RD7DZRVY.jpg?auth=bdf8226e5d532a2d384bef73a535afa4e446d3503e2b6254928925a0e4629d99&amp;width=414 414w,https:\/\/imagenes.elpais.com\/resizer\/v2\/TBDW2KVOMZHIPLD2U5RD7DZRVY.jpg?auth=bdf8226e5d532a2d384bef73a535afa4e446d3503e2b6254928925a0e4629d99&amp;width=828 640w,https:\/\/imagenes.elpais.com\/resizer\/v2\/TBDW2KVOMZHIPLD2U5RD7DZRVY.jpg?auth=bdf8226e5d532a2d384bef73a535afa4e446d3503e2b6254928925a0e4629d99&amp;width=980 1000w,https:\/\/imagenes.elpais.com\/resizer\/v2\/TBDW2KVOMZHIPLD2U5RD7DZRVY.jpg?auth=bdf8226e5d532a2d384bef73a535afa4e446d3503e2b6254928925a0e4629d99&amp;width=1960 1960w\" width=\"414\" sizes=\"auto, (min-width:1199px) 1155px,(min-width:1001px) calc(100vw - 44px),(min-width:768px) 767px, 100vw\" src=\"https:\/\/imagenes.elpais.com\/resizer\/v2\/TBDW2KVOMZHIPLD2U5RD7DZRVY.jpg?auth=bdf8226e5d532a2d384bef73a535afa4e446d3503e2b6254928925a0e4629d99&amp;width=414\" loading=\"lazy\"\/><svg aria-hidden=\"true\" class=\"icon_multimedia_ampliar | _pa a_m_i a_m_i-a _dn\" viewbox=\"0 0 40 40\"><use xlink:href=\"#svg-ampliar\"\/><\/svg><\/span><figcaption class=\"a_m_p\" aria-hidden=\"true\"><span>Xan L\u00f3pez, en Madrid el 26 de mayo.<\/span><span class=\"a_m_m\">SAMUEL S\u00c1NCHEZ<\/span><\/figcaption><\/figure>\n<p class=\"\"><b>PAG. <\/b>\u00bfPor qu\u00e9 atribuye este momento de bloqueo a la crisis de los partidos de masas?<\/p>\n<p class=\"\"><b>R.<\/b> Siempre hace falta una cantidad de fuerza enorme para conseguir resultados progresistas a nivel hist\u00f3rico, porque siempre hay unas resistencias gigantescas, como estamos viendo tambi\u00e9n ahora. Los partidos de masas permit\u00edan que una cantidad enorme de personas trabajasen de forma m\u00e1s o menos coordinada y sistem\u00e1tica, y con gran motivaci\u00f3n y esfuerzo, por unos fines concretos. Creo que eso ya no existe.<\/p>\n<p class=\"\"><b>PAG.<\/b> Dice que la temporalidad geol\u00f3gica ocurra a velocidad hist\u00f3rica. <\/p>\n<p class=\"\"><b>R.<\/b> Esto es muy dif\u00edcil de interiorizar en el d\u00eda a d\u00eda, pero es as\u00ed. La inmensa mayor\u00eda de las personas que han existido, desde el primer <i>Homo sapiens<\/i>ha vivido en unas condiciones clim\u00e1ticas que ya no son las nuestras.<\/p>\n<p class=\"\"><b>PAG. <\/b>\u00bfC\u00f3mo puede ayudar la pol\u00edtica a salir de este atolladero si est\u00e1 en crisis?<\/p>\n<p class=\"\"><b>R. <\/b>En realidad, el libro tambi\u00e9n es una reivindicaci\u00f3n de la militancia pol\u00edtica. En un momento en que est\u00e1 muy denostada, en el que lo normal es relacionarse desde el cinismo y en el que existe un descreimiento general por pensar que los pol\u00edticos solo vienen a robar y enga\u00f1ar, de alguna forma el libro tambi\u00e9n es una carta de amor a la militancia pol\u00edtica y a la importancia de involucrarse en la mejora de la sociedad. <\/p>\n<\/div>\n\n","protected":false},"excerpt":{"rendered":"<p>En El fin de la pacienciaun ensayo sobre polic\u00eda clim\u00e1tica editado por Anagrama, Xan L\u00f3pez (Vigo, 43 a\u00f1os) afirma que vivimos \u201cun nudo temporal endiablado\u201d: por un lado, un bloqueo general provocado por lo que considera una crisis de los partidos de masas y, por otro, la cuenta atr\u00e1s para intentar evitar lo peor del &hellip;<\/p>\n","protected":false},"author":1,"featured_media":30321,"comment_status":"open","ping_status":"open","sticky":false,"template":"","format":"standard","meta":{"fifu_image_url":"https:\/\/imagenes.elpais.com\/resizer\/v2\/7RRTJF4OKVFXVGWAQPJO2PMB4Y.jpg?auth=971b2d4a5cae69c6617d3c5a1aeee77ff270c5f1fccceea9b2ccfb1e218c8392&width=1200","fifu_image_alt":"","footnotes":""},"categories":[11],"tags":[],"class_list":["post-30320","post","type-post","status-publish","format-standard","has-post-thumbnail","","category-viaje"],"_links":{"self":[{"href":"https:\/\/noticiasveraces.com\/index.php?rest_route=\/wp\/v2\/posts\/30320","targetHints":{"allow":["GET"]}}],"collection":[{"href":"https:\/\/noticiasveraces.com\/index.php?rest_route=\/wp\/v2\/posts"}],"about":[{"href":"https:\/\/noticiasveraces.com\/index.php?rest_route=\/wp\/v2\/types\/post"}],"author":[{"embeddable":true,"href":"https:\/\/noticiasveraces.com\/index.php?rest_route=\/wp\/v2\/users\/1"}],"replies":[{"embeddable":true,"href":"https:\/\/noticiasveraces.com\/index.php?rest_route=%2Fwp%2Fv2%2Fcomments&post=30320"}],"version-history":[{"count":0,"href":"https:\/\/noticiasveraces.com\/index.php?rest_route=\/wp\/v2\/posts\/30320\/revisions"}],"wp:featuredmedia":[{"embeddable":true,"href":"https:\/\/noticiasveraces.com\/index.php?rest_route=\/wp\/v2\/media\/30321"}],"wp:attachment":[{"href":"https:\/\/noticiasveraces.com\/index.php?rest_route=%2Fwp%2Fv2%2Fmedia&parent=30320"}],"wp:term":[{"taxonomy":"category","embeddable":true,"href":"https:\/\/noticiasveraces.com\/index.php?rest_route=%2Fwp%2Fv2%2Fcategories&post=30320"},{"taxonomy":"post_tag","embeddable":true,"href":"https:\/\/noticiasveraces.com\/index.php?rest_route=%2Fwp%2Fv2%2Ftags&post=30320"}],"curies":[{"name":"wp","href":"https:\/\/api.w.org\/{rel}","templated":true}]}}