{"id":30318,"date":"2025-06-05T06:03:22","date_gmt":"2025-06-05T10:03:22","guid":{"rendered":"https:\/\/noticiasveraces.com\/?p=30318"},"modified":"2025-06-05T06:03:22","modified_gmt":"2025-06-05T10:03:22","slug":"alemania-cree-que-necesitara-entre-50-y-60-mil-soldados-mas-dw-05-06-2025","status":"publish","type":"post","link":"https:\/\/noticiasveraces.com\/?p=30318","title":{"rendered":"Alemania cree que necesitar\u00e1 entre 50 y 60 mil soldados m\u00e1s \u2013 DW \u2013 05\/06\/2025"},"content":{"rendered":"<p> \n<\/p>\n<div>\n<p>A su llegada a un encuentro de la OTAN en Bruselas, el ministro alem\u00e1n de Defensa, Boris Pistorius, habl\u00f3 sobre la necesidad de incorporar miles de soldados a las Fuerzas Armadas de Alemania. <\/p>\n<p>\u00abEs s\u00f3lo una estimaci\u00f3n, para ser claros, pero asumimos que necesitaremos alrededor de 50.000 a 60.000 soldados m\u00e1s de los que tenemos hoy\u00bb, dijo Pistorius.<\/p>\n<p>Hace un a\u00f1o, el ministro de Defensa\u00a0present\u00f3 su modelo para una reforma del servicio militar, seg\u00fan el cual, habr\u00e1 un registro obligatorio,\u00a0una especie de censo, en el que los j\u00f3venes tendr\u00e1n que indicar su disposici\u00f3n y capacidad para realizar el servicio militar.<\/p>\n<h2>\u00abSegundo paquete m\u00e1s grande\u00bb<\/h2>\n<p>La OTAN quiere ampliar sus capacidades militares de disuasi\u00f3n y defensa ante la continua amenaza de Rusia. Pistorius dej\u00f3 claro que Alemania, debido a\u00a0su tama\u00f1o y poder\u00edo econ\u00f3mico, asumir\u00e1 una gran parte del rearme previsto. \u00abTradicionalmente asumimos, y esta vez no ser\u00e1 diferente, el segundo paquete m\u00e1s grande de capacidades dentro de la OTAN\u00bb, coment\u00f3 Pistorius al respecto.<\/p>\n<p>Por su parte, el ministro de Defensa estadounidense, Pete Hegseth, reiter\u00f3 en Bruselas, en una comparecencia con Mark Rutte, secretario general de la OTAN; la exigencia de Estados Unidos de aumentar gasto en defensa de todos los pa\u00edses de la OTAN hasta el cinco por ciento del producto interno bruto (PIB).<\/p>\n<p>MS (DPA\/AFP)<\/p>\n<\/p>\n<\/div>\n\n","protected":false},"excerpt":{"rendered":"<p>A su llegada a un encuentro de la OTAN en Bruselas, el ministro alem\u00e1n de Defensa, Boris Pistorius, habl\u00f3 sobre la necesidad de incorporar miles de soldados a las Fuerzas Armadas de Alemania. \u00abEs s\u00f3lo una estimaci\u00f3n, para ser claros, pero asumimos que necesitaremos alrededor de 50.000 a 60.000 soldados m\u00e1s de los que tenemos &hellip;<\/p>\n","protected":false},"author":1,"featured_media":30319,"comment_status":"open","ping_status":"open","sticky":false,"template":"","format":"standard","meta":{"fifu_image_url":"https:\/\/static.dw.com\/image\/72798236_6.jpg","fifu_image_alt":"","footnotes":""},"categories":[13],"tags":[],"class_list":["post-30318","post","type-post","status-publish","format-standard","has-post-thumbnail","","category-mundo"],"_links":{"self":[{"href":"https:\/\/noticiasveraces.com\/index.php?rest_route=\/wp\/v2\/posts\/30318","targetHints":{"allow":["GET"]}}],"collection":[{"href":"https:\/\/noticiasveraces.com\/index.php?rest_route=\/wp\/v2\/posts"}],"about":[{"href":"https:\/\/noticiasveraces.com\/index.php?rest_route=\/wp\/v2\/types\/post"}],"author":[{"embeddable":true,"href":"https:\/\/noticiasveraces.com\/index.php?rest_route=\/wp\/v2\/users\/1"}],"replies":[{"embeddable":true,"href":"https:\/\/noticiasveraces.com\/index.php?rest_route=%2Fwp%2Fv2%2Fcomments&post=30318"}],"version-history":[{"count":0,"href":"https:\/\/noticiasveraces.com\/index.php?rest_route=\/wp\/v2\/posts\/30318\/revisions"}],"wp:featuredmedia":[{"embeddable":true,"href":"https:\/\/noticiasveraces.com\/index.php?rest_route=\/wp\/v2\/media\/30319"}],"wp:attachment":[{"href":"https:\/\/noticiasveraces.com\/index.php?rest_route=%2Fwp%2Fv2%2Fmedia&parent=30318"}],"wp:term":[{"taxonomy":"category","embeddable":true,"href":"https:\/\/noticiasveraces.com\/index.php?rest_route=%2Fwp%2Fv2%2Fcategories&post=30318"},{"taxonomy":"post_tag","embeddable":true,"href":"https:\/\/noticiasveraces.com\/index.php?rest_route=%2Fwp%2Fv2%2Ftags&post=30318"}],"curies":[{"name":"wp","href":"https:\/\/api.w.org\/{rel}","templated":true}]}}