{"id":30288,"date":"2025-06-05T01:43:36","date_gmt":"2025-06-05T05:43:36","guid":{"rendered":"https:\/\/noticiasveraces.com\/?p=30288"},"modified":"2025-06-05T01:43:36","modified_gmt":"2025-06-05T05:43:36","slug":"nestor-lorenzo-habria-tenido-reunion-secreta-con-periodistas-y-hay-escandalo-curiosidades-de-futbol","status":"publish","type":"post","link":"https:\/\/noticiasveraces.com\/?p=30288","title":{"rendered":"N\u00e9stor Lorenzo habr\u00eda tenido reuni\u00f3n secreta con periodistas y hay esc\u00e1ndalo | Curiosidades de f\u00fatbol"},"content":{"rendered":"<p> \n<br \/><img decoding=\"async\" src=\"https:\/\/www.futbolred.com\/files\/article_graphic\/uploads\/2025\/03\/25\/67e37ff7e365b.jpeg\" \/><\/p>\n<div id=\"cuerpoArticulo\">\n<p class=\"texto intro\" id=\"p247845-m475-474-476\">La Selecci\u00f3n Colombia se prepara para enfrentar a Per\u00fa y Argentina en Eliminatorias al Mundial 2026, pero a horas de que inicie la fecha FIFA para el seleccionado cafetero, hay un esc\u00e1ndalo por una reuni\u00f3n previa del t\u00e9cnico N\u00e9stor Lorenzo con alg\u00fan sector de la prensa.<\/p>\n<p class=\"texto contenido-parrafo-articulo\" id=\"p247845-m493-2-494\">Lorenzo ha sabido lo que es la verdadera presi\u00f3n de la prensa ante los \u00faltimos resultados negativos del seleccionado en las Eliminatorias y de cara a estos partidos venideros en junio eso puede aumentar si no se consigue ganar, aunque hay convicci\u00f3n de que se logren los resultados para continuar aspirando al cupo mundialista.<\/p>\n<p>En busca de generar menos conflictos con la prensa, Lorenzo tuvo al parecer una reuni\u00f3n secreta con algunos periodistas, muchos de ellos de gran reconocimiento en los medios de comunicaci\u00f3n, con el fin de contar c\u00f3mo va su proceso dentro del seleccionado y tambi\u00e9n para aliviar las asperezas. <\/p>\n<p class=\"texto contenido-parrafo-articulo\" id=\"p247845-m544-4-545\">Esta reuni\u00f3n con algunos periodistas gener\u00f3 todo tipo de reacciones en otros colegas, que tuvieron conocimiento de ese encuentro secreto, siendo Carlos Antonio V\u00e9lez, Eduardo Luis y Jorge Berm\u00fadez los que m\u00e1s criticaron ese accionar de N\u00e9stor Lorenzo.<\/p>\n<p>\u00ab<b>Esto no lo mejoramos reuniendo tres o cuatro periodistas para buscar respaldo&#8230;Lo noto nerviosito a Lorenzo. Vamos a jugar contra Per\u00fa y no es necesario estarlo. Lo noto nerviosito con eso de las reuniones con periodistas y algo m\u00e1s\u00bb<\/b>dijo V\u00e9lez en una videocolumna que fue compilada por el canal de YouTube &#8216;\u00bfQue se Narra?&#8217;.<\/p>\n<p>En cuanto a Eduardo Luis, afirm\u00f3 que \u00ab<b>despu\u00e9s terminan haciendo reuniones con periodistas seleccionados para ir a decir su verdad\u00bb.<\/b><\/p>\n<p><a href=\"https:\/\/www.youtube.com\/watch?v=y_u4lzfdwjs\">https:\/\/www.youtube.com\/watch?v=y_u4lzfdwjs<\/a><\/p>\n<p class=\"texto contenido-parrafo-articulo\" id=\"p247845-m556-6-557\"><b>\u00bfCon qu\u00e9 fin habr\u00eda sido reuni\u00f3n de Lorenzo con periodistas?<\/b><\/p>\n<p>Muchos contradictores de N\u00e9stor Lorenzo han concordado que ese tipo de reuniones secretas result\u00f3 tener un fin de buscar respaldos con algunas figuras que se encuentran en medios altamente reconocidos y que tienen un poder de divulgaci\u00f3n fuerte, as\u00ed que la idea era convencerlos del plan con el que est\u00e1n trabajando, contando algunos detalles para que terminaran hablando bien del proceso que lleva el argentino.<\/p>\n<p>En el video que fue difundido por ese mismo canal de YouTube \u00bf&#8217;Que se narra?&#8217;, se escucha algunos comentarios positivos de periodistas como C\u00e9sar Augusto Londo\u00f1o o Luis Arturo Henao e incluso Tito Puccetti acept\u00f3 que tuvo un caf\u00e9 con el entrenador durante un live en su canal personal y all\u00ed solt\u00f3 noticias sobre la preparaci\u00f3n de James Rodr\u00edguez de cara a Eliminatorias, reconociendo que fue una de las cosas que dieron aval para poder contar.<\/p>\n<p>El caso es que varios periodistas tuvieron dicha reuni\u00f3n y all\u00ed seguro hubo intercambio de ideas, comentarios sobre c\u00f3mo est\u00e1 el proceso en el seleccionado, pero para otros colegas de gran nombre, este actuar del t\u00e9cnico N\u00e9stor Lorenzo no fue bien visto.<\/p>\n<\/p><\/div>\n\n","protected":false},"excerpt":{"rendered":"<p>La Selecci\u00f3n Colombia se prepara para enfrentar a Per\u00fa y Argentina en Eliminatorias al Mundial 2026, pero a horas de que inicie la fecha FIFA para el seleccionado cafetero, hay un esc\u00e1ndalo por una reuni\u00f3n previa del t\u00e9cnico N\u00e9stor Lorenzo con alg\u00fan sector de la prensa. Lorenzo ha sabido lo que es la verdadera presi\u00f3n &hellip;<\/p>\n","protected":false},"author":1,"featured_media":30290,"comment_status":"open","ping_status":"open","sticky":false,"template":"","format":"standard","meta":{"fifu_image_url":"https:\/\/www.futbolred.com\/files\/og_thumbnail\/uploads\/2025\/03\/25\/67e37ff7e365b.jpeg","fifu_image_alt":"","footnotes":""},"categories":[6],"tags":[],"class_list":["post-30288","post","type-post","status-publish","format-standard","has-post-thumbnail","","category-deportes"],"_links":{"self":[{"href":"https:\/\/noticiasveraces.com\/index.php?rest_route=\/wp\/v2\/posts\/30288","targetHints":{"allow":["GET"]}}],"collection":[{"href":"https:\/\/noticiasveraces.com\/index.php?rest_route=\/wp\/v2\/posts"}],"about":[{"href":"https:\/\/noticiasveraces.com\/index.php?rest_route=\/wp\/v2\/types\/post"}],"author":[{"embeddable":true,"href":"https:\/\/noticiasveraces.com\/index.php?rest_route=\/wp\/v2\/users\/1"}],"replies":[{"embeddable":true,"href":"https:\/\/noticiasveraces.com\/index.php?rest_route=%2Fwp%2Fv2%2Fcomments&post=30288"}],"version-history":[{"count":0,"href":"https:\/\/noticiasveraces.com\/index.php?rest_route=\/wp\/v2\/posts\/30288\/revisions"}],"wp:featuredmedia":[{"embeddable":true,"href":"https:\/\/noticiasveraces.com\/index.php?rest_route=\/wp\/v2\/media\/30290"}],"wp:attachment":[{"href":"https:\/\/noticiasveraces.com\/index.php?rest_route=%2Fwp%2Fv2%2Fmedia&parent=30288"}],"wp:term":[{"taxonomy":"category","embeddable":true,"href":"https:\/\/noticiasveraces.com\/index.php?rest_route=%2Fwp%2Fv2%2Fcategories&post=30288"},{"taxonomy":"post_tag","embeddable":true,"href":"https:\/\/noticiasveraces.com\/index.php?rest_route=%2Fwp%2Fv2%2Ftags&post=30288"}],"curies":[{"name":"wp","href":"https:\/\/api.w.org\/{rel}","templated":true}]}}