{"id":30279,"date":"2025-06-04T22:53:22","date_gmt":"2025-06-05T02:53:22","guid":{"rendered":"https:\/\/noticiasveraces.com\/?p=30279"},"modified":"2025-06-04T22:53:22","modified_gmt":"2025-06-05T02:53:22","slug":"portugal-fulmina-a-alemania-en-la-euroliga-de-naciones-dw-05-06-2025","status":"publish","type":"post","link":"https:\/\/noticiasveraces.com\/?p=30279","title":{"rendered":"Portugal fulmina a Alemania en la Euroliga de Naciones \u2013 DW \u2013 05\/06\/2025"},"content":{"rendered":"<p> \n<\/p>\n<div>\n<p>Portugal obtuvo su billete para la final de la Liga de Naciones europea al sorprender a la anfitriona Alemania (2-1), este mi\u00e9rcoles (04.06.2025) en M\u00fanich, y se medir\u00e1 el domingo por el trofeo a Espa\u00f1a o Francia, rivales el jueves.<\/p>\n<p>Despu\u00e9s de una primera mitad equilibrada, con ocasiones para ambos combinados, Alemania abri\u00f3 el marcador en el 48 gracias a Florian Wirtz, pero Portugal no tard\u00f3 en remontar, con un tiro con efecto de Francisco Concei\u00e7ao (63) y un gol decisivo de su astro incombustible Cristiano Ronaldo (68), que sigue siendo protagonista a sus 40 a\u00f1os.<\/p>\n<p>\u00abAlemania nunca ha tenido el control del partido. Es un partido y un resultado hist\u00f3rico. Espero que nuestros hinchas est\u00e9n orgullosos\u00bb, declar\u00f3 el seleccionador espa\u00f1ol de los portugueses, Roberto Mart\u00ednez.<\/p>\n<p>Julian Nagelsmann, seleccionador de Alemania, felicit\u00f3 a Portugal, por su victoria y consider\u00f3 que su triunfo fue \u00abmerecido\u201d, porque fueron \u00abmejor equipo\u201d.<\/p>\n<p>Portugal aspirar\u00e1 el domingo, de nuevo en el Allianz Arena de M\u00fanich, a un segundo t\u00edtulo en la &#8216;Nations League&#8217;, donde ya se coron\u00f3 en la primera edici\u00f3n, en 2019.<\/p>\n<p>Con su pase a la final, el torneo se asegura que el campe\u00f3n ser\u00e1 uno de los equipos que ya conquist\u00f3 el trofeo en las tres anteriores ediciones, ya que Francia lo hizo en 2021 y Espa\u00f1a en 2023.<\/p>\n<p>El ganador del domingo quedar\u00e1 por lo tanto en solitario al frente del palmar\u00e9s de esta todav\u00eda joven competici\u00f3n de la UEFA, de apenas siete a\u00f1os de vida.<\/p>\n<p><span data-slot-id=\"Article_InContent-1\" class=\"rich-text-ad\"\/><\/p>\n<h2>Cuatro d\u00e9cadas sin ganar en un estadio alem\u00e1n<\/h2>\n<p>Para llegar a la final, Portugal se deshizo de una Alemania a la que no ganaba desde hac\u00eda un cuarto de siglo y con la que hab\u00eda perdido en sus cinco \u00faltimos enfrentamientos.<\/p>\n<p>El \u00faltimo triunfo portugu\u00e9s sobre Alemania se remonta a la &#8216;era pre-Cristiano&#8217; de la Sele\u00e7ao, a la Eurocopa de 2000, cuando venci\u00f3 3-0 con un triplete de Sergio Concei\u00e7ao, padre curiosamente de Francisco Concei\u00e7ao, uno de los anotadores en esta ocasi\u00f3n.<\/p>\n<p>Para encontrar la anterior victoria de Portugal sobre Alemania como visitante hay que remontarse cuatro d\u00e9cadas, a 1985.<\/p>\n<p>Para Alemania, la desilusi\u00f3n es enorme al fallar de nuevo en un torneo en su territorio, un a\u00f1o despu\u00e9s de haber ca\u00eddo en cuartos de final de la Eurocopa.<\/p>\n<p>\u00abEs una derrota merecida\u00bb, sentenci\u00f3 Nagelsmann. \u00abNos ha faltado la solidez defensiva que hab\u00edamos tenido en anteriores partidos\u00bb, lament\u00f3.<\/p>\n<p>Desde los t\u00edtulos en el Mundial-2014 y la Confederaciones-2017, Alemania acumula resbalones y no consigue hacer honor a su ilustre palmar\u00e9s.<\/p>\n<p>JC (AFP, Efe)<\/p>\n<\/div>\n\n","protected":false},"excerpt":{"rendered":"<p>Portugal obtuvo su billete para la final de la Liga de Naciones europea al sorprender a la anfitriona Alemania (2-1), este mi\u00e9rcoles (04.06.2025) en M\u00fanich, y se medir\u00e1 el domingo por el trofeo a Espa\u00f1a o Francia, rivales el jueves. Despu\u00e9s de una primera mitad equilibrada, con ocasiones para ambos combinados, Alemania abri\u00f3 el marcador &hellip;<\/p>\n","protected":false},"author":1,"featured_media":30280,"comment_status":"open","ping_status":"open","sticky":false,"template":"","format":"standard","meta":{"fifu_image_url":"https:\/\/static.dw.com\/image\/72793017_6.jpg","fifu_image_alt":"","footnotes":""},"categories":[13],"tags":[],"class_list":["post-30279","post","type-post","status-publish","format-standard","has-post-thumbnail","","category-mundo"],"_links":{"self":[{"href":"https:\/\/noticiasveraces.com\/index.php?rest_route=\/wp\/v2\/posts\/30279","targetHints":{"allow":["GET"]}}],"collection":[{"href":"https:\/\/noticiasveraces.com\/index.php?rest_route=\/wp\/v2\/posts"}],"about":[{"href":"https:\/\/noticiasveraces.com\/index.php?rest_route=\/wp\/v2\/types\/post"}],"author":[{"embeddable":true,"href":"https:\/\/noticiasveraces.com\/index.php?rest_route=\/wp\/v2\/users\/1"}],"replies":[{"embeddable":true,"href":"https:\/\/noticiasveraces.com\/index.php?rest_route=%2Fwp%2Fv2%2Fcomments&post=30279"}],"version-history":[{"count":0,"href":"https:\/\/noticiasveraces.com\/index.php?rest_route=\/wp\/v2\/posts\/30279\/revisions"}],"wp:featuredmedia":[{"embeddable":true,"href":"https:\/\/noticiasveraces.com\/index.php?rest_route=\/wp\/v2\/media\/30280"}],"wp:attachment":[{"href":"https:\/\/noticiasveraces.com\/index.php?rest_route=%2Fwp%2Fv2%2Fmedia&parent=30279"}],"wp:term":[{"taxonomy":"category","embeddable":true,"href":"https:\/\/noticiasveraces.com\/index.php?rest_route=%2Fwp%2Fv2%2Fcategories&post=30279"},{"taxonomy":"post_tag","embeddable":true,"href":"https:\/\/noticiasveraces.com\/index.php?rest_route=%2Fwp%2Fv2%2Ftags&post=30279"}],"curies":[{"name":"wp","href":"https:\/\/api.w.org\/{rel}","templated":true}]}}