{"id":30222,"date":"2025-06-04T13:37:28","date_gmt":"2025-06-04T17:37:28","guid":{"rendered":"https:\/\/noticiasveraces.com\/?p=30222"},"modified":"2025-06-04T13:37:28","modified_gmt":"2025-06-04T17:37:28","slug":"dayro-moreno-deberia-jugar-en-seleccion-colombia-esto-dice-la-ia-curiosidades-de-futbol","status":"publish","type":"post","link":"https:\/\/noticiasveraces.com\/?p=30222","title":{"rendered":"\u00bfDayro Moreno deber\u00eda jugar en Selecci\u00f3n Colombia? Esto dice la IA | Curiosidades de f\u00fatbol"},"content":{"rendered":"<p> \n<\/p>\n<div id=\"cuerpoArticulo\">\n<p class=\"texto intro\" id=\"p247778-m596-595-597\">&#8211; Seg\u00fan la perspectiva de la inteligencia artificial, <b>Dayro Moreno debe ser convocado a la Selecci\u00f3n Colombia en la actualidad<\/b> y dio sus motivos.<\/p>\n<p>&#8211; Este es el precio de Dayro Moreno comparado con el de Radamel Falcao en la actualidad. \u00bfEs merecido?<\/p>\n<p class=\"texto contenido-parrafo-articulo\" id=\"p247778-m614-2-615\">Se acerca una nueva fecha FIFA y N\u00e9stor Lorenzo hizo oficial la lista de convocados a la Selecci\u00f3n Colombia para enfrentar a Per\u00fa y Argentina, y lo cierto es que <b>Dayro Moreno no est\u00e1 presente en la convocatoria<\/b>. De gran 2025, decidimos consultarle a la inteligencia artificial de ChatGPT si realmente el delantero de Once Caldas merece estar en la \u2018Tricolor\u2019 o si de lo contrario, respalda la decisi\u00f3n de Lorenzo. <b>Su respuesta fue contundente: Dayro Moreno debe estar en la selecci\u00f3n<\/b>.<\/p>\n<div class=\"fotografia caja-articulo\" id=\"p247778-m620-3-621\">\n<div class=\"imagen-cuerpo-bk\">\n<figure itemscope=\"\" itemtype=\"https:\/\/schema.org\/ImageObject\" itemprop=\"image\" id=\"m625-624-626\" class=\"foto-galeria-articulo imagen-articulo foto-texto-articulo-galeria\"><img decoding=\"async\" alt=\"Dayro Moreno\" src=\"data:image\/png;base64,iVBORw0KGgoAAAANSUhEUgAAAAEAAAABCAQAAAC1HAwCAAAAC0lEQVR42mP8\/x0AAvsB+DlKarAAAAAASUVORK5CYII=\" style=\" display: inline;\" data-original=\"\/files\/article_content\/files\/crop\/uploads\/2025\/06\/04\/6840552c019be.r_1749050889371.0-43-1024-811.jpeg\"\/><meta itemprop=\"width\" content=\"600\"\/><meta itemprop=\"height\" content=\"450\"\/> <meta itemprop=\"url\" content=\"https:\/\/www.futbolred.com\/files\/article_content\/files\/crop\/uploads\/2025\/06\/04\/6840552c019be.r_1749050889371.0-43-1024-811.jpeg\"\/><\/figure>\n<\/div>\n<div class=\"figcaption-cuerpo-bk credito-image-bk\"><figcaption class=\"foto-info\">\n<div class=\"titulo-foto-bk\">\n<p id=\"m632-1-633\" class=\"titulo pie-de-foto\">Seg\u00fan la IA, Dayro Moreno deber\u00eda estar en la Selecci\u00f3n.<\/p>\n<\/div>\n<p class=\"credito\">\n                            <span class=\"linea pre_credito\">Foto:<\/span><\/p>\n<p>                        <span id=\"m638-2-639\" class=\"autor\">X: @oncecaldas<\/span><\/p>\n<\/figcaption><\/div>\n<\/p><\/div>\n<p>                                                    <span class=\"articulo-subtitulo subtitulo2 espacio-contenido\" id=\"p247778-m646-4-647\">\u00bfPor qu\u00e9 Dayro Moreno debe estar en la Selecci\u00f3n Colombia, seg\u00fan la IA?<br \/><\/span><\/p>\n<div class=\"lista-no-ordenada-cuerpo-bk\" id=\"p247778-m652-5-653\">\n<ul class=\"lista-no-ordenada ul\">\n<li id=\"m657-656-658\" data-collection=\"p247778-m652-5-653\">\n<p>        <span id=\"m662-661-663\">Rendimiento excepcional en 2025: A sus 39 a\u00f1os, Dayro ha demostrado un nivel sobresaliente. En la actual temporada con Once Caldas, ha disputado 28 partidos, anotando 14 goles y brindando 2 asistencias, sumando un total de 2.230 minutos en cancha.<br \/><\/span><\/li>\n<li id=\"m669-1-670\" data-collection=\"p247778-m652-5-653\">\n<p>        <span id=\"m674-673-675\">R\u00e9cords hist\u00f3ricos: Recientemente, super\u00f3 a Radamel Falcao Garc\u00eda como m\u00e1ximo goleador colombiano con 361 goles.<br \/><\/span><\/li>\n<li id=\"m681-2-682\" data-collection=\"p247778-m652-5-653\">\n<p>        <span id=\"m686-685-687\">Experiencia y liderazgo: Su trayectoria y madurez podr\u00edan aportar equilibrio y gu\u00eda a un equipo que busca consolidarse en las eliminatorias.<br \/><\/span><\/li>\n<li id=\"m693-3-694\" data-collection=\"p247778-m652-5-653\">\n<p>        <span id=\"m698-697-699\">Necesidad en la delantera: La Selecci\u00f3n ha enfrentado dificultades en la definici\u00f3n. Incorporar a un goleador en forma podr\u00eda ser beneficioso.<br \/><\/span><\/li>\n<\/ul>\n<\/div>\n<p class=\"texto contenido-parrafo-articulo\" id=\"p247778-m751-7-752\">En definitiva, debido a su rendimiento actual, r\u00e9cords alcanzados y la necesidad de eficacia en la delantera, <b>Dayro Moreno deber\u00eda ser considerado para una convocatoria a la Selecci\u00f3n Colombia<\/b>seg\u00fan la inteligencia artificial. Sin embargo, el jugador de 39 a\u00f1os no fue tenido en cuenta por Lorenzo para esta fecha de Eliminatorias Sudamericanas.<\/p>\n<p>                                                    <span class=\"articulo-subtitulo subtitulo2 espacio-contenido\" id=\"p247778-m757-8-758\">\u00bfQu\u00e9 dijo N\u00e9stor Lorenzo sobre la ausencia de Dayro Moreno en Colombia?<br \/><\/span><\/p>\n<p class=\"texto contenido-parrafo-articulo\" id=\"p247778-m763-9-764\">En una entrevista con RCN, el DT de la Selecci\u00f3n Colombia fue consultado sobre la situaci\u00f3n de Dayro Moreno y dijo lo siguiente: \u201c<b>Dayro es un gran jugador<\/b>ha tenido una gran trayectoria, lo mismo Falcao, Rodallega, Te\u00f3filo Guti\u00e9rrez, Carlos Bacca. Son jugadores que nos gusta, pero tenemos que poner el contexto internacional de las Eliminatorias y <b>creo que hay jugadores que est\u00e1n en mejor condici\u00f3n<\/b>\u00ab.<\/p>\n<\/p><\/div>\n\n","protected":false},"excerpt":{"rendered":"<p>&#8211; Seg\u00fan la perspectiva de la inteligencia artificial, Dayro Moreno debe ser convocado a la Selecci\u00f3n Colombia en la actualidad y dio sus motivos. &#8211; Este es el precio de Dayro Moreno comparado con el de Radamel Falcao en la actualidad. \u00bfEs merecido? Se acerca una nueva fecha FIFA y N\u00e9stor Lorenzo hizo oficial la &hellip;<\/p>\n","protected":false},"author":1,"featured_media":30223,"comment_status":"open","ping_status":"open","sticky":false,"template":"","format":"standard","meta":{"fifu_image_url":"https:\/\/www.futbolred.com\/files\/og_thumbnail\/uploads\/2025\/06\/04\/6840655216984.jpeg","fifu_image_alt":"","footnotes":""},"categories":[6],"tags":[],"class_list":["post-30222","post","type-post","status-publish","format-standard","has-post-thumbnail","","category-deportes"],"_links":{"self":[{"href":"https:\/\/noticiasveraces.com\/index.php?rest_route=\/wp\/v2\/posts\/30222","targetHints":{"allow":["GET"]}}],"collection":[{"href":"https:\/\/noticiasveraces.com\/index.php?rest_route=\/wp\/v2\/posts"}],"about":[{"href":"https:\/\/noticiasveraces.com\/index.php?rest_route=\/wp\/v2\/types\/post"}],"author":[{"embeddable":true,"href":"https:\/\/noticiasveraces.com\/index.php?rest_route=\/wp\/v2\/users\/1"}],"replies":[{"embeddable":true,"href":"https:\/\/noticiasveraces.com\/index.php?rest_route=%2Fwp%2Fv2%2Fcomments&post=30222"}],"version-history":[{"count":0,"href":"https:\/\/noticiasveraces.com\/index.php?rest_route=\/wp\/v2\/posts\/30222\/revisions"}],"wp:featuredmedia":[{"embeddable":true,"href":"https:\/\/noticiasveraces.com\/index.php?rest_route=\/wp\/v2\/media\/30223"}],"wp:attachment":[{"href":"https:\/\/noticiasveraces.com\/index.php?rest_route=%2Fwp%2Fv2%2Fmedia&parent=30222"}],"wp:term":[{"taxonomy":"category","embeddable":true,"href":"https:\/\/noticiasveraces.com\/index.php?rest_route=%2Fwp%2Fv2%2Fcategories&post=30222"},{"taxonomy":"post_tag","embeddable":true,"href":"https:\/\/noticiasveraces.com\/index.php?rest_route=%2Fwp%2Fv2%2Ftags&post=30222"}],"curies":[{"name":"wp","href":"https:\/\/api.w.org\/{rel}","templated":true}]}}