{"id":30202,"date":"2025-06-04T11:27:06","date_gmt":"2025-06-04T15:27:06","guid":{"rendered":"https:\/\/noticiasveraces.com\/?p=30202"},"modified":"2025-06-04T11:27:06","modified_gmt":"2025-06-04T15:27:06","slug":"el-choque-de-estados-unidos-y-china-en-el-36-aniversario-de-la-masacre-de-tiananmen-square","status":"publish","type":"post","link":"https:\/\/noticiasveraces.com\/?p=30202","title":{"rendered":"El choque de Estados Unidos y China en el 36 aniversario de la masacre de Tiananmen Square"},"content":{"rendered":"<p> \n<\/p>\n<div>\n<div class=\"featured featured-video video-ct\" data-v-5f342d4c=\"\"><!----> <\/p>\n<div class=\"contain\" data-v-5f342d4c=\"\">  <!----> <\/p>\n<div class=\"info\" data-v-5f342d4c=\"\">\n<div class=\"caption\" data-v-5f342d4c=\"\">\n<h4 class=\"title\" data-v-5f342d4c=\"\">36 aniversario de la plaza Tiananmen <\/h4>\n<p data-v-5f342d4c=\"\">Advertencia de video gr\u00e1fico: el 4 de junio es el 36 aniversario de la represi\u00f3n de 1989 contra los manifestantes prodemocr\u00e1ticos en la Plaza Tiananmen de Beijing. (Video: Associated Press.)<\/p>\n<\/div>\n<\/div>\n<\/div>\n<\/div>\n<div id=\"beyondwords-wrapper\" class=\"beyondwords-wrapper\">\n<p><span class=\"label-bg\">NUEVO<\/span>\u00a1Ahora puedes escuchar art\u00edculos de Fox News!\n  <\/p>\n<\/div>\n<p class=\"speakable\">En el 36 aniversario del ataque mortal contra los manifestantes prodemocr\u00e1ticos en la Plaza Tiananmen de China el 4 de junio de 1989, Jabs intercambiados entre Washington y Beijing destaca la continua desconexi\u00f3n entre el Partido Comunista Chino (PCCh) y los valores democr\u00e1ticos occidentales. <\/p>\n<p class=\"speakable\">En un comunicado el martes por la noche, que fue la hora local del mi\u00e9rcoles por la ma\u00f1ana en China, el secretario de Estado Marco Rubio emiti\u00f3 un comunicado que dec\u00eda: \u00abEl mundo nunca olvidar\u00e1\u00bb las brutales acciones del PCCh, ya que \u00abintenta activamente censurar los hechos\u00bb.<\/p>\n<p>\u00abHoy conmemoramos la valent\u00eda del pueblo chino que fueron asesinados mientras intentaban ejercer sus libertades fundamentales\u00bb, dijo Rubio. \u00abSu coraje frente a cierto peligro nos recuerda que los principios de libertad, democracia y autogobierno no son solo principios estadounidenses. Son principios humanos que el PCCh no puede borrar\u00bb.<\/p>\n<p><strong>Trump dice que Xi es \u00abmuy duro\u00bb y \u00abextremadamente dif\u00edcil hacer un trato\u00bb<\/strong><\/p>\n<div class=\"image-ct inline\">\n<div class=\"m\"><picture><source media=\"(max-width: 767px)\" srcset=\"https:\/\/a57.foxnews.com\/static.foxnews.com\/foxnews.com\/content\/uploads\/2019\/06\/343\/192\/chinaprotest2.jpg?ve=1&amp;tl=1, https:\/\/a57.foxnews.com\/static.foxnews.com\/foxnews.com\/content\/uploads\/2019\/06\/686\/384\/chinaprotest2.jpg?ve=1&amp;tl=1 2x\" height=\"192\" width=\"343\"><source media=\"(min-width: 768px) and (max-width: 1023px)\" srcset=\"https:\/\/a57.foxnews.com\/static.foxnews.com\/foxnews.com\/content\/uploads\/2019\/06\/672\/378\/chinaprotest2.jpg?ve=1&amp;tl=1, https:\/\/a57.foxnews.com\/static.foxnews.com\/foxnews.com\/content\/uploads\/2019\/06\/1344\/756\/chinaprotest2.jpg?ve=1&amp;tl=1 2x\" height=\"378\" width=\"672\"><source media=\"(min-width: 1024px) and (max-width: 1279px)\" srcset=\"https:\/\/a57.foxnews.com\/static.foxnews.com\/foxnews.com\/content\/uploads\/2019\/06\/931\/523\/chinaprotest2.jpg?ve=1&amp;tl=1, https:\/\/a57.foxnews.com\/static.foxnews.com\/foxnews.com\/content\/uploads\/2019\/06\/1862\/1046\/chinaprotest2.jpg?ve=1&amp;tl=1 2x\" height=\"523\" width=\"931\"><source media=\"(min-width: 1280px)\" srcset=\"https:\/\/a57.foxnews.com\/static.foxnews.com\/foxnews.com\/content\/uploads\/2019\/06\/720\/405\/chinaprotest2.jpg?ve=1&amp;tl=1, https:\/\/a57.foxnews.com\/static.foxnews.com\/foxnews.com\/content\/uploads\/2019\/06\/1440\/810\/chinaprotest2.jpg?ve=1&amp;tl=1 2x\" height=\"405\" width=\"720\"><img loading=\"lazy\" decoding=\"async\" src=\"https:\/\/a57.foxnews.com\/static.foxnews.com\/foxnews.com\/content\/uploads\/2019\/06\/1200\/675\/chinaprotest2.jpg?ve=1&amp;tl=1\" alt=\"Tiananmen Square\" width=\"1200\" height=\"675\"\/><\/source><\/source><\/source><\/source><\/picture><\/div>\n<div class=\"info\">\n<div class=\"caption\">\n<p><span>Un manifestante estudiantil pone barricadas en el camino de un portador de personal blindado que se ard\u00eda que atraves\u00f3 las l\u00edneas de los estudiantes durante un ataque del ej\u00e9rcito contra manifestantes prodemocr\u00e1ticos en la Plaza Tiananmen de Beijing, 4 de junio de 1989.<\/span> <span>(AP Photo\/Jeff Widener)<\/span><\/p>\n<\/div>\n<\/div>\n<\/div>\n<p>Pero el Ministerio de Relaciones Exteriores chino aplaudi\u00f3 el mi\u00e9rcoles a Rubio y lo acus\u00f3 de \u00abdistorsionar maliciosamente[ing]\u00bbHechos hist\u00f3ricos. <\/p>\n<p>El portavoz chino, Lin Jian, dijo que Rubio hab\u00eda \u00abinterferido seriamente en los asuntos internos de China\u00bb, y dijo que Beijing hab\u00eda presentado una queja formal con los Estados Unidos.<\/p>\n<div class=\"image-ct inline\">\n<div class=\"m\"><picture><source media=\"(max-width: 767px)\" srcset=\"https:\/\/a57.foxnews.com\/static.foxnews.com\/foxnews.com\/content\/uploads\/2025\/06\/343\/192\/tianamen-square-tank-protester.jpg?ve=1&amp;tl=1, https:\/\/a57.foxnews.com\/static.foxnews.com\/foxnews.com\/content\/uploads\/2025\/06\/686\/384\/tianamen-square-tank-protester.jpg?ve=1&amp;tl=1 2x\" height=\"192\" width=\"343\"><source media=\"(min-width: 768px) and (max-width: 1023px)\" srcset=\"https:\/\/a57.foxnews.com\/static.foxnews.com\/foxnews.com\/content\/uploads\/2025\/06\/672\/378\/tianamen-square-tank-protester.jpg?ve=1&amp;tl=1, https:\/\/a57.foxnews.com\/static.foxnews.com\/foxnews.com\/content\/uploads\/2025\/06\/1344\/756\/tianamen-square-tank-protester.jpg?ve=1&amp;tl=1 2x\" height=\"378\" width=\"672\"><source media=\"(min-width: 1024px) and (max-width: 1279px)\" srcset=\"https:\/\/a57.foxnews.com\/static.foxnews.com\/foxnews.com\/content\/uploads\/2025\/06\/931\/523\/tianamen-square-tank-protester.jpg?ve=1&amp;tl=1, https:\/\/a57.foxnews.com\/static.foxnews.com\/foxnews.com\/content\/uploads\/2025\/06\/1862\/1046\/tianamen-square-tank-protester.jpg?ve=1&amp;tl=1 2x\" height=\"523\" width=\"931\"><source media=\"(min-width: 1280px)\" srcset=\"https:\/\/a57.foxnews.com\/static.foxnews.com\/foxnews.com\/content\/uploads\/2025\/06\/720\/405\/tianamen-square-tank-protester.jpg?ve=1&amp;tl=1, https:\/\/a57.foxnews.com\/static.foxnews.com\/foxnews.com\/content\/uploads\/2025\/06\/1440\/810\/tianamen-square-tank-protester.jpg?ve=1&amp;tl=1 2x\" height=\"405\" width=\"720\"><img loading=\"lazy\" decoding=\"async\" src=\"https:\/\/a57.foxnews.com\/static.foxnews.com\/foxnews.com\/content\/uploads\/2025\/06\/1200\/675\/tianamen-square-tank-protester.jpg?ve=1&amp;tl=1\" alt=\"&quot;Hombre tanque&quot; foto\" width=\"1200\" height=\"675\"\/><\/source><\/source><\/source><\/source><\/picture><\/div>\n<div class=\"info\">\n<div class=\"caption\">\n<p><span>Un demostrador de Beijing bloquea el camino de un convoy de tanque a lo largo de la avenida de la paz eterna cerca de la Plaza Tiananmen en junio de 1989.<\/span> <span>(Fotos de archivo\/Getty Images)<\/span><\/p>\n<\/div>\n<\/div>\n<\/div>\n<p>El 36 aniversario marca el d\u00eda en que las autoridades chinas desplegaron el Ej\u00e9rcito de Liberaci\u00f3n Popular para detener una manifestaci\u00f3n dirigida por estudiantes de una semana que requer\u00eda mayores libertades pol\u00edticas.<\/p>\n<div class=\"image-ct inline\">\n<div class=\"m\"><picture><source media=\"(max-width: 767px)\" srcset=\"https:\/\/a57.foxnews.com\/static.foxnews.com\/foxnews.com\/content\/uploads\/2022\/06\/343\/192\/Tiananmen-memorial-ground-cloth-3.jpg?ve=1&amp;tl=1, https:\/\/a57.foxnews.com\/static.foxnews.com\/foxnews.com\/content\/uploads\/2022\/06\/686\/384\/Tiananmen-memorial-ground-cloth-3.jpg?ve=1&amp;tl=1 2x\" height=\"192\" width=\"343\"><source media=\"(min-width: 768px) and (max-width: 1023px)\" srcset=\"https:\/\/a57.foxnews.com\/static.foxnews.com\/foxnews.com\/content\/uploads\/2022\/06\/672\/378\/Tiananmen-memorial-ground-cloth-3.jpg?ve=1&amp;tl=1, https:\/\/a57.foxnews.com\/static.foxnews.com\/foxnews.com\/content\/uploads\/2022\/06\/1344\/756\/Tiananmen-memorial-ground-cloth-3.jpg?ve=1&amp;tl=1 2x\" height=\"378\" width=\"672\"><source media=\"(min-width: 1024px) and (max-width: 1279px)\" srcset=\"https:\/\/a57.foxnews.com\/static.foxnews.com\/foxnews.com\/content\/uploads\/2022\/06\/931\/523\/Tiananmen-memorial-ground-cloth-3.jpg?ve=1&amp;tl=1, https:\/\/a57.foxnews.com\/static.foxnews.com\/foxnews.com\/content\/uploads\/2022\/06\/1862\/1046\/Tiananmen-memorial-ground-cloth-3.jpg?ve=1&amp;tl=1 2x\" height=\"523\" width=\"931\"><source media=\"(min-width: 1280px)\" srcset=\"https:\/\/a57.foxnews.com\/static.foxnews.com\/foxnews.com\/content\/uploads\/2022\/06\/720\/405\/Tiananmen-memorial-ground-cloth-3.jpg?ve=1&amp;tl=1, https:\/\/a57.foxnews.com\/static.foxnews.com\/foxnews.com\/content\/uploads\/2022\/06\/1440\/810\/Tiananmen-memorial-ground-cloth-3.jpg?ve=1&amp;tl=1 2x\" height=\"405\" width=\"720\"><img loading=\"lazy\" decoding=\"async\" src=\"https:\/\/a57.foxnews.com\/static.foxnews.com\/foxnews.com\/content\/uploads\/2022\/06\/1200\/675\/Tiananmen-memorial-ground-cloth-3.jpg?ve=1&amp;tl=1\" alt=\"Bandera Memorial de Tiananmen Square\" width=\"1200\" height=\"675\"\/><\/source><\/source><\/source><\/source><\/picture><\/div>\n<div class=\"info\">\n<div class=\"caption\">\n<p><span>Las luces salpican un banner que conmemora el aniversario de la masacre de la Plaza Tiananmen, utilizando el n\u00famero 8964, que indica la fecha del incidente como un medio para pasar por alto la censura china.<\/span> <span>(Michael Saul Garber)<\/span><\/p>\n<\/div>\n<\/div>\n<\/div>\n<p><strong>China acusa a Hegseth de defender la &#8216;mentalidad de la Guerra Fr\u00eda&#8217; por etiquetar el pa\u00eds como una amenaza: &#8216;vilipendiado&#8217;<\/strong><\/p>\n<p>Los tanques abrieron fuego contra multitudes desarmadas de manifestantes prodemocr\u00e1ticos.<\/p>\n<p>El alcance de la masacre sigue siendo desconocido, aunque se cre\u00eda que cientos de personas fueron asesinados, con algunas estimaciones que alcanzan hasta 1,000 muertes civiles.<\/p>\n<p>Desde entonces, el PCCh ha tratado de encubrir la represi\u00f3n al negarse a reconocer p\u00fablicamente la tragedia, fregar las referencias en l\u00ednea y ampliar la cobertura de los medios del evento.<\/p>\n<div class=\"image-ct inline\">\n<div class=\"m\"><picture><source media=\"(max-width: 767px)\" srcset=\"https:\/\/a57.foxnews.com\/static.foxnews.com\/foxnews.com\/content\/uploads\/2025\/06\/343\/192\/tian.png?ve=1&amp;tl=1, https:\/\/a57.foxnews.com\/static.foxnews.com\/foxnews.com\/content\/uploads\/2025\/06\/686\/384\/tian.png?ve=1&amp;tl=1 2x\" height=\"192\" width=\"343\"><source media=\"(min-width: 768px) and (max-width: 1023px)\" srcset=\"https:\/\/a57.foxnews.com\/static.foxnews.com\/foxnews.com\/content\/uploads\/2025\/06\/672\/378\/tian.png?ve=1&amp;tl=1, https:\/\/a57.foxnews.com\/static.foxnews.com\/foxnews.com\/content\/uploads\/2025\/06\/1344\/756\/tian.png?ve=1&amp;tl=1 2x\" height=\"378\" width=\"672\"><source media=\"(min-width: 1024px) and (max-width: 1279px)\" srcset=\"https:\/\/a57.foxnews.com\/static.foxnews.com\/foxnews.com\/content\/uploads\/2025\/06\/931\/523\/tian.png?ve=1&amp;tl=1, https:\/\/a57.foxnews.com\/static.foxnews.com\/foxnews.com\/content\/uploads\/2025\/06\/1862\/1046\/tian.png?ve=1&amp;tl=1 2x\" height=\"523\" width=\"931\"><source media=\"(min-width: 1280px)\" srcset=\"https:\/\/a57.foxnews.com\/static.foxnews.com\/foxnews.com\/content\/uploads\/2025\/06\/720\/405\/tian.png?ve=1&amp;tl=1, https:\/\/a57.foxnews.com\/static.foxnews.com\/foxnews.com\/content\/uploads\/2025\/06\/1440\/810\/tian.png?ve=1&amp;tl=1 2x\" height=\"405\" width=\"720\"><img loading=\"lazy\" decoding=\"async\" src=\"https:\/\/a57.foxnews.com\/static.foxnews.com\/foxnews.com\/content\/uploads\/2025\/06\/1200\/675\/tian.png?ve=1&amp;tl=1\" alt=\"Tiananmen Square\" width=\"1200\" height=\"675\"\/><\/source><\/source><\/source><\/source><\/picture><\/div>\n<div class=\"info\">\n<div class=\"caption\">\n<p><span>Los oficiales de polic\u00eda se encuentran en la cerca frente a la Plaza Tiananmen, el sitio de una masacre hace 36 a\u00f1os, el 4 de junio de 2025, en Beijing.<\/span> <span>(Johannes Neudecker\/Picture Alliance a trav\u00e9s de Getty Images)<\/span><\/p>\n<\/div>\n<\/div>\n<\/div>\n<p><strong>Haga clic aqu\u00ed para obtener la aplicaci\u00f3n Fox News<\/strong><\/p>\n<p>El liderazgo comunista ha reconocido el aniversario al aumentar rutinariamente la seguridad en la plaza, as\u00ed como la entrada al cementerio de Wan&#8217;an, donde algunas de las v\u00edctimas del ataque fueron enterradas, inform\u00f3 AFP.<\/p>\n<p>Las im\u00e1genes de las fuerzas de seguridad que bordeaban la plaza Tiananmen nuevamente aparecieron el mi\u00e9rcoles, aunque la plaza estaba relativamente vac\u00eda. <\/p>\n<p> <!----> <\/p>\n<div class=\"article-meta\">\n<div class=\"author-bio\">\n<p>Caitlin McFall es reportero de Fox News Digital Cubting Politics, US y World News.<\/p>\n<\/div>\n<\/div>\n<\/div>\n\n","protected":false},"excerpt":{"rendered":"<p>36 aniversario de la plaza Tiananmen Advertencia de video gr\u00e1fico: el 4 de junio es el 36 aniversario de la represi\u00f3n de 1989 contra los manifestantes prodemocr\u00e1ticos en la Plaza Tiananmen de Beijing. (Video: Associated Press.) NUEVO\u00a1Ahora puedes escuchar art\u00edculos de Fox News! En el 36 aniversario del ataque mortal contra los manifestantes prodemocr\u00e1ticos en &hellip;<\/p>\n","protected":false},"author":1,"featured_media":30204,"comment_status":"open","ping_status":"open","sticky":false,"template":"","format":"standard","meta":{"fifu_image_url":"https:\/\/static.foxnews.com\/foxnews.com\/content\/uploads\/2025\/06\/rubio-tank-man-2.jpg","fifu_image_alt":"","footnotes":""},"categories":[13],"tags":[],"class_list":["post-30202","post","type-post","status-publish","format-standard","has-post-thumbnail","","category-mundo"],"_links":{"self":[{"href":"https:\/\/noticiasveraces.com\/index.php?rest_route=\/wp\/v2\/posts\/30202","targetHints":{"allow":["GET"]}}],"collection":[{"href":"https:\/\/noticiasveraces.com\/index.php?rest_route=\/wp\/v2\/posts"}],"about":[{"href":"https:\/\/noticiasveraces.com\/index.php?rest_route=\/wp\/v2\/types\/post"}],"author":[{"embeddable":true,"href":"https:\/\/noticiasveraces.com\/index.php?rest_route=\/wp\/v2\/users\/1"}],"replies":[{"embeddable":true,"href":"https:\/\/noticiasveraces.com\/index.php?rest_route=%2Fwp%2Fv2%2Fcomments&post=30202"}],"version-history":[{"count":0,"href":"https:\/\/noticiasveraces.com\/index.php?rest_route=\/wp\/v2\/posts\/30202\/revisions"}],"wp:featuredmedia":[{"embeddable":true,"href":"https:\/\/noticiasveraces.com\/index.php?rest_route=\/wp\/v2\/media\/30204"}],"wp:attachment":[{"href":"https:\/\/noticiasveraces.com\/index.php?rest_route=%2Fwp%2Fv2%2Fmedia&parent=30202"}],"wp:term":[{"taxonomy":"category","embeddable":true,"href":"https:\/\/noticiasveraces.com\/index.php?rest_route=%2Fwp%2Fv2%2Fcategories&post=30202"},{"taxonomy":"post_tag","embeddable":true,"href":"https:\/\/noticiasveraces.com\/index.php?rest_route=%2Fwp%2Fv2%2Ftags&post=30202"}],"curies":[{"name":"wp","href":"https:\/\/api.w.org\/{rel}","templated":true}]}}