{"id":30176,"date":"2025-06-04T07:19:26","date_gmt":"2025-06-04T11:19:26","guid":{"rendered":"https:\/\/noticiasveraces.com\/?p=30176"},"modified":"2025-06-04T07:19:26","modified_gmt":"2025-06-04T11:19:26","slug":"merz-viaja-a-ee-uu-para-acercar-posiciones-con-trump-dw-04-06-2025","status":"publish","type":"post","link":"https:\/\/noticiasveraces.com\/?p=30176","title":{"rendered":"Merz viaja a EE.UU. para acercar posiciones con Trump \u2013 DW \u2013 04\/06\/2025"},"content":{"rendered":"<p> \n<\/p>\n<div>\n<p>Ha pasado justo un mes desde que el canciller alem\u00e1n,Friedrich Merz, y el presidente estadounidense, Donald Trump, hablaran por tel\u00e9fono, despu\u00e9s de que el alem\u00e1n fuera elegido jefe de Gobierno.<\/p>\n<p>En el curso de aquella llamada, ambos mandatarios ya abordaron las disputas comerciales, tema que perjudica especialmente a Alemania.<\/p>\n<p>En Alemania, pa\u00eds cuyo sector industrial representa una quinta parte del PIB, preocupan los aranceles, que pasan del 25 al 50 por ciento para el acero y el aluminio. La industria qu\u00edmica, otro de los sectores poderosos de la econom\u00eda germana, tambi\u00e9n mira con preocupaci\u00f3n la guerra comercial de Trump.<\/p>\n<h2>Ucrania en el foco<\/h2>\n<p>Adem\u00e1s, la visita del canciller alem\u00e1n tendr\u00e1 el foco puesto en la guerra\u00a0rusa contra Ucrania.<\/p>\n<p>Merz y Trump ya abordaron el conflicto por tel\u00e9fono en cuatro ocasiones en mayo, durante las llamadas que mantuvieron con el presidente estadounidense varios jefes de Estado y de Gobierno en Kiev, Tirana y desde diferentes capitales.<\/p>\n<p>MS (EFE\/DPA)<\/p>\n<\/p>\n<\/p>\n<\/div>\n\n","protected":false},"excerpt":{"rendered":"<p>Ha pasado justo un mes desde que el canciller alem\u00e1n,Friedrich Merz, y el presidente estadounidense, Donald Trump, hablaran por tel\u00e9fono, despu\u00e9s de que el alem\u00e1n fuera elegido jefe de Gobierno. En el curso de aquella llamada, ambos mandatarios ya abordaron las disputas comerciales, tema que perjudica especialmente a Alemania. En Alemania, pa\u00eds cuyo sector industrial &hellip;<\/p>\n","protected":false},"author":1,"featured_media":30177,"comment_status":"open","ping_status":"open","sticky":false,"template":"","format":"standard","meta":{"fifu_image_url":"https:\/\/static.dw.com\/image\/72783892_6.jpg","fifu_image_alt":"","footnotes":""},"categories":[13],"tags":[],"class_list":["post-30176","post","type-post","status-publish","format-standard","has-post-thumbnail","","category-mundo"],"_links":{"self":[{"href":"https:\/\/noticiasveraces.com\/index.php?rest_route=\/wp\/v2\/posts\/30176","targetHints":{"allow":["GET"]}}],"collection":[{"href":"https:\/\/noticiasveraces.com\/index.php?rest_route=\/wp\/v2\/posts"}],"about":[{"href":"https:\/\/noticiasveraces.com\/index.php?rest_route=\/wp\/v2\/types\/post"}],"author":[{"embeddable":true,"href":"https:\/\/noticiasveraces.com\/index.php?rest_route=\/wp\/v2\/users\/1"}],"replies":[{"embeddable":true,"href":"https:\/\/noticiasveraces.com\/index.php?rest_route=%2Fwp%2Fv2%2Fcomments&post=30176"}],"version-history":[{"count":0,"href":"https:\/\/noticiasveraces.com\/index.php?rest_route=\/wp\/v2\/posts\/30176\/revisions"}],"wp:featuredmedia":[{"embeddable":true,"href":"https:\/\/noticiasveraces.com\/index.php?rest_route=\/wp\/v2\/media\/30177"}],"wp:attachment":[{"href":"https:\/\/noticiasveraces.com\/index.php?rest_route=%2Fwp%2Fv2%2Fmedia&parent=30176"}],"wp:term":[{"taxonomy":"category","embeddable":true,"href":"https:\/\/noticiasveraces.com\/index.php?rest_route=%2Fwp%2Fv2%2Fcategories&post=30176"},{"taxonomy":"post_tag","embeddable":true,"href":"https:\/\/noticiasveraces.com\/index.php?rest_route=%2Fwp%2Fv2%2Ftags&post=30176"}],"curies":[{"name":"wp","href":"https:\/\/api.w.org\/{rel}","templated":true}]}}