{"id":30153,"date":"2025-06-04T03:16:37","date_gmt":"2025-06-04T07:16:37","guid":{"rendered":"https:\/\/noticiasveraces.com\/?p=30153"},"modified":"2025-06-04T03:16:37","modified_gmt":"2025-06-04T07:16:37","slug":"japon-vuelve-a-batir-record-de-baja-natalidad-en-2024-dw-04-06-2025","status":"publish","type":"post","link":"https:\/\/noticiasveraces.com\/?p=30153","title":{"rendered":"Jap\u00f3n vuelve a batir r\u00e9cord de baja natalidad en 2024 \u2013 DW \u2013 04\/06\/2025"},"content":{"rendered":"<p> \n<\/p>\n<div>\n<p>El n\u00famero de nacimientos en Jap\u00f3n cay\u00f3 por primera vez por debajo de los 700.000 en 2024. El pa\u00eds, que debe gestionar\u00a0el envejecimiento de su poblaci\u00f3n, registr\u00f3 686.061 nacimientos el a\u00f1o pasado, lo que supone 41.227 menos que en 2023. Esta es la cifra m\u00e1s baja desde que comenzaron los registros, en 1899.<\/p>\n<h2>Tasa de fertilidad en m\u00ednimos<\/h2>\n<p>Seg\u00fan el Banco Mundial, Jap\u00f3n, un pa\u00eds con 123 millones de habitantes, tiene la segunda poblaci\u00f3n m\u00e1s envejecida del mundo despu\u00e9s de M\u00f3naco. El primer ministro, Shigeru Ishiba, ha calificado la baja natalidad como una \u00abemergencia silenciosa\u00bb y ha prometido\u00a0medidas como horarios m\u00e1s flexibles para intentar revertir esta tendencia.<\/p>\n<p>Los datos del Ministerio de Salud, publicados el mi\u00e9rcoles (4.6.2025), muestran que la tasa de fertilidad total del pa\u00eds, el n\u00famero promedio de hijos que se pronostica que tenga una mujer, tambi\u00e9n marc\u00f3 en 2024 un m\u00ednimo hist\u00f3rico de 1,15.<\/p>\n<p>MS (EFE\/AFP)<\/p>\n<\/p>\n<\/div>\n\n","protected":false},"excerpt":{"rendered":"<p>El n\u00famero de nacimientos en Jap\u00f3n cay\u00f3 por primera vez por debajo de los 700.000 en 2024. El pa\u00eds, que debe gestionar\u00a0el envejecimiento de su poblaci\u00f3n, registr\u00f3 686.061 nacimientos el a\u00f1o pasado, lo que supone 41.227 menos que en 2023. Esta es la cifra m\u00e1s baja desde que comenzaron los registros, en 1899. Tasa de &hellip;<\/p>\n","protected":false},"author":1,"featured_media":30154,"comment_status":"open","ping_status":"open","sticky":false,"template":"","format":"standard","meta":{"fifu_image_url":"https:\/\/static.dw.com\/image\/64092753_6.jpg","fifu_image_alt":"","footnotes":""},"categories":[13],"tags":[],"class_list":["post-30153","post","type-post","status-publish","format-standard","has-post-thumbnail","","category-mundo"],"_links":{"self":[{"href":"https:\/\/noticiasveraces.com\/index.php?rest_route=\/wp\/v2\/posts\/30153","targetHints":{"allow":["GET"]}}],"collection":[{"href":"https:\/\/noticiasveraces.com\/index.php?rest_route=\/wp\/v2\/posts"}],"about":[{"href":"https:\/\/noticiasveraces.com\/index.php?rest_route=\/wp\/v2\/types\/post"}],"author":[{"embeddable":true,"href":"https:\/\/noticiasveraces.com\/index.php?rest_route=\/wp\/v2\/users\/1"}],"replies":[{"embeddable":true,"href":"https:\/\/noticiasveraces.com\/index.php?rest_route=%2Fwp%2Fv2%2Fcomments&post=30153"}],"version-history":[{"count":0,"href":"https:\/\/noticiasveraces.com\/index.php?rest_route=\/wp\/v2\/posts\/30153\/revisions"}],"wp:featuredmedia":[{"embeddable":true,"href":"https:\/\/noticiasveraces.com\/index.php?rest_route=\/wp\/v2\/media\/30154"}],"wp:attachment":[{"href":"https:\/\/noticiasveraces.com\/index.php?rest_route=%2Fwp%2Fv2%2Fmedia&parent=30153"}],"wp:term":[{"taxonomy":"category","embeddable":true,"href":"https:\/\/noticiasveraces.com\/index.php?rest_route=%2Fwp%2Fv2%2Fcategories&post=30153"},{"taxonomy":"post_tag","embeddable":true,"href":"https:\/\/noticiasveraces.com\/index.php?rest_route=%2Fwp%2Fv2%2Ftags&post=30153"}],"curies":[{"name":"wp","href":"https:\/\/api.w.org\/{rel}","templated":true}]}}