{"id":30050,"date":"2025-06-03T10:54:38","date_gmt":"2025-06-03T14:54:38","guid":{"rendered":"https:\/\/noticiasveraces.com\/?p=30050"},"modified":"2025-06-03T10:54:38","modified_gmt":"2025-06-03T14:54:38","slug":"greenpeace-roba-la-estatua-de-macron-wax-para-protestar-por-los-lazos-franceses-con-rusia","status":"publish","type":"post","link":"https:\/\/noticiasveraces.com\/?p=30050","title":{"rendered":"Greenpeace roba la estatua de Macron Wax para protestar por los lazos franceses con Rusia"},"content":{"rendered":"<p> \n<\/p>\n<div>\n<div id=\"beyondwords-wrapper\" class=\"beyondwords-wrapper\">\n<p><span class=\"label-bg\">NUEVO<\/span>\u00a1Ahora puedes escuchar art\u00edculos de Fox News!\n  <\/p>\n<\/div>\n<p class=\"speakable\">Los activistas de Greenpeace fueron fotografiados robando una estatua de cera del presidente franc\u00e9s Emmanuel Macron en Par\u00eds en un acto de protesta contra los lazos comerciales del pa\u00eds con Rusia. <\/p>\n<p class=\"speakable\">El grupo ambiental dijo que sus miembros \u00abtomaron prestada la estatua de Emmanuel Macron del Museo Gr\u00e9vin\u00bb el lunes \u00ab,\u00bb creyendo que no merece ser exhibido en este establecimiento cultural de renombre mundial hasta que haya terminado los contratos franceses con Rusia e inici\u00f3 una transici\u00f3n ecol\u00f3gica ambiciosa y duradera a escala europea \u00ab. <\/p>\n<p>\u00abM\u00e1s tarde en el d\u00eda, fueron a la embajada rusa en Par\u00eds, frente a la estatua de Emmanuel Macron, para desplegar una pancarta que denunci\u00f3 los tratos actuales con Rusia\u00bb, agreg\u00f3 el grupo. <\/p>\n<p>Las im\u00e1genes mostraron a dos hombres que transportaban la figura de cera de Macron por las calles de la capital francesa. <\/p>\n<p><strong>Macron descarta el momento viral con la esposa como &#8216;bromear&#8217;<\/strong><strong> <\/strong><\/p>\n<div class=\"image-ct inline\">\n<div class=\"m\"><picture><source media=\"(max-width: 767px)\" srcset=\"https:\/\/a57.foxnews.com\/static.foxnews.com\/foxnews.com\/content\/uploads\/2025\/06\/343\/192\/macron-statue-3.jpg?ve=1&amp;tl=1, https:\/\/a57.foxnews.com\/static.foxnews.com\/foxnews.com\/content\/uploads\/2025\/06\/686\/384\/macron-statue-3.jpg?ve=1&amp;tl=1 2x\" height=\"192\" width=\"343\"><source media=\"(min-width: 768px) and (max-width: 1023px)\" srcset=\"https:\/\/a57.foxnews.com\/static.foxnews.com\/foxnews.com\/content\/uploads\/2025\/06\/672\/378\/macron-statue-3.jpg?ve=1&amp;tl=1, https:\/\/a57.foxnews.com\/static.foxnews.com\/foxnews.com\/content\/uploads\/2025\/06\/1344\/756\/macron-statue-3.jpg?ve=1&amp;tl=1 2x\" height=\"378\" width=\"672\"><source media=\"(min-width: 1024px) and (max-width: 1279px)\" srcset=\"https:\/\/a57.foxnews.com\/static.foxnews.com\/foxnews.com\/content\/uploads\/2025\/06\/931\/523\/macron-statue-3.jpg?ve=1&amp;tl=1, https:\/\/a57.foxnews.com\/static.foxnews.com\/foxnews.com\/content\/uploads\/2025\/06\/1862\/1046\/macron-statue-3.jpg?ve=1&amp;tl=1 2x\" height=\"523\" width=\"931\"><source media=\"(min-width: 1280px)\" srcset=\"https:\/\/a57.foxnews.com\/static.foxnews.com\/foxnews.com\/content\/uploads\/2025\/06\/720\/405\/macron-statue-3.jpg?ve=1&amp;tl=1, https:\/\/a57.foxnews.com\/static.foxnews.com\/foxnews.com\/content\/uploads\/2025\/06\/1440\/810\/macron-statue-3.jpg?ve=1&amp;tl=1 2x\" height=\"405\" width=\"720\"><img loading=\"lazy\" decoding=\"async\" src=\"https:\/\/a57.foxnews.com\/static.foxnews.com\/foxnews.com\/content\/uploads\/2025\/06\/1200\/675\/macron-statue-3.jpg?ve=1&amp;tl=1\" alt=\"La estatua de Macron es robada en Par\u00eds\" width=\"1200\" height=\"675\"\/><\/source><\/source><\/source><\/source><\/picture><\/div>\n<div class=\"info\">\n<div class=\"caption\">\n<p><span>Los activistas ambientales de Greenpeace establecieron una estatua de cera del presidente franc\u00e9s Emmanuel Macron fuera de la embajada rusa en Par\u00eds el 2 de junio.<\/span> <span>(Thomas Samson\/AFP a trav\u00e9s de Getty Images)<\/span><\/p>\n<\/div>\n<\/div>\n<\/div>\n<p>\u00abNo hab\u00eda confrontaci\u00f3n con la seguridad del museo porque hab\u00edamos planeado todo cuidadosamente para asegurar que sucediera r\u00e1pidamente\u00bb, dijo un portavoz de Greenpeace a Reuters, se\u00f1alando que los activistas ingresaron a la propiedad como visitantes regulares antes de dirigirse a la habitaci\u00f3n donde se encontraba la estatua de Macron. <\/p>\n<p>La agencia de noticias agreg\u00f3 que otros activistas estaban esperando en un auto de escape fuera del museo y que el grupo planea devolver la estatua en una fecha desconocida. <\/p>\n<p>En su sitio web, el Museo Gr\u00e9vin dijo que su estatua de Macron es una de las m\u00e1s de 200 celebridades en exhibici\u00f3n que est\u00e1n \u00abinmortalizadas en cera\u00bb. <\/p>\n<p><strong>Greenpeace UK Leader arrestado por atacar la embajada estadounidense con &#8216;tinte rojo sangre&#8217;: informe<\/strong><strong> <\/strong><\/p>\n<div class=\"image-ct inline\">\n<div class=\"m\"><picture><source media=\"(max-width: 767px)\" srcset=\"https:\/\/a57.foxnews.com\/static.foxnews.com\/foxnews.com\/content\/uploads\/2025\/06\/343\/192\/macron-statue-2.jpg?ve=1&amp;tl=1, https:\/\/a57.foxnews.com\/static.foxnews.com\/foxnews.com\/content\/uploads\/2025\/06\/686\/384\/macron-statue-2.jpg?ve=1&amp;tl=1 2x\" height=\"192\" width=\"343\"><source media=\"(min-width: 768px) and (max-width: 1023px)\" srcset=\"https:\/\/a57.foxnews.com\/static.foxnews.com\/foxnews.com\/content\/uploads\/2025\/06\/672\/378\/macron-statue-2.jpg?ve=1&amp;tl=1, https:\/\/a57.foxnews.com\/static.foxnews.com\/foxnews.com\/content\/uploads\/2025\/06\/1344\/756\/macron-statue-2.jpg?ve=1&amp;tl=1 2x\" height=\"378\" width=\"672\"><source media=\"(min-width: 1024px) and (max-width: 1279px)\" srcset=\"https:\/\/a57.foxnews.com\/static.foxnews.com\/foxnews.com\/content\/uploads\/2025\/06\/931\/523\/macron-statue-2.jpg?ve=1&amp;tl=1, https:\/\/a57.foxnews.com\/static.foxnews.com\/foxnews.com\/content\/uploads\/2025\/06\/1862\/1046\/macron-statue-2.jpg?ve=1&amp;tl=1 2x\" height=\"523\" width=\"931\"><source media=\"(min-width: 1280px)\" srcset=\"https:\/\/a57.foxnews.com\/static.foxnews.com\/foxnews.com\/content\/uploads\/2025\/06\/720\/405\/macron-statue-2.jpg?ve=1&amp;tl=1, https:\/\/a57.foxnews.com\/static.foxnews.com\/foxnews.com\/content\/uploads\/2025\/06\/1440\/810\/macron-statue-2.jpg?ve=1&amp;tl=1 2x\" height=\"405\" width=\"720\"><img loading=\"lazy\" decoding=\"async\" src=\"https:\/\/a57.foxnews.com\/static.foxnews.com\/foxnews.com\/content\/uploads\/2025\/06\/1200\/675\/macron-statue-2.jpg?ve=1&amp;tl=1\" alt=\"Estatuas de cera de Macron y Biden\" width=\"1200\" height=\"675\"\/><\/source><\/source><\/source><\/source><\/picture><\/div>\n<div class=\"info\">\n<div class=\"caption\">\n<p><span>Las estatuas de cera del presidente franc\u00e9s Emmanuel Macron y el ex presidente Joe Biden son vistas en el Museo Gr\u00e9vin en Par\u00eds, Francia, en mayo de 2021.<\/span> <span>(Christophe Archambault\/AFP a trav\u00e9s de Getty Images)<\/span><\/p>\n<\/div>\n<\/div>\n<\/div>\n<p>\u00ab\u00a1Descubra las figuras de cera de algunos de los l\u00edderes mundiales m\u00e1s importantes del Museo Gr\u00e9vin!\u00bb agrega. <\/p>\n<p>Las fotos tomadas anteriormente en el museo mostraron la estatua de Macron en pie junto a uno de los ex presidente Joe Biden. <\/p>\n<p>\u00abNo negamos el apoyo pol\u00edtico, diplom\u00e1tico y financiero de Francia y Europa para Ucrania\u00bb, dijo a Reuterd el director de Greenpeace France, Jean-Francois Julliard. <\/p>\n<div class=\"image-ct inline\">\n<div class=\"m\"><picture><source media=\"(max-width: 767px)\" srcset=\"https:\/\/a57.foxnews.com\/static.foxnews.com\/foxnews.com\/content\/uploads\/2025\/06\/343\/192\/macron-statue-1.jpg?ve=1&amp;tl=1, https:\/\/a57.foxnews.com\/static.foxnews.com\/foxnews.com\/content\/uploads\/2025\/06\/686\/384\/macron-statue-1.jpg?ve=1&amp;tl=1 2x\" height=\"192\" width=\"343\"><source media=\"(min-width: 768px) and (max-width: 1023px)\" srcset=\"https:\/\/a57.foxnews.com\/static.foxnews.com\/foxnews.com\/content\/uploads\/2025\/06\/672\/378\/macron-statue-1.jpg?ve=1&amp;tl=1, https:\/\/a57.foxnews.com\/static.foxnews.com\/foxnews.com\/content\/uploads\/2025\/06\/1344\/756\/macron-statue-1.jpg?ve=1&amp;tl=1 2x\" height=\"378\" width=\"672\"><source media=\"(min-width: 1024px) and (max-width: 1279px)\" srcset=\"https:\/\/a57.foxnews.com\/static.foxnews.com\/foxnews.com\/content\/uploads\/2025\/06\/931\/523\/macron-statue-1.jpg?ve=1&amp;tl=1, https:\/\/a57.foxnews.com\/static.foxnews.com\/foxnews.com\/content\/uploads\/2025\/06\/1862\/1046\/macron-statue-1.jpg?ve=1&amp;tl=1 2x\" height=\"523\" width=\"931\"><source media=\"(min-width: 1280px)\" srcset=\"https:\/\/a57.foxnews.com\/static.foxnews.com\/foxnews.com\/content\/uploads\/2025\/06\/720\/405\/macron-statue-1.jpg?ve=1&amp;tl=1, https:\/\/a57.foxnews.com\/static.foxnews.com\/foxnews.com\/content\/uploads\/2025\/06\/1440\/810\/macron-statue-1.jpg?ve=1&amp;tl=1 2x\" height=\"405\" width=\"720\"><img loading=\"lazy\" decoding=\"async\" src=\"https:\/\/a57.foxnews.com\/static.foxnews.com\/foxnews.com\/content\/uploads\/2025\/06\/1200\/675\/macron-statue-1.jpg?ve=1&amp;tl=1\" alt=\"La estatua del presidente franc\u00e9s Emmanuel Macron es robada por activistas de Greenpeace\" width=\"1200\" height=\"675\"\/><\/source><\/source><\/source><\/source><\/picture><\/div>\n<div class=\"info\">\n<div class=\"caption\">\n<p><span>Los activistas ambientales de Greenpeace robaron la estatua del presidente franc\u00e9s Emmanuel Macron el lunes 2 de junio.<\/span> <span>(Thomas Samson\/AFP a trav\u00e9s de Getty Images)<\/span><\/p>\n<\/div>\n<\/div>\n<\/div>\n<p><strong>Haga clic aqu\u00ed para obtener la aplicaci\u00f3n Fox News<\/strong><strong> <\/strong><\/p>\n<p>\u00abPero si queremos ser coherentes y consistentes, no podemos, por un lado, apoyar a Ucrania y, por otro, continuar importando cantidades tan masivas de gas, fertilizantes qu\u00edmicos y uranio\u00bb. <\/p>\n<p> <!----> <\/p>\n<div class=\"article-meta\">\n<div class=\"author-bio\">\n<p>Greg Norman es reportero de Fox News Digital.<\/p>\n<\/div>\n<\/div>\n<\/div>\n\n","protected":false},"excerpt":{"rendered":"<p>NUEVO\u00a1Ahora puedes escuchar art\u00edculos de Fox News! Los activistas de Greenpeace fueron fotografiados robando una estatua de cera del presidente franc\u00e9s Emmanuel Macron en Par\u00eds en un acto de protesta contra los lazos comerciales del pa\u00eds con Rusia. El grupo ambiental dijo que sus miembros \u00abtomaron prestada la estatua de Emmanuel Macron del Museo Gr\u00e9vin\u00bb &hellip;<\/p>\n","protected":false},"author":1,"featured_media":30052,"comment_status":"open","ping_status":"open","sticky":false,"template":"","format":"standard","meta":{"fifu_image_url":"https:\/\/static.foxnews.com\/foxnews.com\/content\/uploads\/2025\/06\/macron-statue-3.jpg","fifu_image_alt":"","footnotes":""},"categories":[13],"tags":[],"class_list":["post-30050","post","type-post","status-publish","format-standard","has-post-thumbnail","","category-mundo"],"_links":{"self":[{"href":"https:\/\/noticiasveraces.com\/index.php?rest_route=\/wp\/v2\/posts\/30050","targetHints":{"allow":["GET"]}}],"collection":[{"href":"https:\/\/noticiasveraces.com\/index.php?rest_route=\/wp\/v2\/posts"}],"about":[{"href":"https:\/\/noticiasveraces.com\/index.php?rest_route=\/wp\/v2\/types\/post"}],"author":[{"embeddable":true,"href":"https:\/\/noticiasveraces.com\/index.php?rest_route=\/wp\/v2\/users\/1"}],"replies":[{"embeddable":true,"href":"https:\/\/noticiasveraces.com\/index.php?rest_route=%2Fwp%2Fv2%2Fcomments&post=30050"}],"version-history":[{"count":0,"href":"https:\/\/noticiasveraces.com\/index.php?rest_route=\/wp\/v2\/posts\/30050\/revisions"}],"wp:featuredmedia":[{"embeddable":true,"href":"https:\/\/noticiasveraces.com\/index.php?rest_route=\/wp\/v2\/media\/30052"}],"wp:attachment":[{"href":"https:\/\/noticiasveraces.com\/index.php?rest_route=%2Fwp%2Fv2%2Fmedia&parent=30050"}],"wp:term":[{"taxonomy":"category","embeddable":true,"href":"https:\/\/noticiasveraces.com\/index.php?rest_route=%2Fwp%2Fv2%2Fcategories&post=30050"},{"taxonomy":"post_tag","embeddable":true,"href":"https:\/\/noticiasveraces.com\/index.php?rest_route=%2Fwp%2Fv2%2Ftags&post=30050"}],"curies":[{"name":"wp","href":"https:\/\/api.w.org\/{rel}","templated":true}]}}