{"id":30041,"date":"2025-06-03T08:52:26","date_gmt":"2025-06-03T12:52:26","guid":{"rendered":"https:\/\/noticiasveraces.com\/?p=30041"},"modified":"2025-06-03T08:52:26","modified_gmt":"2025-06-03T12:52:26","slug":"israel-llora-a-tres-soldados-asesinados-en-el-norte-de-gaza-cuando-la-guerra-pasa-600-dias","status":"publish","type":"post","link":"https:\/\/noticiasveraces.com\/?p=30041","title":{"rendered":"Israel llora a tres soldados asesinados en el norte de Gaza cuando la guerra pasa 600 d\u00edas"},"content":{"rendered":"<p> \n<\/p>\n<div>\n<div id=\"beyondwords-wrapper\" class=\"beyondwords-wrapper\">\n<p><span class=\"label-bg\">NUEVO<\/span>\u00a1Ahora puedes escuchar art\u00edculos de Fox News!\n  <\/p>\n<\/div>\n<p class=\"speakable\">Las Fuerzas de Defensa de Israel (FDI) anunciaron la muerte de tres soldados que operan en Gaza. <\/p>\n<p class=\"speakable\">Sargento del personal. LIOR Steinberg, sargento del personal. Ofek Barhana y el sargento del personal. Omer Van Gelder eran miembros de la Brigada Givati \u200b\u200bde Israel, una unidad de infanter\u00eda, cuando fueron asesinados. Steinberg y Barhana estaban sirviendo como m\u00e9dicos de combate, mientras que Van Gelder era un comandante de escuadr\u00f3n, seg\u00fan las FDI.<\/p>\n<div class=\"image-ct inline\">\n<div class=\"m\"><picture><source media=\"(max-width: 767px)\" srcset=\"https:\/\/a57.foxnews.com\/static.foxnews.com\/foxnews.com\/content\/uploads\/2025\/06\/343\/192\/fallen-idf-soldiers.jpg?ve=1&amp;tl=1, https:\/\/a57.foxnews.com\/static.foxnews.com\/foxnews.com\/content\/uploads\/2025\/06\/686\/384\/fallen-idf-soldiers.jpg?ve=1&amp;tl=1 2x\" height=\"192\" width=\"343\"><source media=\"(min-width: 768px) and (max-width: 1023px)\" srcset=\"https:\/\/a57.foxnews.com\/static.foxnews.com\/foxnews.com\/content\/uploads\/2025\/06\/672\/378\/fallen-idf-soldiers.jpg?ve=1&amp;tl=1, https:\/\/a57.foxnews.com\/static.foxnews.com\/foxnews.com\/content\/uploads\/2025\/06\/1344\/756\/fallen-idf-soldiers.jpg?ve=1&amp;tl=1 2x\" height=\"378\" width=\"672\"><source media=\"(min-width: 1024px) and (max-width: 1279px)\" srcset=\"https:\/\/a57.foxnews.com\/static.foxnews.com\/foxnews.com\/content\/uploads\/2025\/06\/931\/523\/fallen-idf-soldiers.jpg?ve=1&amp;tl=1, https:\/\/a57.foxnews.com\/static.foxnews.com\/foxnews.com\/content\/uploads\/2025\/06\/1862\/1046\/fallen-idf-soldiers.jpg?ve=1&amp;tl=1 2x\" height=\"523\" width=\"931\"><source media=\"(min-width: 1280px)\" srcset=\"https:\/\/a57.foxnews.com\/static.foxnews.com\/foxnews.com\/content\/uploads\/2025\/06\/720\/405\/fallen-idf-soldiers.jpg?ve=1&amp;tl=1, https:\/\/a57.foxnews.com\/static.foxnews.com\/foxnews.com\/content\/uploads\/2025\/06\/1440\/810\/fallen-idf-soldiers.jpg?ve=1&amp;tl=1 2x\" height=\"405\" width=\"720\"><img loading=\"lazy\" decoding=\"async\" src=\"https:\/\/a57.foxnews.com\/static.foxnews.com\/foxnews.com\/content\/uploads\/2025\/06\/1200\/675\/fallen-idf-soldiers.jpg?ve=1&amp;tl=1\" alt=\"Sargento Omer Omer Van Gelder Sargento y Sargento de Barhana\" width=\"1200\" height=\"675\"\/><\/source><\/source><\/source><\/source><\/picture><\/div>\n<div class=\"info\">\n<div class=\"caption\">\n<p><span>La FDI confirma la muerte de, de izquierda a derecha, el sargento del personal. Omer Van Gelder, sargento del personal. LIOR Steinberg y el sargento del personal. Ofek Barhana en Gaza.<\/span> <span>(Unidad del portavoz de las FDI)<\/span><\/p>\n<\/div>\n<\/div>\n<\/div>\n<p><strong>Las tensiones se elevan cuando Israel niega fuertemente disparar contra los palestinos en el sitio humanitario de Gaza<\/strong><\/p>\n<p>El primer ministro israel\u00ed, Benjamin Netanyahu, public\u00f3 un mensaje que expresaba sus condolencias. En hebreo, Netanyahu escribi\u00f3 que \u00e9l y su esposa Sara enviaron sus \u00abm\u00e1s sinceras condolencias a las familias de nuestros heroicos luchadores\u00bb.<\/p>\n<p>El portavoz de IDF International, el teniente coronel Nadav Shoshani, tambi\u00e9n expres\u00f3 sus condolencias en una publicaci\u00f3n sobre X, en la que enumer\u00f3 los nombres y edades de los soldados. Los tres hombres ten\u00edan poco m\u00e1s de 20 a\u00f1os.<\/p>\n<p>Seg\u00fan los informes, los tres hombres estaban entre cinco soldados en un Humvee en Jabalia, en la Franja del Norte de Gaza, donde su veh\u00edculo fue golpeado por un dispositivo explosivo, seg\u00fan The Times of Israel, que cit\u00f3 una investigaci\u00f3n de IDF. Seg\u00fan los informes, los otros dos soldados en el veh\u00edculo resultaron heridos y han sido enumerados en condiciones moderadas.<\/p>\n<div class=\"image-ct inline\">\n<div class=\"m\"><picture><source media=\"(max-width: 767px)\" srcset=\"https:\/\/a57.foxnews.com\/static.foxnews.com\/foxnews.com\/content\/uploads\/2025\/05\/343\/192\/gaza-1.jpg?ve=1&amp;tl=1, https:\/\/a57.foxnews.com\/static.foxnews.com\/foxnews.com\/content\/uploads\/2025\/05\/686\/384\/gaza-1.jpg?ve=1&amp;tl=1 2x\" height=\"192\" width=\"343\"><source media=\"(min-width: 768px) and (max-width: 1023px)\" srcset=\"https:\/\/a57.foxnews.com\/static.foxnews.com\/foxnews.com\/content\/uploads\/2025\/05\/672\/378\/gaza-1.jpg?ve=1&amp;tl=1, https:\/\/a57.foxnews.com\/static.foxnews.com\/foxnews.com\/content\/uploads\/2025\/05\/1344\/756\/gaza-1.jpg?ve=1&amp;tl=1 2x\" height=\"378\" width=\"672\"><source media=\"(min-width: 1024px) and (max-width: 1279px)\" srcset=\"https:\/\/a57.foxnews.com\/static.foxnews.com\/foxnews.com\/content\/uploads\/2025\/05\/931\/523\/gaza-1.jpg?ve=1&amp;tl=1, https:\/\/a57.foxnews.com\/static.foxnews.com\/foxnews.com\/content\/uploads\/2025\/05\/1862\/1046\/gaza-1.jpg?ve=1&amp;tl=1 2x\" height=\"523\" width=\"931\"><source media=\"(min-width: 1280px)\" srcset=\"https:\/\/a57.foxnews.com\/static.foxnews.com\/foxnews.com\/content\/uploads\/2025\/05\/720\/405\/gaza-1.jpg?ve=1&amp;tl=1, https:\/\/a57.foxnews.com\/static.foxnews.com\/foxnews.com\/content\/uploads\/2025\/05\/1440\/810\/gaza-1.jpg?ve=1&amp;tl=1 2x\" height=\"405\" width=\"720\"><img loading=\"lazy\" decoding=\"async\" src=\"https:\/\/a57.foxnews.com\/static.foxnews.com\/foxnews.com\/content\/uploads\/2025\/05\/1200\/675\/gaza-1.jpg?ve=1&amp;tl=1\" alt=\"Los palestinos se abren camino con pertenencias mientras huyen de sus hogares despu\u00e9s de los ataques a\u00e9reos israel\u00edes, en la franja del norte de Gaza el 16 de mayo de 2025.\" width=\"1200\" height=\"675\"\/><\/source><\/source><\/source><\/source><\/picture><\/div>\n<div class=\"info\">\n<div class=\"caption\">\n<p><span>Los palestinos se abren camino con pertenencias mientras huyen de sus hogares despu\u00e9s de los ataques a\u00e9reos israel\u00edes, en la franja del norte de Gaza el 16 de mayo de 2025.<\/span> <span>(Reuters\/Mahmoud Issa)<\/span><\/p>\n<\/div>\n<\/div>\n<\/div>\n<p><strong>La FDI dice que atac\u00f3 a la escuela Gazan convertida en un golpe para golpear a Hamas, el Centro de Comando y Control de la Jihad Isl\u00e1mica<\/strong><\/p>\n<p>Seg\u00fan la salida, el Humvee estaba escoltando un cami\u00f3n de incendios de las FDI que estaba en Gaza para extinguir a un transportista de personal blindado que hab\u00eda incendiado. The Times of Israel inform\u00f3 que la causa del incendio sigue siendo desconocida. El convoy fue golpeado por varios dispositivos explosivos mientras sal\u00eda de Jabalia, seg\u00fan The Times of Israel.<\/p>\n<div class=\"image-ct inline\">\n<div class=\"m\"><picture><source media=\"(max-width: 767px)\" srcset=\"https:\/\/a57.foxnews.com\/static.foxnews.com\/foxnews.com\/content\/uploads\/2025\/06\/343\/192\/israeli-troops-gaza.jpg?ve=1&amp;tl=1, https:\/\/a57.foxnews.com\/static.foxnews.com\/foxnews.com\/content\/uploads\/2025\/06\/686\/384\/israeli-troops-gaza.jpg?ve=1&amp;tl=1 2x\" height=\"192\" width=\"343\"><source media=\"(min-width: 768px) and (max-width: 1023px)\" srcset=\"https:\/\/a57.foxnews.com\/static.foxnews.com\/foxnews.com\/content\/uploads\/2025\/06\/672\/378\/israeli-troops-gaza.jpg?ve=1&amp;tl=1, https:\/\/a57.foxnews.com\/static.foxnews.com\/foxnews.com\/content\/uploads\/2025\/06\/1344\/756\/israeli-troops-gaza.jpg?ve=1&amp;tl=1 2x\" height=\"378\" width=\"672\"><source media=\"(min-width: 1024px) and (max-width: 1279px)\" srcset=\"https:\/\/a57.foxnews.com\/static.foxnews.com\/foxnews.com\/content\/uploads\/2025\/06\/931\/523\/israeli-troops-gaza.jpg?ve=1&amp;tl=1, https:\/\/a57.foxnews.com\/static.foxnews.com\/foxnews.com\/content\/uploads\/2025\/06\/1862\/1046\/israeli-troops-gaza.jpg?ve=1&amp;tl=1 2x\" height=\"523\" width=\"931\"><source media=\"(min-width: 1280px)\" srcset=\"https:\/\/a57.foxnews.com\/static.foxnews.com\/foxnews.com\/content\/uploads\/2025\/06\/720\/405\/israeli-troops-gaza.jpg?ve=1&amp;tl=1, https:\/\/a57.foxnews.com\/static.foxnews.com\/foxnews.com\/content\/uploads\/2025\/06\/1440\/810\/israeli-troops-gaza.jpg?ve=1&amp;tl=1 2x\" height=\"405\" width=\"720\"><img loading=\"lazy\" decoding=\"async\" src=\"https:\/\/a57.foxnews.com\/static.foxnews.com\/foxnews.com\/content\/uploads\/2025\/06\/1200\/675\/israeli-troops-gaza.jpg?ve=1&amp;tl=1\" alt=\"Los soldados israel\u00edes disparan un mortero hacia Gaza\" width=\"1200\" height=\"675\"\/><\/source><\/source><\/source><\/source><\/picture><\/div>\n<div class=\"info\">\n<div class=\"caption\">\n<p><span>Los soldados israel\u00edes disparan un mortero hacia Gaza desde su posici\u00f3n cerca de la frontera, como se ve desde Israel, el 2 de junio de 2025.<\/span> <span>(Reuters\/Amir Cohen)<\/span><\/p>\n<\/div>\n<\/div>\n<\/div>\n<p><strong><u>Haga clic aqu\u00ed para obtener la aplicaci\u00f3n Fox News<\/u><\/strong><\/p>\n<p>La guerra en Gaza se ha desatado durante m\u00e1s de 600 d\u00edas desde que Hamas llev\u00f3 a cabo su masacre el 7 de octubre de 2023. Todav\u00eda hay 58 rehenes en Gaza, 23 de los cuales se cree que est\u00e1n vivos, mientras que 35 est\u00e1n confirmados muertos y sus cuerpos permanecen en manos de Hamas. Hasta ahora, 148 rehenes vivos y 48 cuerpos de rehenes han regresado a Israel. M\u00e1s recientemente, el 12 de mayo, Edan Alexander, el \u00faltimo estadounidense vivo en poder de Hamas, fue devuelto a Israel.<\/p>\n<p> <!----> <\/p>\n<div class=\"article-meta\">\n<div class=\"author-bio\">\n<p>Rachel Wolf es una escritora de noticias de Fox News Digital y Fox Business.<\/p>\n<\/div>\n<\/div>\n<\/div>\n\n","protected":false},"excerpt":{"rendered":"<p>NUEVO\u00a1Ahora puedes escuchar art\u00edculos de Fox News! Las Fuerzas de Defensa de Israel (FDI) anunciaron la muerte de tres soldados que operan en Gaza. Sargento del personal. LIOR Steinberg, sargento del personal. Ofek Barhana y el sargento del personal. Omer Van Gelder eran miembros de la Brigada Givati \u200b\u200bde Israel, una unidad de infanter\u00eda, cuando &hellip;<\/p>\n","protected":false},"author":1,"featured_media":30043,"comment_status":"open","ping_status":"open","sticky":false,"template":"","format":"standard","meta":{"fifu_image_url":"https:\/\/static.foxnews.com\/foxnews.com\/content\/uploads\/2025\/06\/fallen-idf-soldiers.jpg","fifu_image_alt":"","footnotes":""},"categories":[13],"tags":[],"class_list":["post-30041","post","type-post","status-publish","format-standard","has-post-thumbnail","","category-mundo"],"_links":{"self":[{"href":"https:\/\/noticiasveraces.com\/index.php?rest_route=\/wp\/v2\/posts\/30041","targetHints":{"allow":["GET"]}}],"collection":[{"href":"https:\/\/noticiasveraces.com\/index.php?rest_route=\/wp\/v2\/posts"}],"about":[{"href":"https:\/\/noticiasveraces.com\/index.php?rest_route=\/wp\/v2\/types\/post"}],"author":[{"embeddable":true,"href":"https:\/\/noticiasveraces.com\/index.php?rest_route=\/wp\/v2\/users\/1"}],"replies":[{"embeddable":true,"href":"https:\/\/noticiasveraces.com\/index.php?rest_route=%2Fwp%2Fv2%2Fcomments&post=30041"}],"version-history":[{"count":0,"href":"https:\/\/noticiasveraces.com\/index.php?rest_route=\/wp\/v2\/posts\/30041\/revisions"}],"wp:featuredmedia":[{"embeddable":true,"href":"https:\/\/noticiasveraces.com\/index.php?rest_route=\/wp\/v2\/media\/30043"}],"wp:attachment":[{"href":"https:\/\/noticiasveraces.com\/index.php?rest_route=%2Fwp%2Fv2%2Fmedia&parent=30041"}],"wp:term":[{"taxonomy":"category","embeddable":true,"href":"https:\/\/noticiasveraces.com\/index.php?rest_route=%2Fwp%2Fv2%2Fcategories&post=30041"},{"taxonomy":"post_tag","embeddable":true,"href":"https:\/\/noticiasveraces.com\/index.php?rest_route=%2Fwp%2Fv2%2Ftags&post=30041"}],"curies":[{"name":"wp","href":"https:\/\/api.w.org\/{rel}","templated":true}]}}