{"id":30019,"date":"2025-06-03T05:49:46","date_gmt":"2025-06-03T09:49:46","guid":{"rendered":"https:\/\/noticiasveraces.com\/?p=30019"},"modified":"2025-06-03T05:49:46","modified_gmt":"2025-06-03T09:49:46","slug":"ciudadano-estadounidense-que-lucho-por-isis-en-siria-condenado-a-10-anos-de-prision","status":"publish","type":"post","link":"https:\/\/noticiasveraces.com\/?p=30019","title":{"rendered":"Ciudadano estadounidense que luch\u00f3 por ISIS en Siria condenado a 10 a\u00f1os de prisi\u00f3n"},"content":{"rendered":"<p> \n<\/p>\n<div>\n<div id=\"beyondwords-wrapper\" class=\"beyondwords-wrapper\">\n<p><span class=\"label-bg\">NUEVO<\/span>\u00a1Ahora puedes escuchar art\u00edculos de Fox News!\n  <\/p>\n<\/div>\n<p class=\"speakable\">Un ciudadano estadounidense naturalizado que se declar\u00f3 culpable de recibir capacitaci\u00f3n militar del Estado Isl\u00e1mico en Siria fue sentenciado el lunes a 10 a\u00f1os en una prisi\u00f3n federal.<\/p>\n<p class=\"speakable\">Lirim Sylejmani, de 49 a\u00f1os, que naci\u00f3 en Kosovo y se mud\u00f3 a Chicago hace unos 25 a\u00f1os, particip\u00f3 en al menos una batalla contra las fuerzas de la coalici\u00f3n lideradas por Estados Unidos despu\u00e9s de ingresar a Siria hace una d\u00e9cada, seg\u00fan los fiscales.<\/p>\n<p>El juez de distrito estadounidense Rudolph Contreras en Washington, DC, emiti\u00f3 la sentencia de prisi\u00f3n de Sylejmani, que ser\u00e1 seguida por toda una vida de liberaci\u00f3n supervisada.<\/p>\n<p>Sylejmani se declar\u00f3 culpable en diciembre de un cargo de recibir capacitaci\u00f3n militar de una organizaci\u00f3n terrorista extranjera.<\/p>\n<p><strong>El juez federal emite un veredicto de $ 20 millones contra Siria por la tortura de ciudadanos estadounidenses tomados cautivos en 2019<\/strong><\/p>\n<div class=\"image-ct inline\">\n<div class=\"m\"><picture><source media=\"(max-width: 767px)\" srcset=\"https:\/\/a57.foxnews.com\/static.foxnews.com\/foxnews.com\/content\/uploads\/2025\/06\/343\/192\/womaninsyria.png?ve=1&amp;tl=1, https:\/\/a57.foxnews.com\/static.foxnews.com\/foxnews.com\/content\/uploads\/2025\/06\/686\/384\/womaninsyria.png?ve=1&amp;tl=1 2x\" height=\"192\" width=\"343\"><source media=\"(min-width: 768px) and (max-width: 1023px)\" srcset=\"https:\/\/a57.foxnews.com\/static.foxnews.com\/foxnews.com\/content\/uploads\/2025\/06\/672\/378\/womaninsyria.png?ve=1&amp;tl=1, https:\/\/a57.foxnews.com\/static.foxnews.com\/foxnews.com\/content\/uploads\/2025\/06\/1344\/756\/womaninsyria.png?ve=1&amp;tl=1 2x\" height=\"378\" width=\"672\"><source media=\"(min-width: 1024px) and (max-width: 1279px)\" srcset=\"https:\/\/a57.foxnews.com\/static.foxnews.com\/foxnews.com\/content\/uploads\/2025\/06\/931\/523\/womaninsyria.png?ve=1&amp;tl=1, https:\/\/a57.foxnews.com\/static.foxnews.com\/foxnews.com\/content\/uploads\/2025\/06\/1862\/1046\/womaninsyria.png?ve=1&amp;tl=1 2x\" height=\"523\" width=\"931\"><source media=\"(min-width: 1280px)\" srcset=\"https:\/\/a57.foxnews.com\/static.foxnews.com\/foxnews.com\/content\/uploads\/2025\/06\/720\/405\/womaninsyria.png?ve=1&amp;tl=1, https:\/\/a57.foxnews.com\/static.foxnews.com\/foxnews.com\/content\/uploads\/2025\/06\/1440\/810\/womaninsyria.png?ve=1&amp;tl=1 2x\" height=\"405\" width=\"720\"><img loading=\"lazy\" decoding=\"async\" src=\"https:\/\/a57.foxnews.com\/static.foxnews.com\/foxnews.com\/content\/uploads\/2025\/06\/1200\/675\/womaninsyria.png?ve=1&amp;tl=1\" alt=\"Una mujer camina en el campamento de al-Hol en la provincia de Tasah de Siria del noreste\" width=\"1200\" height=\"675\"\/><\/source><\/source><\/source><\/source><\/picture><\/div>\n<div class=\"info\">\n<div class=\"caption\">\n<p><span>Una mujer camina en el campamento de al-Hol en la provincia de Tasah de Siria del noreste de Siria, donde decenas de miles de mujeres y ni\u00f1os en su mayor\u00eda vinculados al grupo del Estado Isl\u00e1mico han estado viviendo durante a\u00f1os, el jueves 30 de enero de 2025.<\/span> <span>(AP)<\/span><\/p>\n<\/div>\n<\/div>\n<\/div>\n<p>\u00abEste acusado pasar\u00e1 una d\u00e9cada en prisi\u00f3n pensando en la traici\u00f3n a este pa\u00eds\u00bb, escribi\u00f3 el Fiscal Interino de los Estados Unidos para el Distrito de Columbia, Jeanine Pirro, tambi\u00e9n una ex presentadora de Fox News.<\/p>\n<p>\u00abCualquiera que piense que ISIS es la respuesta a sus preguntas, mejor piense de nuevo\u00bb, continu\u00f3. \u00abHaremos todo lo largo para eliminar a las personas subversivas que desean derrocar al gobierno y da\u00f1ar a sus ciudadanos\u00bb.<\/p>\n<p>En noviembre de 2015, Sylejmani y su familia volaron a Turqu\u00eda antes de cruzar la frontera hacia Siria, donde recibi\u00f3 capacitaci\u00f3n con otros reclutas de ISIS hasta febrero de 2019, cuando las fuerzas sirias lo capturaron con su familia en Baghouz, Siria, seg\u00fan los fiscales.<\/p>\n<p><strong>Siria otorg\u00f3 una exenci\u00f3n de sanciones por parte de la administraci\u00f3n Trump para alentar la reconstrucci\u00f3n<\/strong><\/p>\n<div class=\"image-ct inline\">\n<div class=\"m\"><picture><source media=\"(max-width: 767px)\" srcset=\"https:\/\/a57.foxnews.com\/static.foxnews.com\/foxnews.com\/content\/uploads\/2024\/05\/343\/192\/Syria-2.png?ve=1&amp;tl=1, https:\/\/a57.foxnews.com\/static.foxnews.com\/foxnews.com\/content\/uploads\/2024\/05\/686\/384\/Syria-2.png?ve=1&amp;tl=1 2x\" height=\"192\" width=\"343\"><source media=\"(min-width: 768px) and (max-width: 1023px)\" srcset=\"https:\/\/a57.foxnews.com\/static.foxnews.com\/foxnews.com\/content\/uploads\/2024\/05\/672\/378\/Syria-2.png?ve=1&amp;tl=1, https:\/\/a57.foxnews.com\/static.foxnews.com\/foxnews.com\/content\/uploads\/2024\/05\/1344\/756\/Syria-2.png?ve=1&amp;tl=1 2x\" height=\"378\" width=\"672\"><source media=\"(min-width: 1024px) and (max-width: 1279px)\" srcset=\"https:\/\/a57.foxnews.com\/static.foxnews.com\/foxnews.com\/content\/uploads\/2024\/05\/931\/523\/Syria-2.png?ve=1&amp;tl=1, https:\/\/a57.foxnews.com\/static.foxnews.com\/foxnews.com\/content\/uploads\/2024\/05\/1862\/1046\/Syria-2.png?ve=1&amp;tl=1 2x\" height=\"523\" width=\"931\"><source media=\"(min-width: 1280px)\" srcset=\"https:\/\/a57.foxnews.com\/static.foxnews.com\/foxnews.com\/content\/uploads\/2024\/05\/720\/405\/Syria-2.png?ve=1&amp;tl=1, https:\/\/a57.foxnews.com\/static.foxnews.com\/foxnews.com\/content\/uploads\/2024\/05\/1440\/810\/Syria-2.png?ve=1&amp;tl=1 2x\" height=\"405\" width=\"720\"><img loading=\"lazy\" decoding=\"async\" src=\"https:\/\/a57.foxnews.com\/static.foxnews.com\/foxnews.com\/content\/uploads\/2024\/05\/1200\/675\/Syria-2.png?ve=1&amp;tl=1\" alt=\"Mapa de Siria\" width=\"1200\" height=\"675\"\/><\/source><\/source><\/source><\/source><\/picture><\/div>\n<div class=\"info\">\n<div class=\"caption\">\n<p><span>Este es un mapa de localizaci\u00f3n para Siria con su capital, Damasco.<\/span> <span>(Foto AP)<\/span><\/p>\n<\/div>\n<\/div>\n<\/div>\n<p>Su entrenamiento militar incluy\u00f3 instrucci\u00f3n sobre c\u00f3mo armar y disparar un rifle AK-47, as\u00ed como c\u00f3mo usar una ametralladora PK, rifle M-16 y granadas.<\/p>\n<p>Sylejmani tambi\u00e9n fue herido en una batalla con las fuerzas sirias en junio de 2016.<\/p>\n<p>Los fiscales dijeron que Sylejmani, quien adopt\u00f3 el nombre de Abu Sulayman al-Kosovi, prometi\u00f3 \u00abBayat\u00bb, o lealtad, al l\u00edder del ISIS Abu Bakr al-Baghdadi y a la organizaci\u00f3n ISIS frente a un miembro del ISIS iraqu\u00ed.<\/p>\n<p>Fue transferido a los Estados Unidos en septiembre de 2020 para enfrentar cargos penales en Washington, DC.<\/p>\n<div class=\"image-ct inline\">\n<div class=\"m\"><picture><source media=\"(max-width: 767px)\" srcset=\"https:\/\/a57.foxnews.com\/static.foxnews.com\/foxnews.com\/content\/uploads\/2025\/05\/343\/192\/gettyimages-2215816865.jpg?ve=1&amp;tl=1, https:\/\/a57.foxnews.com\/static.foxnews.com\/foxnews.com\/content\/uploads\/2025\/05\/686\/384\/gettyimages-2215816865.jpg?ve=1&amp;tl=1 2x\" height=\"192\" width=\"343\"><source media=\"(min-width: 768px) and (max-width: 1023px)\" srcset=\"https:\/\/a57.foxnews.com\/static.foxnews.com\/foxnews.com\/content\/uploads\/2025\/05\/672\/378\/gettyimages-2215816865.jpg?ve=1&amp;tl=1, https:\/\/a57.foxnews.com\/static.foxnews.com\/foxnews.com\/content\/uploads\/2025\/05\/1344\/756\/gettyimages-2215816865.jpg?ve=1&amp;tl=1 2x\" height=\"378\" width=\"672\"><source media=\"(min-width: 1024px) and (max-width: 1279px)\" srcset=\"https:\/\/a57.foxnews.com\/static.foxnews.com\/foxnews.com\/content\/uploads\/2025\/05\/931\/523\/gettyimages-2215816865.jpg?ve=1&amp;tl=1, https:\/\/a57.foxnews.com\/static.foxnews.com\/foxnews.com\/content\/uploads\/2025\/05\/1862\/1046\/gettyimages-2215816865.jpg?ve=1&amp;tl=1 2x\" height=\"523\" width=\"931\"><source media=\"(min-width: 1280px)\" srcset=\"https:\/\/a57.foxnews.com\/static.foxnews.com\/foxnews.com\/content\/uploads\/2025\/05\/720\/405\/gettyimages-2215816865.jpg?ve=1&amp;tl=1, https:\/\/a57.foxnews.com\/static.foxnews.com\/foxnews.com\/content\/uploads\/2025\/05\/1440\/810\/gettyimages-2215816865.jpg?ve=1&amp;tl=1 2x\" height=\"405\" width=\"720\"><img loading=\"lazy\" decoding=\"async\" src=\"https:\/\/a57.foxnews.com\/static.foxnews.com\/foxnews.com\/content\/uploads\/2025\/05\/1200\/675\/gettyimages-2215816865.jpg?ve=1&amp;tl=1\" alt=\"La fiscal interina de los Estados Unidos, Jeanine Pirro, habla durante una actualizaci\u00f3n de prensa\" width=\"1200\" height=\"675\"\/><\/source><\/source><\/source><\/source><\/picture><\/div>\n<div class=\"info\">\n<div class=\"caption\">\n<p><span>La fiscal interina de los Estados Unidos, Jeanine Pirro, dijo: \u00abCualquiera que piense que ISIS es la respuesta a sus preguntas, mejor piense de nuevo\u00bb.<\/span> <span>(Drew Angerer \/ AFP)<\/span><\/p>\n<\/div>\n<\/div>\n<\/div>\n<p><strong><u>Haga clic aqu\u00ed para obtener la aplicaci\u00f3n Fox News<\/u><\/strong><\/p>\n<p>\u00abLa conducta es mucho m\u00e1s que un solo acto impulsivo. Eligi\u00f3 poner en peligro la seguridad de su familia al llevarlos a un pa\u00eds devastado por la guerra para unirse y tomar armas para ISIS\u00bb, escribieron los fiscales.<\/p>\n<p>Los abogados de Sylejmani afirman que no es un \u00abyihadista comprometido\u00bb y no defiende la violencia.<\/p>\n<p>\u00abEst\u00e1 lleno de culpa por sus acciones y el da\u00f1o que ha visitado a su familia, quien permanece detenido en un campo de refugiados en Siria que vive en terribles condiciones\u00bb, escribieron sus abogados. \u00abSolo desea completar su tiempo y encontrar a su esposa e hijos, para que pueda vivir una vida promedio respetuosa de la ley con ellos\u00bb.<\/p>\n<p> <!----> <\/div>\n\n","protected":false},"excerpt":{"rendered":"<p>NUEVO\u00a1Ahora puedes escuchar art\u00edculos de Fox News! Un ciudadano estadounidense naturalizado que se declar\u00f3 culpable de recibir capacitaci\u00f3n militar del Estado Isl\u00e1mico en Siria fue sentenciado el lunes a 10 a\u00f1os en una prisi\u00f3n federal. Lirim Sylejmani, de 49 a\u00f1os, que naci\u00f3 en Kosovo y se mud\u00f3 a Chicago hace unos 25 a\u00f1os, particip\u00f3 en &hellip;<\/p>\n","protected":false},"author":1,"featured_media":30021,"comment_status":"open","ping_status":"open","sticky":false,"template":"","format":"standard","meta":{"fifu_image_url":"https:\/\/static.foxnews.com\/foxnews.com\/content\/uploads\/2025\/06\/womaninsyria.png","fifu_image_alt":"","footnotes":""},"categories":[13],"tags":[],"class_list":["post-30019","post","type-post","status-publish","format-standard","has-post-thumbnail","","category-mundo"],"_links":{"self":[{"href":"https:\/\/noticiasveraces.com\/index.php?rest_route=\/wp\/v2\/posts\/30019","targetHints":{"allow":["GET"]}}],"collection":[{"href":"https:\/\/noticiasveraces.com\/index.php?rest_route=\/wp\/v2\/posts"}],"about":[{"href":"https:\/\/noticiasveraces.com\/index.php?rest_route=\/wp\/v2\/types\/post"}],"author":[{"embeddable":true,"href":"https:\/\/noticiasveraces.com\/index.php?rest_route=\/wp\/v2\/users\/1"}],"replies":[{"embeddable":true,"href":"https:\/\/noticiasveraces.com\/index.php?rest_route=%2Fwp%2Fv2%2Fcomments&post=30019"}],"version-history":[{"count":0,"href":"https:\/\/noticiasveraces.com\/index.php?rest_route=\/wp\/v2\/posts\/30019\/revisions"}],"wp:featuredmedia":[{"embeddable":true,"href":"https:\/\/noticiasveraces.com\/index.php?rest_route=\/wp\/v2\/media\/30021"}],"wp:attachment":[{"href":"https:\/\/noticiasveraces.com\/index.php?rest_route=%2Fwp%2Fv2%2Fmedia&parent=30019"}],"wp:term":[{"taxonomy":"category","embeddable":true,"href":"https:\/\/noticiasveraces.com\/index.php?rest_route=%2Fwp%2Fv2%2Fcategories&post=30019"},{"taxonomy":"post_tag","embeddable":true,"href":"https:\/\/noticiasveraces.com\/index.php?rest_route=%2Fwp%2Fv2%2Ftags&post=30019"}],"curies":[{"name":"wp","href":"https:\/\/api.w.org\/{rel}","templated":true}]}}