{"id":30014,"date":"2025-06-03T03:48:26","date_gmt":"2025-06-03T07:48:26","guid":{"rendered":"https:\/\/noticiasveraces.com\/?p=30014"},"modified":"2025-06-03T03:48:26","modified_gmt":"2025-06-03T07:48:26","slug":"adolescente-muere-en-terremoto-en-el-suroeste-de-turquia-dw-03-06-2025","status":"publish","type":"post","link":"https:\/\/noticiasveraces.com\/?p=30014","title":{"rendered":"Adolescente muere en terremoto en el suroeste de Turqu\u00eda \u2013 DW \u2013 03\/06\/2025"},"content":{"rendered":"<p> \n<\/p>\n<div>\n<p>Un terremoto de magnitud 5,8 sacudi\u00f3 la localidad costera\u00a0de Marmaris, en Turqu\u00eda, dejando una adolescente muerta y 69 personas heridas.<\/p>\n<p>\u00abUna ni\u00f1a de 14 a\u00f1os fue trasladada al hospital tras una crisis de p\u00e1nico, pero lamentablemente perdi\u00f3 la vida pese a todos los esfuerzos por salvarla\u00bb, indic\u00f3 el ministro de Interior, Ali Yerlikaya, en redes sociales. La menor fue identificada como Afranur Gunlu y muri\u00f3 en la localidad de Fethiye, unos 100 km al este de Marmaris, seg\u00fan el ministro.<\/p>\n<h2>Heridos por saltar de sitios elevados<\/h2>\n<p>Otras 69 personas \u00abque saltaron en p\u00e1nico desde sitios altos\u00bb resultaron heridas en la provincia de Mugla, donde se ubica el balneario de Marmaris, agreg\u00f3.\u00a0 Catorce de los heridos fueron atendidos en el sitio, ocho recibieron atenci\u00f3n r\u00e1pida y 46 fueron trasladados al hospital. Seg\u00fan la agencia de gesti\u00f3n de desastres AFAD, el sismo se sinti\u00f3 a las 2.17 de la madrugada local, a unos 10 km de la costa de Marmaris.<\/p>\n<p>MS (AFP\/EFE)<\/p>\n<\/p>\n<\/div>\n\n","protected":false},"excerpt":{"rendered":"<p>Un terremoto de magnitud 5,8 sacudi\u00f3 la localidad costera\u00a0de Marmaris, en Turqu\u00eda, dejando una adolescente muerta y 69 personas heridas. \u00abUna ni\u00f1a de 14 a\u00f1os fue trasladada al hospital tras una crisis de p\u00e1nico, pero lamentablemente perdi\u00f3 la vida pese a todos los esfuerzos por salvarla\u00bb, indic\u00f3 el ministro de Interior, Ali Yerlikaya, en redes &hellip;<\/p>\n","protected":false},"author":1,"featured_media":30015,"comment_status":"open","ping_status":"open","sticky":false,"template":"","format":"standard","meta":{"fifu_image_url":"https:\/\/static.dw.com\/image\/72769039_6.jpg","fifu_image_alt":"","footnotes":""},"categories":[13],"tags":[],"class_list":["post-30014","post","type-post","status-publish","format-standard","has-post-thumbnail","","category-mundo"],"_links":{"self":[{"href":"https:\/\/noticiasveraces.com\/index.php?rest_route=\/wp\/v2\/posts\/30014","targetHints":{"allow":["GET"]}}],"collection":[{"href":"https:\/\/noticiasveraces.com\/index.php?rest_route=\/wp\/v2\/posts"}],"about":[{"href":"https:\/\/noticiasveraces.com\/index.php?rest_route=\/wp\/v2\/types\/post"}],"author":[{"embeddable":true,"href":"https:\/\/noticiasveraces.com\/index.php?rest_route=\/wp\/v2\/users\/1"}],"replies":[{"embeddable":true,"href":"https:\/\/noticiasveraces.com\/index.php?rest_route=%2Fwp%2Fv2%2Fcomments&post=30014"}],"version-history":[{"count":0,"href":"https:\/\/noticiasveraces.com\/index.php?rest_route=\/wp\/v2\/posts\/30014\/revisions"}],"wp:featuredmedia":[{"embeddable":true,"href":"https:\/\/noticiasveraces.com\/index.php?rest_route=\/wp\/v2\/media\/30015"}],"wp:attachment":[{"href":"https:\/\/noticiasveraces.com\/index.php?rest_route=%2Fwp%2Fv2%2Fmedia&parent=30014"}],"wp:term":[{"taxonomy":"category","embeddable":true,"href":"https:\/\/noticiasveraces.com\/index.php?rest_route=%2Fwp%2Fv2%2Fcategories&post=30014"},{"taxonomy":"post_tag","embeddable":true,"href":"https:\/\/noticiasveraces.com\/index.php?rest_route=%2Fwp%2Fv2%2Ftags&post=30014"}],"curies":[{"name":"wp","href":"https:\/\/api.w.org\/{rel}","templated":true}]}}