{"id":29983,"date":"2025-06-02T23:44:59","date_gmt":"2025-06-03T03:44:59","guid":{"rendered":"https:\/\/noticiasveraces.com\/?p=29983"},"modified":"2025-06-02T23:44:59","modified_gmt":"2025-06-03T03:44:59","slug":"como-influyen-los-multimillonarios-franceses-en-la-politica-dw-02-06-2025","status":"publish","type":"post","link":"https:\/\/noticiasveraces.com\/?p=29983","title":{"rendered":"C\u00f3mo influyen los multimillonarios franceses en la pol\u00edtica \u2013 DW \u2013 02\/06\/2025"},"content":{"rendered":"<p> \n<\/p>\n<div>\n<p>La vista oral del multimillonario de Francia\u00a0Pierre \u00c9douard St\u00e9rin era muy esperada. El objetivo era interrogar al empresario, propietario de Smartbox, una empresa de cajas de regalos, sobre su proyecto \u00abP\u00e9ricl\u00e8s\u00bb, en el que ya ha invertido casi 30 millones de euros en iniciativas\u00a0que representan valores profundamente conservadores, pero St\u00e9rin no asisti\u00f3.<\/p>\n<p><span data-slot-id=\"Article_InContent-1\" class=\"rich-text-ad\"\/><\/p>\n<h2>Incubadora de extrema derecha<\/h2>\n<p>El director general y cofundador de P\u00e9ricl\u00e8s, Arnaud R\u00e9rolle, s\u00ed acudi\u00f3 a su audiencia una semana antes. \u00abLa situaci\u00f3n econ\u00f3mica, social y moral de nuestro pa\u00eds es cr\u00edtica\u00bb, declar\u00f3 al comit\u00e9. \u00abSomos una incubadora de la extrema derecha del espectro pol\u00edtico para proyectos metapol\u00edticos. Hasta la fecha, hemos apoyado menos del 15 % de las 600 solicitudes\u00bb. A\u00f1adi\u00f3 que P\u00e9ricl\u00e8s no financia a candidatos electorales. La legislaci\u00f3n francesa s\u00f3lo le permite hacerlo a los partidos pol\u00edticos.<\/p>\n<figure class=\"placeholder-image master_landscape big\"><img data-format=\"MASTER_LANDSCAPE\" data-id=\"72745062\" data-url=\"https:\/\/static.dw.com\/image\/72745062_${formatId}.jpg\" data-aspect-ratio=\"16\/9\" alt=\"Asiento vac\u00edo en una audiencia parlamentaria con un letrero de papel: Pierre-\u00c9douard St\u00e9rin.\" style=\"padding-bottom: 56.25%; height: 0; max-height: 0;\"\/><figcaption class=\"img-caption\">El asiento del multimillonario Pierre-\u00c9douard St\u00e9rin en la audiencia: no asisti\u00f3 porque habr\u00eda \u00abrecibido amenazas\u00bb.<small class=\"copyright\">Imagen: Raphael Lafargue\/Abaca\/Picture Alliance<\/small><\/figcaption><\/figure>\n<h2>\u00abUn problema para la democracia\u00bb<\/h2>\n<p>Pierre-Yves Cadalen considera las declaraciones de R\u00e9rolle demasiado vagas. El diputado del partido de extrema izquierda Francia Insumisa\u00a0(LFI) es vicepresidente de la comisi\u00f3n investigadora: \u00abEl peri\u00f3dico <em>Humanidad<\/em> public\u00f3 un documento interno seg\u00fan el cual P\u00e9ricl\u00e8s quiere ayudar al partido de extrema derecha Reagrupaci\u00f3n Nacional (RN) a conquistar 300 ciudades en las elecciones locales de 2026&#8243;.<\/p>\n<p>R\u00e9rolle confirm\u00f3 en la audiencia la autenticidad del documento, pero lo calific\u00f3 de \u00abobsoleto\u00bb. Seg\u00fan el documento, planean invertir 150 millones de euros durante diez a\u00f1os para combatir el islamismo, la inmigraci\u00f3n y la ideolog\u00eda de g\u00e9nero, y trabajar para lograr la victoria en las elecciones presidenciales y parlamentarias de 2027. El l\u00edder de RN, Jordan Bardella, y la candidata presidencial de RN, Marine Le Pen, son \u00abpersonas de confianza\u00bb en este proceso.<\/p>\n<p>\u00abEs un problema para la democracia cuando los multimillonarios interfieren de esta manera en la vida pol\u00edtica\u00bb, afirm\u00f3 Cadalen, y no s\u00f3lo se refiere a St\u00e9rin. En Francia, 11 multimillonarios poseen el 80% de la prensa diaria. Sus emisoras de televisi\u00f3n y radio, en conjunto, representan m\u00e1s de la mitad de la audiencia y de oyentes.<\/p>\n<p>Vincent Bollor\u00e9 tambi\u00e9n est\u00e1 en el punto de mira. Es el accionista mayoritario de un grupo de log\u00edstica y comunicaci\u00f3n que lleva su nombre. Cadalen cree que Bollor\u00e9 ejerce \u00abuna gran influencia con su canal de noticias<em> CNEWS<\/em>la emisora de radio <em>Europa 1<\/em>el semanario <em>JDD<\/em> y la encuestadora CSA. Juntos, estos medios de comunicaci\u00f3n tienen influencia y difunden opiniones de extrema derecha que otros medios adoptan\u00bb.<\/p>\n<p>Esto nunca hab\u00eda sucedido antes, afirm\u00f3 Abel Fran\u00e7ois, profesor de Econom\u00eda Pol\u00edtica en la Universidad de Estrasburgo. \u00abAntes, los multimillonarios compraban medios para, por ejemplo, conseguir que los pol\u00edticos los favorecieran en licitaciones p\u00fablicas\u00bb, declar\u00f3 a DW. \u00abHoy, quieren difundir una determinada ideolog\u00eda\u00bb. Ni\u00a0en Bollor\u00e9 ni\u00a0en P\u00e9ricl\u00e8s\u00a0 respondieron a la solicitud de entrevista de DW.<\/p>\n<figure class=\"placeholder-image master_landscape big\"><img data-format=\"MASTER_LANDSCAPE\" data-id=\"69564841\" data-url=\"https:\/\/static.dw.com\/image\/69564841_${formatId}.jpg\" data-aspect-ratio=\"16\/9\" alt=\"Emmanuel Macron y Jordan Bardella en un fotomontaje.\" style=\"padding-bottom: 56.25%; height: 0; max-height: 0;\"\/><figcaption class=\"img-caption\">Muchas personas ricas en Francia apoyan a los pol\u00edticos de extrema derecha, como al l\u00edder del RN, Jordan Bardella (dcha), aqu\u00ed, en un fotomontaje, con el presidente franc\u00e9s, Emmanuel Macron.<small class=\"copyright\">Imagen: Hermann Wirt\/Grafik DW\/Reuters<\/small><\/figcaption><\/figure>\n<h2>La \u00abira del imperio\u00bb<\/h2>\n<p>La concentraci\u00f3n del mercado medi\u00e1tico tiene consecuencias de gran alcance. \u00abExiste cierta autocensura entre los periodistas con respecto a estos multimillonarios. Despu\u00e9s de todo, podr\u00edas arruinar tu relaci\u00f3n con un posible futuro empleador\u00bb, declar\u00f3 a DW Amaury de Rochegonde, periodista econ\u00f3mico del semanario <em>Estrategias<\/em> y de la emisora de radio <em>RFI<\/em>.<\/p>\n<p>Bollor\u00e9 y St\u00e9rin tambi\u00e9n han unido fuerzas:\u00a0\u00abAmbos se han reunido y parecen querer una uni\u00f3n de la extrema derecha, es decir, el ala conservadora de los republicanos, con el RN\u00bb, sostuvo Rochegonde.<\/p>\n<p>Alexis L\u00e9vrier, historiador de medios de la Universidad de Reims, experiment\u00f3\u00a0en primera persona lo que significa \u00abdar una patada a ese imperio\u00bb:\u00a0\u00abRecib\u00ed miles de mensajes: insultos, pero tambi\u00e9n amenazas de muerte, incluida una de un traficante de armas\u00bb.<\/p>\n<p>El detonante fue una entrevista a finales de febrero. En ella, L\u00e9vrier exigi\u00f3 la revocaci\u00f3n de la licencia de <em>CNEWS<\/em>al igual que de <em>C8<\/em>otro canal propiedad de Bollor\u00e9. <em>C8<\/em> hab\u00eda recibido previamente decenas de advertencias por sexismo y homofobia, entre otras cosas. \u00abMuchos de mis colegas de investigaci\u00f3n ya no se atreven a denunciar el imperio Bollor\u00e9. Las figuras culturales francesas tambi\u00e9n han guardado silencio. Tradicionalmente, eran defensores de los valores humanistas\u00bb, afirm\u00f3.<\/p>\n<p>Pero para Herv\u00e9 Joly, historiador del instituto estatal de investigaci\u00f3n CNRS, St\u00e9rin y Bollor\u00e9 son la excepci\u00f3n. \u00abEl RN apenas tiene defensores p\u00fablicos entre los empresarios\u00bb, explic\u00f3 a DW. \u00abHist\u00f3ricamente, los empresarios no apoyaban a la extrema derecha antes de que llegara al poder. Los empresarios suelen apoyar a partidos conservadores consolidados. Hoy, muchos de ellos son progresistas, a favor de la igualdad de derechos y de la lucha contra el cambio clim\u00e1tico\u00bb.<\/p>\n<p>Las cosas podr\u00edan ser diferentes si la extrema derecha llegara al poder. Para el parlamentario Cadalen: \u00abNecesitamos leyes contra la concentraci\u00f3n en el mercado medi\u00e1tico\u00bb. A juicio de la diputada de Ensemble!, El\u00e9onore Caroit, \u00abse pueden combatir proyectos, como P\u00e9ricl\u00e8s, exponi\u00e9ndolos\u00bb, declar\u00f3 a DW. \u00abProbablemente por eso St\u00e9rin no se present\u00f3 a la audiencia\u00bb. El multimillonario se enfrenta ahora a dos a\u00f1os de prisi\u00f3n y a una multa de 7.500 euros.<\/p>\n<p>(RMR\/CP)<\/p>\n<\/div>\n\n","protected":false},"excerpt":{"rendered":"<p>La vista oral del multimillonario de Francia\u00a0Pierre \u00c9douard St\u00e9rin era muy esperada. El objetivo era interrogar al empresario, propietario de Smartbox, una empresa de cajas de regalos, sobre su proyecto \u00abP\u00e9ricl\u00e8s\u00bb, en el que ya ha invertido casi 30 millones de euros en iniciativas\u00a0que representan valores profundamente conservadores, pero St\u00e9rin no asisti\u00f3. Incubadora de extrema &hellip;<\/p>\n","protected":false},"author":1,"featured_media":29984,"comment_status":"open","ping_status":"open","sticky":false,"template":"","format":"standard","meta":{"fifu_image_url":"https:\/\/static.dw.com\/image\/69580531_6.jpg","fifu_image_alt":"","footnotes":""},"categories":[13],"tags":[],"class_list":["post-29983","post","type-post","status-publish","format-standard","has-post-thumbnail","","category-mundo"],"_links":{"self":[{"href":"https:\/\/noticiasveraces.com\/index.php?rest_route=\/wp\/v2\/posts\/29983","targetHints":{"allow":["GET"]}}],"collection":[{"href":"https:\/\/noticiasveraces.com\/index.php?rest_route=\/wp\/v2\/posts"}],"about":[{"href":"https:\/\/noticiasveraces.com\/index.php?rest_route=\/wp\/v2\/types\/post"}],"author":[{"embeddable":true,"href":"https:\/\/noticiasveraces.com\/index.php?rest_route=\/wp\/v2\/users\/1"}],"replies":[{"embeddable":true,"href":"https:\/\/noticiasveraces.com\/index.php?rest_route=%2Fwp%2Fv2%2Fcomments&post=29983"}],"version-history":[{"count":0,"href":"https:\/\/noticiasveraces.com\/index.php?rest_route=\/wp\/v2\/posts\/29983\/revisions"}],"wp:featuredmedia":[{"embeddable":true,"href":"https:\/\/noticiasveraces.com\/index.php?rest_route=\/wp\/v2\/media\/29984"}],"wp:attachment":[{"href":"https:\/\/noticiasveraces.com\/index.php?rest_route=%2Fwp%2Fv2%2Fmedia&parent=29983"}],"wp:term":[{"taxonomy":"category","embeddable":true,"href":"https:\/\/noticiasveraces.com\/index.php?rest_route=%2Fwp%2Fv2%2Fcategories&post=29983"},{"taxonomy":"post_tag","embeddable":true,"href":"https:\/\/noticiasveraces.com\/index.php?rest_route=%2Fwp%2Fv2%2Ftags&post=29983"}],"curies":[{"name":"wp","href":"https:\/\/api.w.org\/{rel}","templated":true}]}}