{"id":29974,"date":"2025-06-02T19:55:17","date_gmt":"2025-06-02T23:55:17","guid":{"rendered":"https:\/\/noticiasveraces.com\/?p=29974"},"modified":"2025-06-02T19:55:17","modified_gmt":"2025-06-02T23:55:17","slug":"el-estilista-de-celebridades-jesus-guerrero-murio-de-neumonia-e-infeccion-por-hongos-posibles-complicaciones-del-sida","status":"publish","type":"post","link":"https:\/\/noticiasveraces.com\/?p=29974","title":{"rendered":"El estilista de celebridades Jes\u00fas Guerrero muri\u00f3 de neumon\u00eda e infecci\u00f3n por hongos, posibles complicaciones del SIDA"},"content":{"rendered":"<p> \n<br \/><img decoding=\"async\" src=\"https:\/\/media-cldnry.s-nbcnews.com\/image\/upload\/t_fit_1500w\/rockcms\/2025-02\/250224-jesus-guerrero-mn-1046-0ee94a.jpg\" \/><\/p>\n<div>\n<p class=\"body-graf\">Jes\u00fas Guerrero, la estilista de celebridades que muri\u00f3 en febrero y era conocido por trabajar con clientes como Kylie Jenner, Jennifer L\u00f3pez y Katy Perry, muri\u00f3 de neumon\u00eda y una infecci\u00f3n por hongos, seg\u00fan el m\u00e9dico forense del condado de Los \u00c1ngeles, muy probables complicaciones de las ayudas. <\/p>\n<p class=\"body-graf\">La oficina del m\u00e9dico forense enumer\u00f3 la causa principal de la muerte de Guerrero como neumon\u00eda y criptococcus neoformans diseminado, o una infecci\u00f3n por hongos, con el s\u00edndrome de inmunodeficiencia adquirida que figura como la causa secundaria de la muerte. <\/p>\n<p class=\"body-graf\">La neumon\u00eda de Pneumocystis jirovecii, el tipo de Guerrero que ten\u00eda enumerado es un tipo de neumon\u00eda particularmente severo que t\u00edpicamente se ve en personas con sistemas inmunes d\u00e9biles, lo que hace que el diagn\u00f3stico del SIDA probablemente sea un factor contribuyente.<\/p>\n<p class=\"body-graf\">Ambas se clasifican como infecciones oportunistas, lo que significa que son m\u00e1s comunes y m\u00e1s severas en personas con sistemas inmunes d\u00e9biles.<\/p>\n<p class=\"body-graf\">La familia de Guerrero anunci\u00f3 su muerte en Instagram el 23 de febrero. <\/p>\n<p class=\"body-graf\">Una recaudaci\u00f3n de fondos en l\u00ednea lanzada por su hermana dijo que Guerrero muri\u00f3 \u00abde repente e inesperadamente\u00bb.<\/p>\n<p class=\"body-graf\">\u00abHemos ca\u00eddo en l\u00e1grimas recordando repetidamente y pregunt\u00e1ndonos qu\u00e9 podr\u00edamos haber hecho diferentes para tenerlo con nosotros\u00bb, dijo la familia en ese momento, llam\u00e1ndolo \u00abla luz m\u00e1s brillante\u00bb.<\/p>\n<p class=\"body-graf\">Dos d\u00edas despu\u00e9s, Jenner comparti\u00f3 un emotivo Guerrero despu\u00e9s de conmemorar, su estilista, a quien llam\u00f3 m\u00e1s que una amiga y \u00abuna luz en mi vida\u00bb. <\/p>\n<p class=\"body-graf\">\u00abNo s\u00e9 c\u00f3mo habr\u00eda logrado pasar la \u00faltima d\u00e9cada sin \u00e9l a mi lado\u00bb, escribi\u00f3 Jenner. \u00abTen\u00eda una forma de hacer que incluso los d\u00edas m\u00e1s pesados \u200b\u200bse sintieran m\u00e1s ligeros\u00bb.<\/p>\n<p class=\"endmark body-graf\">Las hermanas de Jenner Kim Kardashian y Khloe Kardashian intervinieron, compartiendo su amor y aprecio por Guerrero en las publicaciones de Instagram en ese momento.<\/p>\n<\/div>\n<p><script async src=\"\/\/www.instagram.com\/embed.js\"><\/script><br \/>\n<br \/>\n","protected":false},"excerpt":{"rendered":"<p>Jes\u00fas Guerrero, la estilista de celebridades que muri\u00f3 en febrero y era conocido por trabajar con clientes como Kylie Jenner, Jennifer L\u00f3pez y Katy Perry, muri\u00f3 de neumon\u00eda y una infecci\u00f3n por hongos, seg\u00fan el m\u00e9dico forense del condado de Los \u00c1ngeles, muy probables complicaciones de las ayudas. La oficina del m\u00e9dico forense enumer\u00f3 la &hellip;<\/p>\n","protected":false},"author":1,"featured_media":29976,"comment_status":"open","ping_status":"open","sticky":false,"template":"","format":"standard","meta":{"fifu_image_url":"https:\/\/media-cldnry.s-nbcnews.com\/image\/upload\/t_nbcnews-fp-1200-630,f_auto,q_auto:best\/rockcms\/2025-02\/250224-jesus-guerrero-mn-1046-0ee94a.jpg","fifu_image_alt":"","footnotes":""},"categories":[4],"tags":[],"class_list":["post-29974","post","type-post","status-publish","format-standard","has-post-thumbnail","","category-historias-destacadas"],"_links":{"self":[{"href":"https:\/\/noticiasveraces.com\/index.php?rest_route=\/wp\/v2\/posts\/29974","targetHints":{"allow":["GET"]}}],"collection":[{"href":"https:\/\/noticiasveraces.com\/index.php?rest_route=\/wp\/v2\/posts"}],"about":[{"href":"https:\/\/noticiasveraces.com\/index.php?rest_route=\/wp\/v2\/types\/post"}],"author":[{"embeddable":true,"href":"https:\/\/noticiasveraces.com\/index.php?rest_route=\/wp\/v2\/users\/1"}],"replies":[{"embeddable":true,"href":"https:\/\/noticiasveraces.com\/index.php?rest_route=%2Fwp%2Fv2%2Fcomments&post=29974"}],"version-history":[{"count":0,"href":"https:\/\/noticiasveraces.com\/index.php?rest_route=\/wp\/v2\/posts\/29974\/revisions"}],"wp:featuredmedia":[{"embeddable":true,"href":"https:\/\/noticiasveraces.com\/index.php?rest_route=\/wp\/v2\/media\/29976"}],"wp:attachment":[{"href":"https:\/\/noticiasveraces.com\/index.php?rest_route=%2Fwp%2Fv2%2Fmedia&parent=29974"}],"wp:term":[{"taxonomy":"category","embeddable":true,"href":"https:\/\/noticiasveraces.com\/index.php?rest_route=%2Fwp%2Fv2%2Fcategories&post=29974"},{"taxonomy":"post_tag","embeddable":true,"href":"https:\/\/noticiasveraces.com\/index.php?rest_route=%2Fwp%2Fv2%2Ftags&post=29974"}],"curies":[{"name":"wp","href":"https:\/\/api.w.org\/{rel}","templated":true}]}}