{"id":29970,"date":"2025-06-02T19:38:06","date_gmt":"2025-06-02T23:38:06","guid":{"rendered":"https:\/\/noticiasveraces.com\/?p=29970"},"modified":"2025-06-02T19:38:06","modified_gmt":"2025-06-02T23:38:06","slug":"lo-que-espera-la-ue-del-nuevo-presidente-de-polonia-dw-02-06-2025","status":"publish","type":"post","link":"https:\/\/noticiasveraces.com\/?p=29970","title":{"rendered":"Lo que espera la UE del nuevo presidente de Polonia \u2013 DW \u2013 02\/06\/2025"},"content":{"rendered":"<p> \n<\/p>\n<div>\n<p>El conservador de derecha Karol Nawrocki gan\u00f3 la carrera por la presidencia de Polonia. Durante la campa\u00f1a electoral, se bas\u00f3 en su afinidad con el presidente estadounidense Donald Trump y prometi\u00f3 un enfoque de \u00abPolonia primero\u00bb. Se opone a la adhesi\u00f3n de Ucrania a la OTAN y es considerado un euroesc\u00e9ptico. La decisi\u00f3n de los votantes polacos, extremadamente ajustada, provoc\u00f3 reacciones en toda Europa.<\/p>\n<p>Varios jefes de Estado del espectro de derecha,\u00a0como la primera ministra italiana, Giorgia Meloni, felicitaron al futuro presidente polaco. El primer ministro h\u00fangaro, Viktor Orb\u00e1n, expres\u00f3 su alegr\u00eda por la \u00abfant\u00e1stica victoria\u00bb y su deseo de fortalecer la colaboraci\u00f3n dentro del Grupo de Visegrado, la alianza entre Polonia, Hungr\u00eda, Rep\u00fablica Checa y Eslovaquia.<\/p>\n<p>Otros jefes de Estado y de Gobierno, como el presidente lituano, Gitanas Naus\u00e9da, destacaron los valores compartidos. El presidente franc\u00e9s, Emmanuel Macron, dijo que aspira a trabajar con Polonia por una Europa \u00abfuerte, independiente y competitiva\u00bb, \u00abrespetuosa con el Estado de derecho\u00bb.<\/p>\n<p>La presidenta de la Comisi\u00f3n Europea, Ursula von der Leyen, tambi\u00e9n felicit\u00f3 a Nawrocki. Expres\u00f3 su confianza en que la Uni\u00f3n Europea continuar\u00e1 su excelente cooperaci\u00f3n con Polonia. \u00abTodos somos m\u00e1s fuertes en una comunidad de paz, democracia y valores\u00bb, escribi\u00f3 en X (antes Twitter). <\/p>\n<blockquote class=\"tweet embed\" data-id=\"1929419841800171933\"\/>\n<h2>Nawrocki, cercano al partido conservador-nacionalista PiS<\/h2>\n<p>Karol Nawrocki es oficialmente independiente, pero se present\u00f3 como candidato por el antiguo partido gobernante Ley y Justicia (PiS), conservador-nacionalista. Durante su mandato, de 2015 a 2023, el partido implement\u00f3 reformas en el sistema judicial polaco\u00a0que desencadenaron una prolongada disputa con Bruselas por acusaciones de socavaci\u00f3n del Estado de derecho. Esto culmin\u00f3 en el llamado procedimiento del Art\u00edculo 7, por violaci\u00f3n de los valores de la UE.<\/p>\n<p>El procedimiento finaliz\u00f3 el a\u00f1o pasado porque el pa\u00eds prometi\u00f3 implementar los cambios correspondientes. Tambi\u00e9n se liberaron a Polonia miles de millones de euros que hab\u00edan sido congelados por preocupaciones sobre su Estado de derecho.<\/p>\n<p>Sin embargo, muchas de las reformas polacas fracasaron debido al veto del presidente en ejercicio, Andrzej Duda, tambi\u00e9n cercano al PiS. Observadores prev\u00e9n que el bloqueo podr\u00eda continuar con el presidente entrante. La Comisi\u00f3n Europea se neg\u00f3 a especular sobre el impacto que esto tendr\u00eda en la UE. En la rueda de prensa diaria, enfatizaron su confianza en que Polonia continuar\u00e1 implementando las reformas y en que apoyar\u00e1n al pa\u00eds en ese proceso.<\/p>\n<h2>\u00bfNuevas tensiones con la UE sobre el Estado de derecho?<\/h2>\n<p>El parlamentario ecologista europeo Daniel Freund teme que el estancamiento pol\u00edtico en Polonia contin\u00fae y pide a la Comisi\u00f3n Europea que corrija su \u00aberror\u00bb -es decir, la liberaci\u00f3n prematura de los fondos europeos congelados-\u00a0y que contin\u00fae ejerciendo presi\u00f3n sobre Polonia.<\/p>\n<figure class=\"placeholder-image master_landscape big\"><img data-format=\"MASTER_LANDSCAPE\" data-id=\"72751830\" data-url=\"https:\/\/static.dw.com\/image\/72751830_${formatId}.jpg\" data-aspect-ratio=\"16\/9\" alt=\"Polonia, Varsovia, 2025: un ni\u00f1o observa una urna transparente con boletas de votaci\u00f3n dentro.\" style=\"padding-bottom: 56.25%; height: 0; max-height: 0;\"\/><figcaption class=\"img-caption\">Polonia vot\u00f3 por Nawrocki con un resultado ajustado que denota polarizaci\u00f3n: 50,89 % para el candidato conservador nacionalista vs. 49,11 % para el conservador liberal.<small class=\"copyright\">Imagen: Petr David Josek\/AP\/Picture Alliance<\/small><\/figcaption><\/figure>\n<p>Piotr Buras, director de la oficina de Varsovia del Consejo Europeo de Relaciones Exteriores (ECFR), subraya a DW que lo que sucede realmente en Polonia tambi\u00e9n es importante para la Comisi\u00f3n Europea. El Gobierno de Donald Tusk ha garantizado que ya no se apliquen leyes ilegales, eliminando las bases para el procedimiento del Art\u00edculo 7. Buras considera imposible que se produzca una nueva escalada con la Comisi\u00f3n bajo el Gobierno de Tusk.<\/p>\n<p><span data-slot-id=\"Article_InContent-1\" class=\"rich-text-ad\"\/><\/p>\n<h2>Impacto en la pol\u00edtica europea de Polonia<\/h2>\n<p>Buras no ve ninguna posibilidad de que el nuevo presidente electo influya directamente en la pol\u00edtica europea de Polonia. Seg\u00fan la Constituci\u00f3n polaca, esto es responsabilidad del Gobierno, afirma el polit\u00f3logo.<\/p>\n<p>Pero el presidente polaco tiene poderes como comandante en jefe de las Fuerzas Armadas, nombra al Gobierno, firma tratados internacionales y, sobre todo, puede bloquear leyes. Esto es precisamente lo que permite a Nawrocki interferir en la pol\u00edtica europea del Gobierno, reconoce Buras.<\/p>\n<p>Siempre que la pol\u00edtica de la UE deba implementarse en la legislaci\u00f3n nacional, Nawrocki podr\u00eda bloquearla, limitando el margen de maniobra del Gobierno de Tusk, explica Buras. Por eso, augura bloqueos en temas del Estado de derecho, el aborto, la migraci\u00f3n y la pol\u00edtica clim\u00e1tica. Al mismo tiempo, recuerda que el Gobierno de Tusk tampoco es muy progresista en las \u00e1reas de migraci\u00f3n y pol\u00edtica clim\u00e1tica.<\/p>\n<figure class=\"placeholder-image master_landscape big\"><img data-format=\"MASTER_LANDSCAPE\" data-id=\"72748764\" data-url=\"https:\/\/static.dw.com\/image\/72748764_${formatId}.jpg\" data-aspect-ratio=\"16\/9\" alt=\"El primer ministro de Polonia, Donald Tusk (izq.), y su esposa, Malgorzata Tusk, emitieron sus votos en un colegio electoral en Sopot, Polonia, durante la segunda vuelta de las elecciones presidenciales el 1\u00ba de junio de 2025.\" style=\"padding-bottom: 56.25%; height: 0; max-height: 0;\"\/><figcaption class=\"img-caption\">Nawrocki podr\u00eda seguir limitando el margen de maniobra del Gobierno de Donald Tusk (en la foto, durante la votaci\u00f3n, junto a su esposa).<small class=\"copyright\">Im\u00e1genes: Mateusz Slodkowski\/AFP\/Getty Images<\/small><\/figcaption><\/figure>\n<h2>Parlamento europeo: entre el escepticismo y alegr\u00eda<\/h2>\n<p>Manfred Weber, presidente del conservador Partido Popular Europeo (PPE), expres\u00f3 su esperanza de que Nawrocki colabore de forma constructiva con el Gobierno polaco por el bien de Polonia. Pero el eurodiputado socialdem\u00f3crata Ren\u00e9 Repasi cree que el Gobierno polaco est\u00e1 sumido en un caos, que no es improbable que se celebren nuevas elecciones al parlamento, ya que Nawrocki y los \u00abplanes progresistas del Gobierno de Tusk\u00bb son opuestos.<\/p>\n<p>El grupo europarlamentario Conservadores y Reformistas (ECR), al que pertenece el PiS, celebra la victoria electoral de Nawrocki. Europa debe seguir siendo una \u00abcomunidad de naciones libres, no una m\u00e1quina que anula la voluntad popular\u00bb, seg\u00fan su copresidente Nicola Procaccini.<\/p>\n<p>Como sea, el polit\u00f3logo Buras no considera la elecci\u00f3n de Nawrocki como un voto generalizado contra la UE. Ni el PiS ni Nawrocki han pedido nunca la salida de la UE. Eso s\u00ed, en Polonia hay una gran difusi\u00f3n del escepticismo sobre la p\u00e9rdida de soberan\u00eda y la interferencia en los asuntos internos de Polonia, dice, y este es el sentimiento que Nawrocki ha explotado.<\/p>\n<p>(RML\/CP)<\/p>\n<\/div>\n\n","protected":false},"excerpt":{"rendered":"<p>El conservador de derecha Karol Nawrocki gan\u00f3 la carrera por la presidencia de Polonia. Durante la campa\u00f1a electoral, se bas\u00f3 en su afinidad con el presidente estadounidense Donald Trump y prometi\u00f3 un enfoque de \u00abPolonia primero\u00bb. Se opone a la adhesi\u00f3n de Ucrania a la OTAN y es considerado un euroesc\u00e9ptico. La decisi\u00f3n de los &hellip;<\/p>\n","protected":false},"author":1,"featured_media":29971,"comment_status":"open","ping_status":"open","sticky":false,"template":"","format":"standard","meta":{"fifu_image_url":"https:\/\/static.dw.com\/image\/72754709_6.jpg","fifu_image_alt":"","footnotes":""},"categories":[13],"tags":[],"class_list":["post-29970","post","type-post","status-publish","format-standard","has-post-thumbnail","","category-mundo"],"_links":{"self":[{"href":"https:\/\/noticiasveraces.com\/index.php?rest_route=\/wp\/v2\/posts\/29970","targetHints":{"allow":["GET"]}}],"collection":[{"href":"https:\/\/noticiasveraces.com\/index.php?rest_route=\/wp\/v2\/posts"}],"about":[{"href":"https:\/\/noticiasveraces.com\/index.php?rest_route=\/wp\/v2\/types\/post"}],"author":[{"embeddable":true,"href":"https:\/\/noticiasveraces.com\/index.php?rest_route=\/wp\/v2\/users\/1"}],"replies":[{"embeddable":true,"href":"https:\/\/noticiasveraces.com\/index.php?rest_route=%2Fwp%2Fv2%2Fcomments&post=29970"}],"version-history":[{"count":0,"href":"https:\/\/noticiasveraces.com\/index.php?rest_route=\/wp\/v2\/posts\/29970\/revisions"}],"wp:featuredmedia":[{"embeddable":true,"href":"https:\/\/noticiasveraces.com\/index.php?rest_route=\/wp\/v2\/media\/29971"}],"wp:attachment":[{"href":"https:\/\/noticiasveraces.com\/index.php?rest_route=%2Fwp%2Fv2%2Fmedia&parent=29970"}],"wp:term":[{"taxonomy":"category","embeddable":true,"href":"https:\/\/noticiasveraces.com\/index.php?rest_route=%2Fwp%2Fv2%2Fcategories&post=29970"},{"taxonomy":"post_tag","embeddable":true,"href":"https:\/\/noticiasveraces.com\/index.php?rest_route=%2Fwp%2Fv2%2Ftags&post=29970"}],"curies":[{"name":"wp","href":"https:\/\/api.w.org\/{rel}","templated":true}]}}