{"id":29940,"date":"2025-06-02T17:27:59","date_gmt":"2025-06-02T21:27:59","guid":{"rendered":"https:\/\/noticiasveraces.com\/?p=29940"},"modified":"2025-06-02T17:27:59","modified_gmt":"2025-06-02T21:27:59","slug":"donald-tusk-se-sometera-a-una-mocion-de-confianza-en-polonia-dw-02-06-2025","status":"publish","type":"post","link":"https:\/\/noticiasveraces.com\/?p=29940","title":{"rendered":"Donald Tusk se someter\u00e1 a una moci\u00f3n de confianza en Polonia \u2013 DW \u2013 02\/06\/2025"},"content":{"rendered":"<p> \n<\/p>\n<div>\n<p>El primer ministro de Polonia, el proeuropeo Donald Tusk, anunci\u00f3 el lunes (02.06.2025) que pedir\u00e1 un voto de confianza en el Parlamento tras la victoria del candidato nacionalista Karol Nawrocki en la elecci\u00f3n presidencial del domingo y para demostrar que su coalici\u00f3n de centro liberal no est\u00e1 dispuesta a retroceder \u00abni un paso\u00bb.<\/p>\n<p>\u00abLa primera prueba [para mi gobierno] ser\u00e1 un voto de confianza que pedir\u00e9 pr\u00f3ximamente a la C\u00e1mara Baja\u00bb, declar\u00f3 Donald Tusk en un discurso televisado, y prometi\u00f3 continuar gobernando el pa\u00eds con la esperanza de poder cooperar con Karol Nawrocki. Tusk enfatiz\u00f3 que su Gobierno est\u00e1 dispuesto a cooperar con el nuevo presidente \u00aben lo necesario y en la medida de lo posible\u00bb, pero que est\u00e1 preparado para la posibilidad de que Nawrocki adopte una actitud de bloqueo.<\/p>\n<h2>Un Ejecutivo \u00abcon experiencia\u00bb en tener al presidente en contra<\/h2>\n<p>Tusk afirm\u00f3 que el objetivo es que todos, en el extranjero y dentro del pa\u00eds, vean que el Gobierno \u00abcomprende la gravedad del momento\u00bb, pero no se dispone \u00aba dar un solo paso atr\u00e1s\u00bb. En su mensaje, el primer ministro reconoci\u00f3 la posibilidad de una \u00abcohabitaci\u00f3n dif\u00edcil\u00bb con el nuevo presidente, despu\u00e9s de que la cooperaci\u00f3n con el anterior jefe del Estado, el tambi\u00e9n conservador Andrzej Duda, estuviera marcada por desavenencias y bloqueos.<\/p>\n<p>\u00abSoy consciente de que puede ser m\u00e1s dif\u00edcil de lo que muchos de ustedes pensaron cuando fueron a votar ayer, pero esto no cambia en lo m\u00e1s m\u00ednimo mi determinaci\u00f3n y voluntad de actuar en defensa de todo aquello en lo que creemos juntos\u00bb, subray\u00f3. El primer ministro asegur\u00f3 que su Gobierno ya ten\u00eda preparado un \u00abplan de contingencia\u00bb para lidiar con el nuevo presidente y destac\u00f3 que si hay que gobernar con un jefe del Estado que intenta bloquear los \u00abbuenos cambios\u00bb, su Ejecutivo ya cuenta con \u00abexperiencia\u00bb.<\/p>\n<p><span data-slot-id=\"Article_InContent-1\" class=\"rich-text-ad\"\/><\/p>\n<h2>Cr\u00edticas dentro y fuera de la coalici\u00f3n de gobierno<\/h2>\n<p>Sin embargo, frente al mensaje de unidad lanzado por Tusk, Szymon Ho\u0142ownia, presidente del Parlamento y l\u00edder de Polonia 2050, uno de los partidos que forman parte de la alianza de Gobierno, anunci\u00f3 una reuni\u00f3n con los otros l\u00edderes de la coalici\u00f3n para que \u00abse extraigan conclusiones\u00bb. El l\u00edder de Polonia 2050 argument\u00f3 que el Gobierno ya dispone de mayor\u00eda en el Parlamento y que, por el contrario, para demostrar que han comprendido la situaci\u00f3n, deber\u00edan \u00abbuscar una nueva apertura y presentar al pueblo un plan de trabajo\u00bb.<\/p>\n<p>Por su parte, el l\u00edder del PiS, Jaroslaw Kaczynski, sugiri\u00f3 que Tusk deber\u00eda dimitir tras recibir una \u00abtarjeta roja\u00bb en las elecciones presidenciales y que se deber\u00eda formar un Gobierno t\u00e9cnico de unidad nacional.<\/p>\n<p>LGC (EFE, AFP)<\/p>\n<\/div>\n\n","protected":false},"excerpt":{"rendered":"<p>El primer ministro de Polonia, el proeuropeo Donald Tusk, anunci\u00f3 el lunes (02.06.2025) que pedir\u00e1 un voto de confianza en el Parlamento tras la victoria del candidato nacionalista Karol Nawrocki en la elecci\u00f3n presidencial del domingo y para demostrar que su coalici\u00f3n de centro liberal no est\u00e1 dispuesta a retroceder \u00abni un paso\u00bb. \u00abLa primera &hellip;<\/p>\n","protected":false},"author":1,"featured_media":29941,"comment_status":"open","ping_status":"open","sticky":false,"template":"","format":"standard","meta":{"fifu_image_url":"https:\/\/static.dw.com\/image\/72767652_6.jpg","fifu_image_alt":"","footnotes":""},"categories":[13],"tags":[],"class_list":["post-29940","post","type-post","status-publish","format-standard","has-post-thumbnail","","category-mundo"],"_links":{"self":[{"href":"https:\/\/noticiasveraces.com\/index.php?rest_route=\/wp\/v2\/posts\/29940","targetHints":{"allow":["GET"]}}],"collection":[{"href":"https:\/\/noticiasveraces.com\/index.php?rest_route=\/wp\/v2\/posts"}],"about":[{"href":"https:\/\/noticiasveraces.com\/index.php?rest_route=\/wp\/v2\/types\/post"}],"author":[{"embeddable":true,"href":"https:\/\/noticiasveraces.com\/index.php?rest_route=\/wp\/v2\/users\/1"}],"replies":[{"embeddable":true,"href":"https:\/\/noticiasveraces.com\/index.php?rest_route=%2Fwp%2Fv2%2Fcomments&post=29940"}],"version-history":[{"count":0,"href":"https:\/\/noticiasveraces.com\/index.php?rest_route=\/wp\/v2\/posts\/29940\/revisions"}],"wp:featuredmedia":[{"embeddable":true,"href":"https:\/\/noticiasveraces.com\/index.php?rest_route=\/wp\/v2\/media\/29941"}],"wp:attachment":[{"href":"https:\/\/noticiasveraces.com\/index.php?rest_route=%2Fwp%2Fv2%2Fmedia&parent=29940"}],"wp:term":[{"taxonomy":"category","embeddable":true,"href":"https:\/\/noticiasveraces.com\/index.php?rest_route=%2Fwp%2Fv2%2Fcategories&post=29940"},{"taxonomy":"post_tag","embeddable":true,"href":"https:\/\/noticiasveraces.com\/index.php?rest_route=%2Fwp%2Fv2%2Ftags&post=29940"}],"curies":[{"name":"wp","href":"https:\/\/api.w.org\/{rel}","templated":true}]}}