{"id":29938,"date":"2025-06-02T16:26:40","date_gmt":"2025-06-02T20:26:40","guid":{"rendered":"https:\/\/noticiasveraces.com\/?p=29938"},"modified":"2025-06-02T16:26:40","modified_gmt":"2025-06-02T20:26:40","slug":"la-otan-no-tiene-futuro-por-trump-dw-02-06-2025","status":"publish","type":"post","link":"https:\/\/noticiasveraces.com\/?p=29938","title":{"rendered":"la OTAN \u00abno tiene futuro\u00bb por Trump \u2013 DW \u2013 02\/06\/2025"},"content":{"rendered":"<p> \n<\/p>\n<div>\n<p>\u00ab\u00bfQui\u00e9n o qu\u00e9 puede a\u00fan salvar la paz?\u00bb, preguntan los principales investigadores alemanes en materia de paz y conflictos en su Informe sobre la Paz 2025. Hay\u00a0guerras en Ucrania, la Franja de Gaza y Sud\u00e1n, m\u00e1s de 122 millones de personas huyen de sus pa\u00edses, y hay numerosos conflictos violentos en todo el mundo. Desde 1987, cient\u00edficos de cuatro institutos de investigaci\u00f3n analizan los conflictos internacionales y elaborado recomendaciones pol\u00edticas.<\/p>\n<h2>Duras cr\u00edticas contra Donald Trump<\/h2>\n<p>Los cambios pol\u00edticos en Estados Unidos son un tema clave del informe de este a\u00f1o. Trump y su movimiento MAGA (<em>Hacer que Estados Unidos sea genial de nuevo<\/em>) han logrado transformar la democracia m\u00e1s antigua del mundo en un r\u00e9gimen autoritario en muy poco tiempo, y sin mucha resistencia, seg\u00fan los investigadores.<\/p>\n<p>\u00abSe corteja a gobernantes autoritarios y dictadores, y se apoya a los movimientos populistas de derecha en las democracias liberales\u00bb. El investigador de conflictos Christopher Daase, del Instituto Leibniz para la Investigaci\u00f3n de la Paz y los Conflictos, ve el peligro de un \u00abcontagio autoritario\u00bb. Tambi\u00e9n se se\u00f1alan tendencias preocupantes, como el debilitamiento de la jurisdicci\u00f3n internacional, el cuestionamiento de la libertad acad\u00e9mica y las intromisiones en la autonom\u00eda de actores sociales, como las iglesias, ya evidentes en Europa.<\/p>\n<p><span data-slot-id=\"Article_InContent-1\" class=\"rich-text-ad\"\/><\/p>\n<h2>\u00bfHay esperanza para la OTAN?<\/h2>\n<p>La cooperaci\u00f3n transatl\u00e1ntica con EE. UU., tal como la conocemos, ha terminado, afirma el informe. Seg\u00fan los investigadores, esto es tambi\u00e9n aplicable\u00a0a la cooperaci\u00f3n militar. \u00abLa credibilidad del compromiso de ayuda mutua de la OTAN se ha visto socavada,\u00a0y el acercamiento entre EE. UU. y Rusia amenaza con producirse no s\u00f3lo a expensas de Ucrania, sino tambi\u00e9n de los intereses europeos\u00bb.<\/p>\n<p>\u00abEn este momento, el problema es que no se puede hacer nada sin la OTAN, y por lo tanto, nadie quiere hablar realmente del fin de la OTAN, a pesar de que sus valores han desaparecido hace tiempo\u00bb, afirm\u00f3 Daase.<\/p>\n<h2>Europeos deben aunar fuerzas<\/h2>\n<p>El informe sobre la paz recomienda que el Gobierno alem\u00e1n siga un plan transparente y gradual para la expansi\u00f3n e integraci\u00f3n de las estructuras de defensa europeas. Sin embargo, la Uni\u00f3n Europea est\u00e1 actualmente lejos de lograrlo.<\/p>\n<p>\u00abLo que estamos viendo actualmente en la UE no es un fortalecimiento de las capacidades de defensa europeas dentro del marco pol\u00edtico de la Uni\u00f3n Europea, sino m\u00e1s bien un fortalecimiento de las capacidades de defensa nacionales de los Estados miembros de la UE\u00bb, afirm\u00f3 Ursula Schr\u00f6der, del Instituto de Investigaci\u00f3n para la Paz y Pol\u00edtica de Seguridad de la Universidad de Hamburgo (IFSH).<\/p>\n<p>La seguridad no debe entenderse \u00fanicamente en el sentido militar, sino tambi\u00e9n como \u00abmedidas de fomento de la confianza y diplomacia\u00bb, enfatiz\u00f3 Conrad Schetter, del Centro Internacional de Estudios de Conflictos de Bonn (bicc). Tambi\u00e9n es importante que haya una pol\u00edtica de desarrollo eficaz.<\/p>\n<figure class=\"placeholder-image master_landscape big\"><img data-format=\"MASTER_LANDSCAPE\" data-id=\"72765732\" data-url=\"https:\/\/static.dw.com\/image\/72765732_${formatId}.jpg\" data-aspect-ratio=\"16\/9\" alt=\"Profesores con el Informe de Paz 205 en Berl\u00edn.\" style=\"padding-bottom: 56.25%; height: 0; max-height: 0;\"\/><figcaption class=\"img-caption\">Profesores con el Informe de Paz en Berl\u00edn: (de izquierda a derecha) Tobias Debiel, Instituto para el Desarrollo y la Paz (INEF) de la Universidad de Duisburg-Essen, Ursula Schr\u00f6der, Instituto de Investigaci\u00f3n para la Paz y la Pol\u00edtica de Seguridad de la Universidad de Hamburgo (IFSH), Claudia Baumgart-Ochse, del Instituto Leibniz para la Investigaci\u00f3n de la Paz y los Conflictos (PRIF), Conrad Schetter, Centro Internacional de Estudios de Conflictos de Bonn (bicc) y Christopher Daase del PRIF.<small class=\"copyright\">Imagen: Christian Ditch \/ Imelo<\/small><\/figcaption><\/figure>\n<h2>No m\u00e1s entregas de armas a Israel<\/h2>\n<p>En su informe, los investigadores destacan con preocupaci\u00f3n la erosi\u00f3n global del derecho internacional. Observan una creciente \u00abdeshumanizaci\u00f3n de la guerra\u00bb, en la que, entre otras cosas, se ignora masivamente la protecci\u00f3n de la poblaci\u00f3n civil, y hospitales y escuelas se convierten en blancos directos de ataques militares. La ayuda humanitaria se bloquea o se instrumentaliza con fines pol\u00edticos. Esto es particularmente evidente en la guerra de Rusia contra Ucrania y en la guerra entre Israel y Ham\u00e1s.<\/p>\n<p>Los investigadores est\u00e1n horrorizados por la situaci\u00f3n en Gaza, que ya se ha cobrado la vida de m\u00e1s de 53.000 personas y ha destruido en gran medida el territorio. Los investigadores por la paz piden \u00abcon m\u00e1s urgencia que nunca\u00bb que se detengan todas las entregas de armas que podr\u00edan utilizarse en la Franja de Gaza y Cisjordania. El Gobierno de Israel ha violado \u00abflagrantemente\u00bb el derecho internacional humanitario y ha excedido los l\u00edmites de la \u00ableg\u00edtima defensa\u00bb.<\/p>\n<p>Entre octubre de 2023 y mayo de 2025 se aprobaron exportaciones de armas desde Alemania por un valor de casi 500 millones de euros. Esta fue la respuesta por escrito del Gobierno alem\u00e1n a una pregunta al respecto hecha por el grupo parlamentario del partido La Izquierda.<\/p>\n<h2>No invitar a Netanyahu a Alemania<\/h2>\n<p>El informe insta al Gobierno alem\u00e1n a respetar la jurisdicci\u00f3n internacional: \u00abEl derecho internacional prevalece sobre las razones de Estado\u00bb. Tras su victoria electoral, Friedrich Merz, de la conservadora Uni\u00f3n Dem\u00f3crata Cristiana (CDU) anunci\u00f3 que quer\u00eda invitar al primer ministro israel\u00ed, Benjam\u00edn Netanyahu, a Alemania, a pesar de que existe una orden de arresto contra \u00e9l de la Corte Penal Internacional.<\/p>\n<p>Los investigadores tambi\u00e9n instan a Alemania a abogar por el reconocimiento de un Estado palestino \u00aba mediano\u00a0plazo\u00bb. Una soluci\u00f3n duradera al \u00abconflicto palestino\u00bb no limitar\u00eda \u00aben modo alguno el derecho de Israel a un Estado jud\u00edo dentro de fronteras seguras\u201d.<\/p>\n<p>(RMR\/CP)<\/p>\n<\/div>\n\n","protected":false},"excerpt":{"rendered":"<p>\u00ab\u00bfQui\u00e9n o qu\u00e9 puede a\u00fan salvar la paz?\u00bb, preguntan los principales investigadores alemanes en materia de paz y conflictos en su Informe sobre la Paz 2025. Hay\u00a0guerras en Ucrania, la Franja de Gaza y Sud\u00e1n, m\u00e1s de 122 millones de personas huyen de sus pa\u00edses, y hay numerosos conflictos violentos en todo el mundo. Desde &hellip;<\/p>\n","protected":false},"author":1,"featured_media":29939,"comment_status":"open","ping_status":"open","sticky":false,"template":"","format":"standard","meta":{"fifu_image_url":"https:\/\/static.dw.com\/image\/48159173_6.jpg","fifu_image_alt":"","footnotes":""},"categories":[13],"tags":[],"class_list":["post-29938","post","type-post","status-publish","format-standard","has-post-thumbnail","","category-mundo"],"_links":{"self":[{"href":"https:\/\/noticiasveraces.com\/index.php?rest_route=\/wp\/v2\/posts\/29938","targetHints":{"allow":["GET"]}}],"collection":[{"href":"https:\/\/noticiasveraces.com\/index.php?rest_route=\/wp\/v2\/posts"}],"about":[{"href":"https:\/\/noticiasveraces.com\/index.php?rest_route=\/wp\/v2\/types\/post"}],"author":[{"embeddable":true,"href":"https:\/\/noticiasveraces.com\/index.php?rest_route=\/wp\/v2\/users\/1"}],"replies":[{"embeddable":true,"href":"https:\/\/noticiasveraces.com\/index.php?rest_route=%2Fwp%2Fv2%2Fcomments&post=29938"}],"version-history":[{"count":0,"href":"https:\/\/noticiasveraces.com\/index.php?rest_route=\/wp\/v2\/posts\/29938\/revisions"}],"wp:featuredmedia":[{"embeddable":true,"href":"https:\/\/noticiasveraces.com\/index.php?rest_route=\/wp\/v2\/media\/29939"}],"wp:attachment":[{"href":"https:\/\/noticiasveraces.com\/index.php?rest_route=%2Fwp%2Fv2%2Fmedia&parent=29938"}],"wp:term":[{"taxonomy":"category","embeddable":true,"href":"https:\/\/noticiasveraces.com\/index.php?rest_route=%2Fwp%2Fv2%2Fcategories&post=29938"},{"taxonomy":"post_tag","embeddable":true,"href":"https:\/\/noticiasveraces.com\/index.php?rest_route=%2Fwp%2Fv2%2Ftags&post=29938"}],"curies":[{"name":"wp","href":"https:\/\/api.w.org\/{rel}","templated":true}]}}