{"id":29932,"date":"2025-06-02T14:23:27","date_gmt":"2025-06-02T18:23:27","guid":{"rendered":"https:\/\/noticiasveraces.com\/?p=29932"},"modified":"2025-06-02T14:23:27","modified_gmt":"2025-06-02T18:23:27","slug":"rusia-rechaza-el-alto-el-fuego-en-las-conversaciones-de-paz-de-turquia-mientras-acepta-el-intercambio-de-prisioneros","status":"publish","type":"post","link":"https:\/\/noticiasveraces.com\/?p=29932","title":{"rendered":"Rusia rechaza el alto el fuego en las conversaciones de paz de Turqu\u00eda mientras acepta el intercambio de prisioneros"},"content":{"rendered":"<p> \n<\/p>\n<div>\n<div id=\"beyondwords-wrapper\" class=\"beyondwords-wrapper\">\n<p><span class=\"label-bg\">NUEVO<\/span>\u00a1Ahora puedes escuchar art\u00edculos de Fox News!\n  <\/p>\n<\/div>\n<p class=\"speakable\">La segunda ronda de conversaciones de paz entre Ucrania y Rusia en Turqu\u00eda una vez m\u00e1s no arroj\u00f3 ning\u00fan resultado de alto el fuego el lunes y el presidente ucraniano Volodymyr Zelenskyy reiter\u00f3 su demanda de que el presidente ruso Vladimir Putin \u00abno deba recibir ninguna recompensa por [his] guerra.\u00bb<\/p>\n<p class=\"speakable\">A pesar de un aparente memorando de t\u00e9rminos dados a Ucrania por la delegaci\u00f3n rusa, Mosc\u00fa una vez m\u00e1s se neg\u00f3 a aceptar un alto el fuego incondicional definido por una propuesta de los Estados Unidos y ya acord\u00f3 por Kiev. <\/p>\n<p>Despu\u00e9s de las conversaciones, que parec\u00edan durar menos de tres horas, aunque algunos informes se\u00f1alaron que duraron menos de una hora, el jefe de la delegaci\u00f3n ucraniana en Estanbul, el ministro de Defensa, Rustem Umerov, dijo que sus hom\u00f3logos rusos no solo rechazaron los t\u00e9rminos de cese del fuego, sino tambi\u00e9n a una reuni\u00f3n entre Zelenskyy y Putin.<\/p>\n<p><strong>Ucrania, Rusia se re\u00fane para conversaciones de paz en Estambul despu\u00e9s de un fin de semana explosivo<\/strong><\/p>\n<div class=\"image-ct inline\">\n<div class=\"m\"><picture><source media=\"(max-width: 767px)\" srcset=\"https:\/\/a57.foxnews.com\/static.foxnews.com\/foxnews.com\/content\/uploads\/2025\/06\/343\/192\/gettyimages-2217651149.jpg?ve=1&amp;tl=1, https:\/\/a57.foxnews.com\/static.foxnews.com\/foxnews.com\/content\/uploads\/2025\/06\/686\/384\/gettyimages-2217651149.jpg?ve=1&amp;tl=1 2x\" height=\"192\" width=\"343\"><source media=\"(min-width: 768px) and (max-width: 1023px)\" srcset=\"https:\/\/a57.foxnews.com\/static.foxnews.com\/foxnews.com\/content\/uploads\/2025\/06\/672\/378\/gettyimages-2217651149.jpg?ve=1&amp;tl=1, https:\/\/a57.foxnews.com\/static.foxnews.com\/foxnews.com\/content\/uploads\/2025\/06\/1344\/756\/gettyimages-2217651149.jpg?ve=1&amp;tl=1 2x\" height=\"378\" width=\"672\"><source media=\"(min-width: 1024px) and (max-width: 1279px)\" srcset=\"https:\/\/a57.foxnews.com\/static.foxnews.com\/foxnews.com\/content\/uploads\/2025\/06\/931\/523\/gettyimages-2217651149.jpg?ve=1&amp;tl=1, https:\/\/a57.foxnews.com\/static.foxnews.com\/foxnews.com\/content\/uploads\/2025\/06\/1862\/1046\/gettyimages-2217651149.jpg?ve=1&amp;tl=1 2x\" height=\"523\" width=\"931\"><source media=\"(min-width: 1280px)\" srcset=\"https:\/\/a57.foxnews.com\/static.foxnews.com\/foxnews.com\/content\/uploads\/2025\/06\/720\/405\/gettyimages-2217651149.jpg?ve=1&amp;tl=1, https:\/\/a57.foxnews.com\/static.foxnews.com\/foxnews.com\/content\/uploads\/2025\/06\/1440\/810\/gettyimages-2217651149.jpg?ve=1&amp;tl=1 2x\" height=\"405\" width=\"720\"><img loading=\"lazy\" decoding=\"async\" src=\"https:\/\/a57.foxnews.com\/static.foxnews.com\/foxnews.com\/content\/uploads\/2025\/06\/1200\/675\/gettyimages-2217651149.jpg?ve=1&amp;tl=1\" alt=\"Las delegaciones de Rusia y Ucrania se sientan uno frente al otro en una larga mesa en forma de U durante las conversaciones de paz en Estambul, Turqu\u00eda, con funcionarios turcos en la mesa principal y banderas nacionales de Rusia, Turqu\u00eda y Ucrania se exhibieron detr\u00e1s de ellos. La habitaci\u00f3n est\u00e1 elaboradamente decorada con pisos alfombrados, papel tapiz adornado e iluminaci\u00f3n superior.\" width=\"1200\" height=\"675\"\/><\/source><\/source><\/source><\/source><\/picture><\/div>\n<div class=\"info\">\n<div class=\"caption\">\n<p><span>El ministro de Relaciones Exteriores turcos, Hakan Fidan, preside la reuni\u00f3n trilateral de Turkiye-Russia-Ukraine en Estambul, Turkiye el 02 de junio de 2025. <\/span> <span>(Murat Gok\/Anadolu a trav\u00e9s de Getty Images)<\/span><\/p>\n<\/div>\n<\/div>\n<\/div>\n<p>Se acord\u00f3 un gran intercambio de prisioneros de 6,000 a 6,000 y asegurar\u00e1 la liberaci\u00f3n de prisioneros enfermos y graves heridos y aquellos menores de 25 a\u00f1os.<\/p>\n<p>Ucrania tambi\u00e9n entreg\u00f3 una lista que contiene los nombres de varios cientos de ni\u00f1os que Rusia deport\u00f3 ilegalmente y se mud\u00f3 de territorios ocupados de Ucrania, aunque no est\u00e1 claro si las autoridades rusas han acordado devolver a cualquiera de los ni\u00f1os, muchos de los cuales han sido \u00abadoptados\u00bb por los padres rusos.<\/p>\n<p>\u00abLa clave para la paz duradera es clara: el agresor no debe recibir ninguna recompensa por la guerra. Putin no debe obtener nada que justifique su agresi\u00f3n\u00bb, dijo Zelenskyy en una publicaci\u00f3n a X despu\u00e9s de su direcci\u00f3n en una cumbre de seguridad de la OTAN en Lituania.  \u00abCualquier recompensa solo le mostrar\u00eda que la guerra vale la pena\u00bb.<\/p>\n<p>Los comentarios de Zelenskyy y las conversaciones de paz se produjeron solo un d\u00eda despu\u00e9s de una sorpresa de drones, denominada \u00abOperaci\u00f3n Spiderweb\u00bb de Ucrania dentro de Rusia en el que el complejo militar de Mosc\u00fa fue atacado, y aproximadamente un tercio de sus portadores de misiles de crucero aparentemente fueron destruidos.<\/p>\n<p>Zelenskyy dijo que el ataque \u00abdebilit\u00f3 seriamente a sus militares\u00bb y \u00abmostr\u00f3 c\u00f3mo se ve realmente la guerra moderna y [that\u2019s] Por qu\u00e9 es tan importante mantenerse a la vanguardia con la tecnolog\u00eda \u00ab.<\/p>\n<p><strong>Zelenskyy habla con Trump, aliados despu\u00e9s del corredor de conversaciones de paz de Rusia sin alto el fuego<\/strong><\/p>\n<div class=\"image-ct inline\">\n<div class=\"m\"><picture><source media=\"(max-width: 767px)\" srcset=\"https:\/\/a57.foxnews.com\/static.foxnews.com\/foxnews.com\/content\/uploads\/2025\/06\/343\/192\/ap25152617163005.jpg?ve=1&amp;tl=1, https:\/\/a57.foxnews.com\/static.foxnews.com\/foxnews.com\/content\/uploads\/2025\/06\/686\/384\/ap25152617163005.jpg?ve=1&amp;tl=1 2x\" height=\"192\" width=\"343\"><source media=\"(min-width: 768px) and (max-width: 1023px)\" srcset=\"https:\/\/a57.foxnews.com\/static.foxnews.com\/foxnews.com\/content\/uploads\/2025\/06\/672\/378\/ap25152617163005.jpg?ve=1&amp;tl=1, https:\/\/a57.foxnews.com\/static.foxnews.com\/foxnews.com\/content\/uploads\/2025\/06\/1344\/756\/ap25152617163005.jpg?ve=1&amp;tl=1 2x\" height=\"378\" width=\"672\"><source media=\"(min-width: 1024px) and (max-width: 1279px)\" srcset=\"https:\/\/a57.foxnews.com\/static.foxnews.com\/foxnews.com\/content\/uploads\/2025\/06\/931\/523\/ap25152617163005.jpg?ve=1&amp;tl=1, https:\/\/a57.foxnews.com\/static.foxnews.com\/foxnews.com\/content\/uploads\/2025\/06\/1862\/1046\/ap25152617163005.jpg?ve=1&amp;tl=1 2x\" height=\"523\" width=\"931\"><source media=\"(min-width: 1280px)\" srcset=\"https:\/\/a57.foxnews.com\/static.foxnews.com\/foxnews.com\/content\/uploads\/2025\/06\/720\/405\/ap25152617163005.jpg?ve=1&amp;tl=1, https:\/\/a57.foxnews.com\/static.foxnews.com\/foxnews.com\/content\/uploads\/2025\/06\/1440\/810\/ap25152617163005.jpg?ve=1&amp;tl=1 2x\" height=\"405\" width=\"720\"><img loading=\"lazy\" decoding=\"async\" src=\"https:\/\/a57.foxnews.com\/static.foxnews.com\/foxnews.com\/content\/uploads\/2025\/06\/1200\/675\/ap25152617163005.jpg?ve=1&amp;tl=1\" alt=\"Aviones de avi\u00f3n no tripulado ucraniano en aviones rusos\" width=\"1200\" height=\"675\"\/><\/source><\/source><\/source><\/source><\/picture><\/div>\n<div class=\"info\">\n<div class=\"caption\">\n<p><span>Esta imagen tomada del video lanzada el 1 de junio de 2025 por una fuente en el Servicio de Seguridad de Ucrania muestra a un dron ucraniano que golpea aviones rusos en el territorio de Rusia.<\/span> <span>(Servicio de seguridad ucraniano a trav\u00e9s de AP)<\/span><\/p>\n<\/div>\n<\/div>\n<\/div>\n<p>El presidente ucraniano no hizo m\u00e1s comentarios sobre la sustancia de las conversaciones. Ucrania ha recibido una semana para revisar los t\u00e9rminos de Rusia por un alto el fuego.<\/p>\n<p>Los t\u00e9rminos de Ucrania primero requieren un alto el fuego de tierras, aire y mar de 30 d\u00edas antes de Kyiv, junto con Washington y los aliados europeos, comenzar\u00edan m\u00e1s negociaciones con Mosc\u00fa, seg\u00fan un informe de Reuters, que aparentemente obtuvo una copia de las condiciones.<\/p>\n<p>Seg\u00fan los informes, el documento tambi\u00e9n establece que la ubicaci\u00f3n actual de la l\u00ednea del frente ser\u00e1 el punto de partida para las negociaciones sobre territorio, y no exige restricciones a los militares de Ucrania, las reparaciones para Ucrania y la negativa de la comunidad internacional a reconocer la soberan\u00eda rusa sobre las tierras ocupadas ilegalmente. <\/p>\n<p>Zelenskyy tambi\u00e9n reiter\u00f3 su posici\u00f3n el lunes de que a Putin no se le deber\u00eda permitir dictar qu\u00e9 pa\u00edses pueden ingresar a la Alianza de la OTAN, lo que Rusia ha dicho repetidamente que es una de sus demandas sobre Ucrania.<\/p>\n<p>Otorgar el acceso a la OTAN de Ucrania, casi oficialmente impedir\u00eda a Rusia de la invadir Ucrania, ya que otorgar\u00eda las protecciones del Art\u00edculo 5 de Kiev, que confirman que un ataque contra un aliado de la OTAN ser\u00e1 tratado como un ataque a todos los aliados de la OTAN y respondi\u00f3 a consecuencia.<\/p>\n<div class=\"image-ct inline\">\n<div class=\"m\"><picture><source media=\"(max-width: 767px)\" srcset=\"https:\/\/a57.foxnews.com\/static.foxnews.com\/foxnews.com\/content\/uploads\/2025\/06\/343\/192\/zel-nato.png?ve=1&amp;tl=1, https:\/\/a57.foxnews.com\/static.foxnews.com\/foxnews.com\/content\/uploads\/2025\/06\/686\/384\/zel-nato.png?ve=1&amp;tl=1 2x\" height=\"192\" width=\"343\"><source media=\"(min-width: 768px) and (max-width: 1023px)\" srcset=\"https:\/\/a57.foxnews.com\/static.foxnews.com\/foxnews.com\/content\/uploads\/2025\/06\/672\/378\/zel-nato.png?ve=1&amp;tl=1, https:\/\/a57.foxnews.com\/static.foxnews.com\/foxnews.com\/content\/uploads\/2025\/06\/1344\/756\/zel-nato.png?ve=1&amp;tl=1 2x\" height=\"378\" width=\"672\"><source media=\"(min-width: 1024px) and (max-width: 1279px)\" srcset=\"https:\/\/a57.foxnews.com\/static.foxnews.com\/foxnews.com\/content\/uploads\/2025\/06\/931\/523\/zel-nato.png?ve=1&amp;tl=1, https:\/\/a57.foxnews.com\/static.foxnews.com\/foxnews.com\/content\/uploads\/2025\/06\/1862\/1046\/zel-nato.png?ve=1&amp;tl=1 2x\" height=\"523\" width=\"931\"><source media=\"(min-width: 1280px)\" srcset=\"https:\/\/a57.foxnews.com\/static.foxnews.com\/foxnews.com\/content\/uploads\/2025\/06\/720\/405\/zel-nato.png?ve=1&amp;tl=1, https:\/\/a57.foxnews.com\/static.foxnews.com\/foxnews.com\/content\/uploads\/2025\/06\/1440\/810\/zel-nato.png?ve=1&amp;tl=1 2x\" height=\"405\" width=\"720\"><img loading=\"lazy\" decoding=\"async\" src=\"https:\/\/a57.foxnews.com\/static.foxnews.com\/foxnews.com\/content\/uploads\/2025\/06\/1200\/675\/zel-nato.png?ve=1&amp;tl=1\" alt=\"Greenskyy entonces\" width=\"1200\" height=\"675\"\/><\/source><\/source><\/source><\/source><\/picture><\/div>\n<div class=\"info\">\n<div class=\"caption\">\n<p><span>(LR) La primera ministra de Dinamarca, Mette Frederiksen, el presidente ucraniano Volodymyr Zelenskyy, el secretario general de la OTAN Mark Rutte, el presidente de Lituania, Gitanas Nausa, el presidente de Polonia, Andrzej Duda, y el presidente de Rumania, Nicusor Dan, asisten a una conferencia de prensa conjunta durante una cima con los l\u00edderes de los l\u00edderes de Nato y Nordic Members (B9 y los pa\u00edses Jun. 2025, en Vilnius, Lituania. <\/span> <span>(Parras Malikakas\/AFP Vitty Images)<\/span><\/p>\n<\/div>\n<\/div>\n<\/div>\n<p><strong>Haga clic aqu\u00ed para obtener la aplicaci\u00f3n Fox News<\/strong> <\/p>\n<p>\u00abSi a Putin se le permite decidir qui\u00e9n se une a la OTAN, d\u00f3nde puede o no puede ser la infraestructura de la OTAN, entonces el apetito de Rusia por la guerra solo crecer\u00e1. Nuestro objetivo compartido es lo contrario, para poner fin al hambre de agresi\u00f3n de Rusia\u00bb, dijo Zelenskyy. <\/p>\n<p>\u00abSe necesitan decisiones fuertes. Decisiones para Europa, no para Putin. Todos necesitamos trabajar juntos para que esto realmente suceda. Y es factible\u00bb, agreg\u00f3. <\/p>\n<p>A\u00fan no se ha anunciado una futura reuni\u00f3n entre Ucrania y Rusia. <\/p>\n<p> <!----> <\/p>\n<div class=\"article-meta\">\n<div class=\"author-bio\">\n<p>Caitlin McFall es reportero de Fox News Digital Cubting Politics, US y World News.<\/p>\n<\/div>\n<\/div>\n<\/div>\n\n","protected":false},"excerpt":{"rendered":"<p>NUEVO\u00a1Ahora puedes escuchar art\u00edculos de Fox News! La segunda ronda de conversaciones de paz entre Ucrania y Rusia en Turqu\u00eda una vez m\u00e1s no arroj\u00f3 ning\u00fan resultado de alto el fuego el lunes y el presidente ucraniano Volodymyr Zelenskyy reiter\u00f3 su demanda de que el presidente ruso Vladimir Putin \u00abno deba recibir ninguna recompensa por &hellip;<\/p>\n","protected":false},"author":1,"featured_media":29934,"comment_status":"open","ping_status":"open","sticky":false,"template":"","format":"standard","meta":{"fifu_image_url":"https:\/\/static.foxnews.com\/foxnews.com\/content\/uploads\/2024\/11\/untitled-design-7.png","fifu_image_alt":"","footnotes":""},"categories":[13],"tags":[],"class_list":["post-29932","post","type-post","status-publish","format-standard","has-post-thumbnail","","category-mundo"],"_links":{"self":[{"href":"https:\/\/noticiasveraces.com\/index.php?rest_route=\/wp\/v2\/posts\/29932","targetHints":{"allow":["GET"]}}],"collection":[{"href":"https:\/\/noticiasveraces.com\/index.php?rest_route=\/wp\/v2\/posts"}],"about":[{"href":"https:\/\/noticiasveraces.com\/index.php?rest_route=\/wp\/v2\/types\/post"}],"author":[{"embeddable":true,"href":"https:\/\/noticiasveraces.com\/index.php?rest_route=\/wp\/v2\/users\/1"}],"replies":[{"embeddable":true,"href":"https:\/\/noticiasveraces.com\/index.php?rest_route=%2Fwp%2Fv2%2Fcomments&post=29932"}],"version-history":[{"count":0,"href":"https:\/\/noticiasveraces.com\/index.php?rest_route=\/wp\/v2\/posts\/29932\/revisions"}],"wp:featuredmedia":[{"embeddable":true,"href":"https:\/\/noticiasveraces.com\/index.php?rest_route=\/wp\/v2\/media\/29934"}],"wp:attachment":[{"href":"https:\/\/noticiasveraces.com\/index.php?rest_route=%2Fwp%2Fv2%2Fmedia&parent=29932"}],"wp:term":[{"taxonomy":"category","embeddable":true,"href":"https:\/\/noticiasveraces.com\/index.php?rest_route=%2Fwp%2Fv2%2Fcategories&post=29932"},{"taxonomy":"post_tag","embeddable":true,"href":"https:\/\/noticiasveraces.com\/index.php?rest_route=%2Fwp%2Fv2%2Ftags&post=29932"}],"curies":[{"name":"wp","href":"https:\/\/api.w.org\/{rel}","templated":true}]}}