{"id":29922,"date":"2025-06-02T13:20:58","date_gmt":"2025-06-02T17:20:58","guid":{"rendered":"https:\/\/noticiasveraces.com\/?p=29922"},"modified":"2025-06-02T13:20:58","modified_gmt":"2025-06-02T17:20:58","slug":"gen-v-regresa-a-amazon-para-la-temporada-2-este-septiembre","status":"publish","type":"post","link":"https:\/\/noticiasveraces.com\/?p=29922","title":{"rendered":"Gen V regresa a Amazon para la temporada 2 este septiembre"},"content":{"rendered":"<p> \n<\/p>\n<div>\n<p class=\"duet--article--dangerously-set-cms-markup duet--article--standard-paragraph _1ymtmqpi _17nnmdy1 _17nnmdy0 _1xwtict1\">En la convenci\u00f3n CCXP de este a\u00f1o en M\u00e9xico, Amazon anunci\u00f3 que <em>Gen V <\/em>Est\u00e1 listo para regresar para su segunda temporada el 17 de septiembre con un estreno de tres episodios. Junto con el Premiere Date News, Amazon tambi\u00e9n lanz\u00f3 un nuevo trailer burlonamente de algunos de los desaf\u00edos Marie (Jaz Sinclair), Emma (Lizze Broadway), Jordan (Londres Thor y Derek Luh), se enfrentar\u00e1n a medida que regresen por otro a\u00f1o de estudio en la Universidad de Godolkin.<\/p>\n<\/div>\n<div>\n<p class=\"duet--article--dangerously-set-cms-markup duet--article--standard-paragraph _1ymtmqpi _17nnmdy1 _17nnmdy0 _1xwtict1\">Con la Casa Blanca ahora efectivamente bajo el control de Homelander, Godolkin se ha convertido en un lugar muy diferente y a\u00fan m\u00e1s siniestro donde una gran parte del cuerpo estudiantil superpoderado se acerca a la idea de que los humanos regulares son seres inferiores. Ese es el mensaje del nuevo decano de Godolkin, Cipher (Hamish Linklater) quiere que sus alumnos se tomen en serio mientras aprenden a manejar sus poderes al participar en lo que parece un club de lucha sancionado por la escuela. Pero es dif\u00edcil para Marie y sus amigos ver a Cipher como algo m\u00e1s que un enemigo dado c\u00f3mo la universidad los encerr\u00f3 para tratar de evitar que Sam (Asa Germann) y Cate (Maddie Phillips) asesinaran a personas sin habilidades.<\/p>\n<\/div>\n<div>\n<p class=\"duet--article--dangerously-set-cms-markup duet--article--standard-paragraph _1ymtmqpi _17nnmdy1 _17nnmdy0 _1xwtict1\">Aunque <em>Gen V<\/em>El personaje m\u00e1s joven ser\u00e1 el enfoque principal en esta temporada, el trailer tambi\u00e9n deja en claro que la nueva temporada pasar\u00e1 m\u00e1s tiempo con la polaridad (Sean Patrick Thomas) mientras investiga la muerte de su hijo Andre (Chance Pergromo, quien muri\u00f3 en un accidente de motocicleta en marzo pasado antes de que comenzara la producci\u00f3n de la temporada). <em>Gen V <\/em>Ni\u00f1os, pero tan grave como la situaci\u00f3n est\u00e1 a punto de llegar, parece que no caer\u00e1n sin pelear cuando los vemos nuevamente este oto\u00f1o.<\/p>\n<\/div>\n\n","protected":false},"excerpt":{"rendered":"<p>En la convenci\u00f3n CCXP de este a\u00f1o en M\u00e9xico, Amazon anunci\u00f3 que Gen V Est\u00e1 listo para regresar para su segunda temporada el 17 de septiembre con un estreno de tres episodios. Junto con el Premiere Date News, Amazon tambi\u00e9n lanz\u00f3 un nuevo trailer burlonamente de algunos de los desaf\u00edos Marie (Jaz Sinclair), Emma (Lizze &hellip;<\/p>\n","protected":false},"author":1,"featured_media":29923,"comment_status":"open","ping_status":"open","sticky":false,"template":"","format":"standard","meta":{"fifu_image_url":"https:\/\/platform.theverge.com\/wp-content\/uploads\/sites\/2\/2025\/06\/16X9_WIDE_3000.jpg?quality=90&strip=all&crop=0%2C4.7901338860348%2C100%2C90.41973222793&w=1200","fifu_image_alt":"","footnotes":""},"categories":[2],"tags":[],"class_list":["post-29922","post","type-post","status-publish","format-standard","has-post-thumbnail","","category-tecnologia"],"_links":{"self":[{"href":"https:\/\/noticiasveraces.com\/index.php?rest_route=\/wp\/v2\/posts\/29922","targetHints":{"allow":["GET"]}}],"collection":[{"href":"https:\/\/noticiasveraces.com\/index.php?rest_route=\/wp\/v2\/posts"}],"about":[{"href":"https:\/\/noticiasveraces.com\/index.php?rest_route=\/wp\/v2\/types\/post"}],"author":[{"embeddable":true,"href":"https:\/\/noticiasveraces.com\/index.php?rest_route=\/wp\/v2\/users\/1"}],"replies":[{"embeddable":true,"href":"https:\/\/noticiasveraces.com\/index.php?rest_route=%2Fwp%2Fv2%2Fcomments&post=29922"}],"version-history":[{"count":0,"href":"https:\/\/noticiasveraces.com\/index.php?rest_route=\/wp\/v2\/posts\/29922\/revisions"}],"wp:featuredmedia":[{"embeddable":true,"href":"https:\/\/noticiasveraces.com\/index.php?rest_route=\/wp\/v2\/media\/29923"}],"wp:attachment":[{"href":"https:\/\/noticiasveraces.com\/index.php?rest_route=%2Fwp%2Fv2%2Fmedia&parent=29922"}],"wp:term":[{"taxonomy":"category","embeddable":true,"href":"https:\/\/noticiasveraces.com\/index.php?rest_route=%2Fwp%2Fv2%2Fcategories&post=29922"},{"taxonomy":"post_tag","embeddable":true,"href":"https:\/\/noticiasveraces.com\/index.php?rest_route=%2Fwp%2Fv2%2Ftags&post=29922"}],"curies":[{"name":"wp","href":"https:\/\/api.w.org\/{rel}","templated":true}]}}