{"id":29920,"date":"2025-06-02T12:21:26","date_gmt":"2025-06-02T16:21:26","guid":{"rendered":"https:\/\/noticiasveraces.com\/?p=29920"},"modified":"2025-06-02T12:21:26","modified_gmt":"2025-06-02T16:21:26","slug":"que-significa-para-polonia-otro-presidente-nacionalista-dw-02-06-2025","status":"publish","type":"post","link":"https:\/\/noticiasveraces.com\/?p=29920","title":{"rendered":"\u00bfQu\u00e9 significa para Polonia otro presidente nacionalista? \u2013 DW \u2013 02\/06\/2025"},"content":{"rendered":"<p> \n<\/p>\n<div>\n<p>Lo confirm\u00f3 la Comisi\u00f3n Electoral Estatal de Polonia (PKW): el candidato conservador de derecha y euroesc\u00e9ptico Karol Nawrocki gan\u00f3 la segunda vuelta de las elecciones presidenciales de este\u00a01\u00ba de junio de 2025, con el 50,89 % de los votos. Su oponente liberal-conservador y proeuropeo<strong>, <\/strong>Rafal Trzaskowski, obtuvo el 49,11 %. Nawrocki asumir\u00e1 el cargo en agosto. El presidente en ejercicio, Andrzej Duda, no pudo presentarse de nuevo tras dos legislaturas.<\/p>\n<p>Nawrocki, un historiador de 42 a\u00f1os, de Gdansk, fue nominado por el partido de oposici\u00f3n conservador de derecha Ley y Justicia (PiS). La formaci\u00f3n, liderada por Jaroslaw Kaczynski, lo present\u00f3 como un \u00abcandidato c\u00edvico\u00bb independiente y no partidista, a pesar de que su campa\u00f1a fue financiada y organizada por el PiS y su plataforma coincid\u00eda con la suya.<\/p>\n<p>\u00abLogramos unir a todo el bando patri\u00f3tico\u00bb, dijo Nawrocki, y declar\u00f3 a una \u00abPolonia sin migrantes\u00bb como su objetivo pol\u00edtico. \u00abGanamos porque tenemos raz\u00f3n\u00bb, a\u00f1adi\u00f3 Kaczynski, l\u00edder del PiS.<\/p>\n<p>En la segunda vuelta, los votantes del partido Konfederacja, un grupo compuesto por un ala ultranacionalista y otra econ\u00f3micamente libertaria, tambi\u00e9n votaron por Nawrocki. Y lo mismo hizo la mayor\u00eda de los partidarios del pol\u00edtico ultraderechista y antisemita Grzegorz Braun.<\/p>\n<h2>Pierde el alcalde liberal de Varsovia<\/h2>\n<p>El oponente de Nawrocki, Rafal Trzaskowski, se present\u00f3 a la presidencia en representaci\u00f3n de la Plataforma C\u00edvica (PO), el gobernante partido liberal-conservador del primer ministro Donald Tusk. Otros partidos de la coalici\u00f3n gobernante -la Alianza de la Tercera V\u00eda y la Nueva Izquierda- apoyaron tambi\u00e9n al alcalde de Varsovia, de 53 a\u00f1os, en esta segunda vuelta. Su sorprendente derrota supone un duro golpe para el Gobierno de Tusk.<\/p>\n<figure class=\"placeholder-image master_landscape big\"><img data-format=\"MASTER_LANDSCAPE\" data-id=\"72751816\" data-url=\"https:\/\/static.dw.com\/image\/72751816_${formatId}.jpg\" data-aspect-ratio=\"16\/9\" alt=\"Un hombre sonriente con traje deposita una papeleta en una urna. Una mujer rubia est\u00e1 de pie junto a \u00e9l, y se ven otras personas detr\u00e1s.\" style=\"padding-bottom: 56.25%; height: 0; max-height: 0;\"\/><figcaption class=\"img-caption\">El candidato liberal-conservador Rafal Trzaskowski, depositando su voto en un colegio electoral de Varsovia el 1\u00ba de junio de 2025.<small class=\"copyright\">Imagen: Petr David Josek\/AP\/Picture Alliance<\/small><\/figcaption><\/figure>\n<p>Durante la campa\u00f1a electoral, Nawrocki no ocult\u00f3 su intenci\u00f3n de continuar con la pol\u00edtica de bloqueo del presidente saliente Duda. Durante el \u00faltimo a\u00f1o y medio, Duda utiliz\u00f3 con frecuencia su poder de veto para impedir que el Gobierno impulsara reformas, especialmente para el restablecimiento del Estado de derecho.<\/p>\n<p>\u00abNawrocki frenar\u00e1 la pol\u00edtica interior y le complicar\u00e1 la vida al Gobierno\u00bb, predijo la polit\u00f3loga Barbara Brodzinska-Mirowska en la televisora <em>TVN<\/em>.<\/p>\n<h2>Duro golpe para el Gobierno de Tusk<\/h2>\n<p>El presidente Nawrocki probablemente tambi\u00e9n restringir\u00e1 el margen de maniobra del Gobierno de Tusk en pol\u00edtica exterior. Seg\u00fan la Constituci\u00f3n, el jefe de Estado de Polonia tiene voz y voto en este tema y es el Comandante Supremo de las Fuerzas Armadas Polacas. Las posturas de Nawrocki sobre cuestiones fundamentales de pol\u00edtica exterior chocan con la l\u00ednea del Gobierno.<\/p>\n<figure class=\"placeholder-image master_landscape big\"><img data-format=\"MASTER_LANDSCAPE\" data-id=\"72748728\" data-url=\"https:\/\/static.dw.com\/image\/72748728_${formatId}.jpg\" data-aspect-ratio=\"16\/9\" alt=\"El primer ministro polaco, Donald Tusk, y su esposa, Malgorzata Tusk, pasan junto a un cartel que representa a Rafal Trzaskowski, el candidato liberal a la presidencia de Polonia.\" style=\"padding-bottom: 56.25%; height: 0; max-height: 0;\"\/><figcaption class=\"img-caption\">El primer ministro polaco, Donald Tusk, y su esposa, Malgorzata Tusk, acudieron a votar en la segunda vuelta de las elecciones presidenciales del 1\u00ba de junio de 2025. <small class=\"copyright\">Im\u00e1genes: Mateusz Slodkowski\/AFP\/Getty Images<\/small><\/figcaption><\/figure>\n<p>Durante la campa\u00f1a electoral, el futuro jefe de Estado se pronunci\u00f3 en contra de la adhesi\u00f3n de Ucrania a la OTAN y tambi\u00e9n impuso condiciones para su adhesi\u00f3n a la Uni\u00f3n Europea. En pol\u00edtica de seguridad, se apoya unilateralmente en los Estados Unidos del presidente Donald Trump, se muestra esc\u00e9ptico respecto a la UE y desconf\u00eda de Berl\u00edn. Quiere continuar los esfuerzos para obtener reparaciones de guerra de Alemania para Polonia.<\/p>\n<p>\u00abLa amenaza de un &#8216;escenario h\u00fangaro&#8217; se cierne sobre Polonia\u00bb, advirti\u00f3 el soci\u00f3logo Robert Sobiech. Bajo el presidente Karol Nawrocki, Polonia se distanciar\u00e1 de Europa como lo hizo Hungr\u00eda bajo el primer ministro Viktor Orb\u00e1n. Y\u00a0el PiS podr\u00eda volver al poder en 2027 junto con la ultraderechista Konfederacja.<\/p>\n<p><span data-slot-id=\"Article_InContent-1\" class=\"rich-text-ad\"\/><\/p>\n<h2>Una monta\u00f1a rusa de emociones<\/h2>\n<p>Ambos candidatos experimentaron una monta\u00f1a rusa de emociones tras el cierre de las urnas, a las nueve\u00a0de la noche locales. El pron\u00f3stico inicial mostraba a Trzaskowski con el 50,3 %, justo por delante de Nawrocki con el 49,7 %. \u00abHemos ganado\u00bb, declar\u00f3 Trzaskowski, prometiendo empezar a implementar su plataforma \u00abcomo un torpedo\u00bb y extender\u00a0la mano a todos los que votaron en su contra.<\/p>\n<figure class=\"placeholder-image master_landscape big\"><img data-format=\"MASTER_LANDSCAPE\" data-id=\"72751851\" data-url=\"https:\/\/static.dw.com\/image\/72751851_${formatId}.jpg\" data-aspect-ratio=\"16\/9\" alt=\"Una mujer con una mochila deposita una papeleta en una urna; detr\u00e1s de ella, se ven otras mujeres y algunos hombres.\" style=\"padding-bottom: 56.25%; height: 0; max-height: 0;\"\/><figcaption class=\"img-caption\">Mujeres votantes en Varsovia emitieron su voto en la segunda vuelta de las elecciones presidenciales de Polonia el 1\u00ba de junio de 2025. <small class=\"copyright\">Imagen: Muhammet Ikbal Arslan\/Anadolu\/Picture Alliance<\/small><\/figcaption><\/figure>\n<p>Pero la euforia del equipo de Trzaskowski dur\u00f3 poco: un nuevo pron\u00f3stico, complementado con los resultados de algunos colegios electorales, lo cambi\u00f3 todo\u00a0dos horas despu\u00e9s. El primer an\u00e1lisis tras las elecciones muestra que Nawrocki fue votado principalmente por hombres y j\u00f3venes de hasta 29 a\u00f1os, mientras que las mujeres y las personas mayores favorecieron a Trzaskowski.<\/p>\n<h2>Los esc\u00e1ndalos no perjudicaron a Nawrocki<\/h2>\n<p>En los \u00faltimos meses, los medios de comunicaci\u00f3n presentaron\u00a0graves acusaciones contra Nawrocki, quien desde 2021 dirige el Instituto Polaco de la Memoria Nacional (IPN). Se afirma que mantuvo contactos con el mundo de los <em>hooligans <\/em>y del crimen. Y que rob\u00f3 un apartamento municipal en Gdansk a un hombre pobre y alcoh\u00f3lico. Seg\u00fan la plataforma online ONET, siendo a\u00fan estudiante,\u00a0organiz\u00f3 servicios de prostituci\u00f3n para hu\u00e9spedes de un hotel de lujo en la costa b\u00e1ltica de Polonia.<\/p>\n<p>Pero estos descubrimientos de los periodistas de investigaci\u00f3n no lo perjudicaron. \u00abEstamos lidiando con un efecto bumer\u00e1n\u00bb, coment\u00f3 el publicista Slawomir Sierakowski. Esta \u00abdiscusi\u00f3n intrusiva\u00bb m\u00e1s bien fortaleci\u00f3\u00a0la solidaridad con Nawrocki.\u00a0\u00abNo habr\u00e1 calma despu\u00e9s de las elecciones\u00bb, coment\u00f3 Jacek Nizinkiewicz, periodista del diario <em>Rep\u00fablica: <\/em>\u00abPolonia ha estado tan profundamente dividida durante dos d\u00e9cadas que el nuevo presidente no podr\u00e1 superar estas divisiones\u00bb. <\/p>\n<p>(RML\/CP)<\/p>\n<\/div>\n\n","protected":false},"excerpt":{"rendered":"<p>Lo confirm\u00f3 la Comisi\u00f3n Electoral Estatal de Polonia (PKW): el candidato conservador de derecha y euroesc\u00e9ptico Karol Nawrocki gan\u00f3 la segunda vuelta de las elecciones presidenciales de este\u00a01\u00ba de junio de 2025, con el 50,89 % de los votos. Su oponente liberal-conservador y proeuropeo, Rafal Trzaskowski, obtuvo el 49,11 %. Nawrocki asumir\u00e1 el cargo en &hellip;<\/p>\n","protected":false},"author":1,"featured_media":29921,"comment_status":"open","ping_status":"open","sticky":false,"template":"","format":"standard","meta":{"fifu_image_url":"https:\/\/static.dw.com\/image\/72754672_6.jpg","fifu_image_alt":"","footnotes":""},"categories":[13],"tags":[],"class_list":["post-29920","post","type-post","status-publish","format-standard","has-post-thumbnail","","category-mundo"],"_links":{"self":[{"href":"https:\/\/noticiasveraces.com\/index.php?rest_route=\/wp\/v2\/posts\/29920","targetHints":{"allow":["GET"]}}],"collection":[{"href":"https:\/\/noticiasveraces.com\/index.php?rest_route=\/wp\/v2\/posts"}],"about":[{"href":"https:\/\/noticiasveraces.com\/index.php?rest_route=\/wp\/v2\/types\/post"}],"author":[{"embeddable":true,"href":"https:\/\/noticiasveraces.com\/index.php?rest_route=\/wp\/v2\/users\/1"}],"replies":[{"embeddable":true,"href":"https:\/\/noticiasveraces.com\/index.php?rest_route=%2Fwp%2Fv2%2Fcomments&post=29920"}],"version-history":[{"count":0,"href":"https:\/\/noticiasveraces.com\/index.php?rest_route=\/wp\/v2\/posts\/29920\/revisions"}],"wp:featuredmedia":[{"embeddable":true,"href":"https:\/\/noticiasveraces.com\/index.php?rest_route=\/wp\/v2\/media\/29921"}],"wp:attachment":[{"href":"https:\/\/noticiasveraces.com\/index.php?rest_route=%2Fwp%2Fv2%2Fmedia&parent=29920"}],"wp:term":[{"taxonomy":"category","embeddable":true,"href":"https:\/\/noticiasveraces.com\/index.php?rest_route=%2Fwp%2Fv2%2Fcategories&post=29920"},{"taxonomy":"post_tag","embeddable":true,"href":"https:\/\/noticiasveraces.com\/index.php?rest_route=%2Fwp%2Fv2%2Ftags&post=29920"}],"curies":[{"name":"wp","href":"https:\/\/api.w.org\/{rel}","templated":true}]}}