{"id":29918,"date":"2025-06-02T11:37:02","date_gmt":"2025-06-02T15:37:02","guid":{"rendered":"https:\/\/noticiasveraces.com\/?p=29918"},"modified":"2025-06-02T11:37:02","modified_gmt":"2025-06-02T15:37:02","slug":"los-ventiladores-romanos-toman-una-chaqueta-impermeable-ligera-para-duchas-de-verano","status":"publish","type":"post","link":"https:\/\/noticiasveraces.com\/?p=29918","title":{"rendered":"Los ventiladores romanos toman una chaqueta impermeable ligera para duchas de verano"},"content":{"rendered":"<p> \n<\/p>\n<div>\n<p>Desafortunadamente, las temporadas de primavera y verano en el Reino Unido a menudo incluyen una mezcla de sol y duchas. Aunque a la mayor\u00eda de los fan\u00e1ticos de la moda les gustar\u00eda empacar sus chaquetas de invierno, esta no siempre es una buena idea debido al clima impredecible.  <\/p>\n<p>La ropa exterior de invierno est\u00e1 dise\u00f1ada para el clima fr\u00edo, por lo que puede ser demasiado grueso y pesado para los aguaceros de verano; Es por eso que optar por un impermeable m\u00e1s ligero puede ser m\u00e1s pr\u00e1ctico. Roman tiene mucho en oferta, incluida una opci\u00f3n con capucha con muchos bolsillos. <\/p>\n<p>La chaqueta de ducha liviana de Roman cuesta \u00a3 55 y viene en azul, rojo, caqui y beige. Est\u00e1 disponible en los tama\u00f1os 10-20 y tiene un dise\u00f1o de cuello con embudo, fijaciones de popper y una cintura con cord\u00f3n. <\/p>\n<p>Est\u00e1 completamente alineado por dentro para mantener a los usuarios secos en d\u00edas lluviosos. Roman recomienda combinarlo con una camiseta cl\u00e1sica y jeans para un aspecto informal pero elegante.<\/p>\n<p>Del mismo modo, a continuaci\u00f3n vende una chaqueta de lluvia sobre el estampado de camuflaje por \u00a3 39. Tiene un dise\u00f1o de utilidad y un ajuste relajado, lo que lo hace ideal para usar como una capa externa liviana durante las duchas de primavera y verano.  <\/p>\n<\/div>\n<div>\n<p>En otros lugares, la marca de la marca de ropa al aire libre tiene una venta en su chaqueta impermeable Hamara IV, que la marca describe como \u00abimpermeable y transpirable\u00bb. Es medio precio en este momento, ofrecido por \u00a3 40, por debajo de \u00a3 80 y viene en tama\u00f1os 8-20.   <\/p>\n<p>La chaqueta de ducha liviana de Roman tiene una serie de cr\u00edticas favorables. Un comprador escribi\u00f3: \u00abMe gusta esta chaqueta liviana. Es la longitud correcta para m\u00ed. Ped\u00ed el tama\u00f1o 14, y hay mucho espacio para usar un jersey debajo de ella en un clima m\u00e1s fr\u00edo. Lo recomiendo. Pensar tambi\u00e9n en pedir el color azul\u00bb.<\/p>\n<p data-mce-linkchecker-status=\"valid\">La chaqueta no tiene ninguna revisi\u00f3n negativa de los clientes, sin embargo, su corta longitud es un inconveniente. La chaqueta est\u00e1 hasta la cintura, por lo que la mitad inferior del cuerpo est\u00e1 expuesta, lo que la hace inadecuada para aguaceros pesados, especialmente cuando hace viento. <\/p>\n<p data-mce-linkchecker-status=\"valid\">Otro inconveniente es que no est\u00e1 disponible en longitudes peque\u00f1as en ninguno de los colores. Por lo tanto, las mangas pueden ser demasiado largas para los compradores de 5 pies y 3 pulgadas y debajo.<\/p>\n<\/div>\n<div>\n<p>Un segundo cliente romano escribi\u00f3: \u00abLa chaqueta c\u00f3moda. Lo encontr\u00e9 un poco generoso, pero podr\u00eda usar un jersey ligero debajo si fuera necesario. Los bolsillos pueden sostener mi tel\u00e9fono de manera segura. Una chaqueta que es una buena longitud se ve muy inteligente\u00bb.<\/p>\n<p>Un tercero dijo: \u00abMuy bonita chaqueta liviana. Fit perfecto y color y estilo encantadores\u00bb. Un cuarto agregado: \u00abChaqueta ligera de gran aspecto, perfecta para d\u00edas soleados ligeramente ventosos\u00bb <\/p>\n<p>Un quinto comprador coment\u00f3: \u00abLa chaqueta liviana perfecta ideal para unas vacaciones. Empaca en un art\u00edculo muy peque\u00f1o, pero es muy generoso. Estoy muy contento\u00bb.<\/p>\n<p>Un sexto concluy\u00f3: \u00abLa encantadora chaqueta liviana. Se adapta fiel al tama\u00f1o y ser\u00e1 genial para los meses de verano. Compr\u00e9 el color azul, que creo que es un color encantador\u00bb.<\/p>\n<\/div>\n\n","protected":false},"excerpt":{"rendered":"<p>Desafortunadamente, las temporadas de primavera y verano en el Reino Unido a menudo incluyen una mezcla de sol y duchas. Aunque a la mayor\u00eda de los fan\u00e1ticos de la moda les gustar\u00eda empacar sus chaquetas de invierno, esta no siempre es una buena idea debido al clima impredecible. La ropa exterior de invierno est\u00e1 dise\u00f1ada &hellip;<\/p>\n","protected":false},"author":1,"featured_media":29919,"comment_status":"open","ping_status":"open","sticky":false,"template":"","format":"standard","meta":{"fifu_image_url":"https:\/\/cdn.images.express.co.uk\/img\/dynamic\/12\/1200x630\/6201737.jpg","fifu_image_alt":"","footnotes":""},"categories":[10],"tags":[],"class_list":["post-29918","post","type-post","status-publish","format-standard","has-post-thumbnail","","category-moda"],"_links":{"self":[{"href":"https:\/\/noticiasveraces.com\/index.php?rest_route=\/wp\/v2\/posts\/29918","targetHints":{"allow":["GET"]}}],"collection":[{"href":"https:\/\/noticiasveraces.com\/index.php?rest_route=\/wp\/v2\/posts"}],"about":[{"href":"https:\/\/noticiasveraces.com\/index.php?rest_route=\/wp\/v2\/types\/post"}],"author":[{"embeddable":true,"href":"https:\/\/noticiasveraces.com\/index.php?rest_route=\/wp\/v2\/users\/1"}],"replies":[{"embeddable":true,"href":"https:\/\/noticiasveraces.com\/index.php?rest_route=%2Fwp%2Fv2%2Fcomments&post=29918"}],"version-history":[{"count":0,"href":"https:\/\/noticiasveraces.com\/index.php?rest_route=\/wp\/v2\/posts\/29918\/revisions"}],"wp:featuredmedia":[{"embeddable":true,"href":"https:\/\/noticiasveraces.com\/index.php?rest_route=\/wp\/v2\/media\/29919"}],"wp:attachment":[{"href":"https:\/\/noticiasveraces.com\/index.php?rest_route=%2Fwp%2Fv2%2Fmedia&parent=29918"}],"wp:term":[{"taxonomy":"category","embeddable":true,"href":"https:\/\/noticiasveraces.com\/index.php?rest_route=%2Fwp%2Fv2%2Fcategories&post=29918"},{"taxonomy":"post_tag","embeddable":true,"href":"https:\/\/noticiasveraces.com\/index.php?rest_route=%2Fwp%2Fv2%2Ftags&post=29918"}],"curies":[{"name":"wp","href":"https:\/\/api.w.org\/{rel}","templated":true}]}}