{"id":29897,"date":"2025-06-02T09:18:34","date_gmt":"2025-06-02T13:18:34","guid":{"rendered":"https:\/\/noticiasveraces.com\/?p=29897"},"modified":"2025-06-02T09:18:34","modified_gmt":"2025-06-02T13:18:34","slug":"el-conservador-karol-nawrocki-respaldado-por-trump-gana-las-elecciones-presidenciales-de-polonia","status":"publish","type":"post","link":"https:\/\/noticiasveraces.com\/?p=29897","title":{"rendered":"El conservador Karol Nawrocki respaldado por Trump gana las elecciones presidenciales de Polonia"},"content":{"rendered":"<p> \n<\/p>\n<div>\n<p class=\"speakable\">Polonia eligi\u00f3 a Karol Nawrocki, un conservador respaldado por el presidente Donald Trump, en las elecciones de escorrent\u00eda presidencial del pa\u00eds, seg\u00fan un recuento de votos final emitido el lunes. <\/p>\n<p class=\"speakable\">Nawrocki gan\u00f3 el 50.89% de los votos, obteniendo una estrecha victoria sobre el alcalde liberal de Varsovia Rafa\u0142 Trzaskowski, quien recibi\u00f3 el 49.11%, inform\u00f3 Associated Press. <\/p>\n<p>La primera ronda de votaci\u00f3n hace dos semanas revel\u00f3 divisiones profundas en el pa\u00eds a lo largo del flanco oriental de la OTAN y la Uni\u00f3n Europea. Nawrocki suceder\u00e1 a Andrzej Duda, un conservador cuyo segundo y \u00faltimo t\u00e9rmino termina el 6 de agosto. <\/p>\n<p>Trzaskowski admiti\u00f3 la derrota y felicit\u00f3 a Nawrocki el lunes, agradeciendo a todos los que votaron por \u00e9l. <\/p>\n<p><strong>La econom\u00eda en alza de Polonia prepara el escenario para una carrera presidencial ajustada como nosotros, la UE observa de cerca<\/strong><\/p>\n<div class=\"image-ct inline\">\n<div class=\"m\"><picture><source media=\"(max-width: 767px)\" srcset=\"https:\/\/a57.foxnews.com\/static.foxnews.com\/foxnews.com\/content\/uploads\/2025\/06\/343\/192\/nawrocki-smiles-peace-sign.jpg?ve=1&amp;tl=1, https:\/\/a57.foxnews.com\/static.foxnews.com\/foxnews.com\/content\/uploads\/2025\/06\/686\/384\/nawrocki-smiles-peace-sign.jpg?ve=1&amp;tl=1 2x\" height=\"192\" width=\"343\"><source media=\"(min-width: 768px) and (max-width: 1023px)\" srcset=\"https:\/\/a57.foxnews.com\/static.foxnews.com\/foxnews.com\/content\/uploads\/2025\/06\/672\/378\/nawrocki-smiles-peace-sign.jpg?ve=1&amp;tl=1, https:\/\/a57.foxnews.com\/static.foxnews.com\/foxnews.com\/content\/uploads\/2025\/06\/1344\/756\/nawrocki-smiles-peace-sign.jpg?ve=1&amp;tl=1 2x\" height=\"378\" width=\"672\"><source media=\"(min-width: 1024px) and (max-width: 1279px)\" srcset=\"https:\/\/a57.foxnews.com\/static.foxnews.com\/foxnews.com\/content\/uploads\/2025\/06\/931\/523\/nawrocki-smiles-peace-sign.jpg?ve=1&amp;tl=1, https:\/\/a57.foxnews.com\/static.foxnews.com\/foxnews.com\/content\/uploads\/2025\/06\/1862\/1046\/nawrocki-smiles-peace-sign.jpg?ve=1&amp;tl=1 2x\" height=\"523\" width=\"931\"><source media=\"(min-width: 1280px)\" srcset=\"https:\/\/a57.foxnews.com\/static.foxnews.com\/foxnews.com\/content\/uploads\/2025\/06\/720\/405\/nawrocki-smiles-peace-sign.jpg?ve=1&amp;tl=1, https:\/\/a57.foxnews.com\/static.foxnews.com\/foxnews.com\/content\/uploads\/2025\/06\/1440\/810\/nawrocki-smiles-peace-sign.jpg?ve=1&amp;tl=1 2x\" height=\"405\" width=\"720\"><img loading=\"lazy\" decoding=\"async\" src=\"https:\/\/a57.foxnews.com\/static.foxnews.com\/foxnews.com\/content\/uploads\/2025\/06\/1200\/675\/nawrocki-smiles-peace-sign.jpg?ve=1&amp;tl=1\" alt=\"Nawrocki saluda a una multitud de seguidores\" width=\"1200\" height=\"675\"\/><\/source><\/source><\/source><\/source><\/picture><\/div>\n<div class=\"info\">\n<div class=\"caption\">\n<p><span>El candidato presidencial Karol Nawrocki cuando llega a su sede despu\u00e9s de la escorrent\u00eda de elecciones presidenciales en Varsovia, Polonia, el domingo 1 de junio de 2025. <\/span> <span>(AP Photo\/Czarek Sokolowski)<\/span><\/p>\n<\/div>\n<\/div>\n<\/div>\n<p>\u00abLuch\u00e9 por nosotros para construir una Polonia fuerte, segura, honesta y emp\u00e1tica juntos\u00bb, escribi\u00f3 en X. \u00abLamento no haber podido convencer a la mayor\u00eda de los ciudadanos de mi visi\u00f3n para Polonia. Lamento no haber ganado juntos\u00bb.<\/p>\n<p>La secretaria del Departamento de Seguridad Nacional Kristi Noem, la semana pasada, perturb\u00f3 la semana pasada para Nawrocki en la Conferencia de Acci\u00f3n Pol\u00edtica Conservadora en Varsovia, donde tambi\u00e9n critic\u00f3 a los \u00abd\u00e9biles\u00bb, los l\u00edderes europeos que argument\u00f3 que han permitido la migraci\u00f3n masiva de haber \u00abdestruido sus civilizaciones\u00bb. Noem elogi\u00f3 la estricta aplicaci\u00f3n fronteriza de Polonia, advirtiendo que \u00absocialistas\u00bb como Trzaskowski le quitar\u00edan tales protecciones del pueblo polaco. <\/p>\n<p>Trump recibi\u00f3 a Nawrocki en la Casa Blanca a principios de mayo durante la campa\u00f1a del candidato conservador. <\/p>\n<p>Seg\u00fan la constituci\u00f3n polaca, el presidente cumple un per\u00edodo de cinco a\u00f1os y puede ser reelegido una vez. <\/p>\n<p>El presidente ucraniano, Volodymyr Zelenskyy, se encontraba entre los l\u00edderes que ofrec\u00edan sus felicitaciones a Nawrocki el lunes por la ma\u00f1ana. <\/p>\n<p>\u00abPolonia, que preserva la fuerza de su esp\u00edritu nacional y su fe en la justicia, ha sido y sigue siendo un pilar de seguridad regional y europea, y una fuerte voz que defiende la libertad y la dignidad para cada naci\u00f3n\u00bb, escribi\u00f3 Zelenskyy. \u00abAl reforzarse unos a otros en nuestro continente, le damos mayor fuerza a Europa en la competencia global y acercamos el logro de la paz real y duradera. Espero con ansias una cooperaci\u00f3n fruct\u00edfera con Polonia y con el presidente Nawrocki personalmente\u00bb. <\/p>\n<div class=\"image-ct inline\">\n<div class=\"m\"><picture><source media=\"(max-width: 767px)\" srcset=\"https:\/\/a57.foxnews.com\/static.foxnews.com\/foxnews.com\/content\/uploads\/2025\/06\/343\/192\/nawrocki-family-peace-sign.jpg?ve=1&amp;tl=1, https:\/\/a57.foxnews.com\/static.foxnews.com\/foxnews.com\/content\/uploads\/2025\/06\/686\/384\/nawrocki-family-peace-sign.jpg?ve=1&amp;tl=1 2x\" height=\"192\" width=\"343\"><source media=\"(min-width: 768px) and (max-width: 1023px)\" srcset=\"https:\/\/a57.foxnews.com\/static.foxnews.com\/foxnews.com\/content\/uploads\/2025\/06\/672\/378\/nawrocki-family-peace-sign.jpg?ve=1&amp;tl=1, https:\/\/a57.foxnews.com\/static.foxnews.com\/foxnews.com\/content\/uploads\/2025\/06\/1344\/756\/nawrocki-family-peace-sign.jpg?ve=1&amp;tl=1 2x\" height=\"378\" width=\"672\"><source media=\"(min-width: 1024px) and (max-width: 1279px)\" srcset=\"https:\/\/a57.foxnews.com\/static.foxnews.com\/foxnews.com\/content\/uploads\/2025\/06\/931\/523\/nawrocki-family-peace-sign.jpg?ve=1&amp;tl=1, https:\/\/a57.foxnews.com\/static.foxnews.com\/foxnews.com\/content\/uploads\/2025\/06\/1862\/1046\/nawrocki-family-peace-sign.jpg?ve=1&amp;tl=1 2x\" height=\"523\" width=\"931\"><source media=\"(min-width: 1280px)\" srcset=\"https:\/\/a57.foxnews.com\/static.foxnews.com\/foxnews.com\/content\/uploads\/2025\/06\/720\/405\/nawrocki-family-peace-sign.jpg?ve=1&amp;tl=1, https:\/\/a57.foxnews.com\/static.foxnews.com\/foxnews.com\/content\/uploads\/2025\/06\/1440\/810\/nawrocki-family-peace-sign.jpg?ve=1&amp;tl=1 2x\" height=\"405\" width=\"720\"><img loading=\"lazy\" decoding=\"async\" src=\"https:\/\/a57.foxnews.com\/static.foxnews.com\/foxnews.com\/content\/uploads\/2025\/06\/1200\/675\/nawrocki-family-peace-sign.jpg?ve=1&amp;tl=1\" alt=\"Nawrocki y su familia hacen el signo de la paz en el escenario\" width=\"1200\" height=\"675\"\/><\/source><\/source><\/source><\/source><\/picture><\/div>\n<div class=\"info\">\n<div class=\"caption\">\n<p><span>El candidato presidencial Karol Nawrocki saluda a los partidarios en su sede despu\u00e9s de la escorrent\u00eda de elecciones presidenciales en Varsovia, Polonia, el domingo 1 de junio de 2025. <\/span> <span>(AP Photo\/Czarek Sokolowski)<\/span><\/p>\n<\/div>\n<\/div>\n<\/div>\n<p>Estados Unidos tiene alrededor de 10,000 tropas estacionadas en Polonia y Noem sugiri\u00f3 que los lazos militares podr\u00edan profundizarse con Nawrocki como presidente. Un estribillo com\u00fan de los partidarios de Nawrocki es que restaurar\u00e1 la \u00abnormalidad\u00bb, como creen que Trump ha hecho. Las banderas estadounidenses a menudo aparec\u00edan en las manifestaciones de Nawrocki, y sus partidarios cre\u00edan que ofrec\u00eda una mejor oportunidad para buenos lazos con la administraci\u00f3n Trump.<\/p>\n<p><strong>Polonia \u00f3rdenes del consulado ruso en Krakow cerrado despu\u00e9s de culpar a Kremlin por 2024 incendio provocado<\/strong><\/p>\n<p>Nawrocki, un boxeador e historiador aficionado de 42 a\u00f1os, tambi\u00e9n ha hecho eco de parte del idioma de Trump en Ucrania. Promete continuar el apoyo de Polonia a Ucrania, pero ha sido cr\u00edtico con Zelenskyy, acus\u00e1ndolo de aprovechar los aliados. Ha acusado a los refugiados ucranianos de aprovechar la generosidad polaca, prometiendo priorizar los polacos para servicios sociales como la atenci\u00f3n m\u00e9dica y la educaci\u00f3n.<\/p>\n<p>El primer ministro h\u00fangaro, Viktor Orb\u00e1n, quien comparte la cosmovisi\u00f3n conservadora nacional de Nawrocki, elogi\u00f3 la \u00abfant\u00e1stica victoria\u00bb de Nawrocki.<\/p>\n<div class=\"image-ct inline\">\n<div class=\"m\"><picture><source media=\"(max-width: 767px)\" srcset=\"https:\/\/a57.foxnews.com\/static.foxnews.com\/foxnews.com\/content\/uploads\/2025\/06\/343\/192\/nawrocki-addresses-supporters.jpg?ve=1&amp;tl=1, https:\/\/a57.foxnews.com\/static.foxnews.com\/foxnews.com\/content\/uploads\/2025\/06\/686\/384\/nawrocki-addresses-supporters.jpg?ve=1&amp;tl=1 2x\" height=\"192\" width=\"343\"><source media=\"(min-width: 768px) and (max-width: 1023px)\" srcset=\"https:\/\/a57.foxnews.com\/static.foxnews.com\/foxnews.com\/content\/uploads\/2025\/06\/672\/378\/nawrocki-addresses-supporters.jpg?ve=1&amp;tl=1, https:\/\/a57.foxnews.com\/static.foxnews.com\/foxnews.com\/content\/uploads\/2025\/06\/1344\/756\/nawrocki-addresses-supporters.jpg?ve=1&amp;tl=1 2x\" height=\"378\" width=\"672\"><source media=\"(min-width: 1024px) and (max-width: 1279px)\" srcset=\"https:\/\/a57.foxnews.com\/static.foxnews.com\/foxnews.com\/content\/uploads\/2025\/06\/931\/523\/nawrocki-addresses-supporters.jpg?ve=1&amp;tl=1, https:\/\/a57.foxnews.com\/static.foxnews.com\/foxnews.com\/content\/uploads\/2025\/06\/1862\/1046\/nawrocki-addresses-supporters.jpg?ve=1&amp;tl=1 2x\" height=\"523\" width=\"931\"><source media=\"(min-width: 1280px)\" srcset=\"https:\/\/a57.foxnews.com\/static.foxnews.com\/foxnews.com\/content\/uploads\/2025\/06\/720\/405\/nawrocki-addresses-supporters.jpg?ve=1&amp;tl=1, https:\/\/a57.foxnews.com\/static.foxnews.com\/foxnews.com\/content\/uploads\/2025\/06\/1440\/810\/nawrocki-addresses-supporters.jpg?ve=1&amp;tl=1 2x\" height=\"405\" width=\"720\"><img loading=\"lazy\" decoding=\"async\" src=\"https:\/\/a57.foxnews.com\/static.foxnews.com\/foxnews.com\/content\/uploads\/2025\/06\/1200\/675\/nawrocki-addresses-supporters.jpg?ve=1&amp;tl=1\" alt=\"Nawrocki habla con los seguidores despu\u00e9s de la elecci\u00f3n\" width=\"1200\" height=\"675\"\/><\/source><\/source><\/source><\/source><\/picture><\/div>\n<div class=\"info\">\n<div class=\"caption\">\n<p><span>El candidato presidencial Karol Nawrocki, un historiador conservador respaldado por la ley de derecha y el partido de justicia aborda a los partidarios en su sede despu\u00e9s de la escorrent\u00eda de elecciones presidenciales en Varsovia, Polonia, el domingo 1 de junio de 2025. <\/span> <span>(AP Photo\/Czarek Sokolowski)<\/span><\/p>\n<\/div>\n<\/div>\n<\/div>\n<p>Mientras tanto, el presidente de la Comisi\u00f3n Europea, Ursula von der Leyen, ofreci\u00f3 felicitaciones medidas, enfatizando la continua colaboraci\u00f3n de la UE-Poland arraigada en los valores democr\u00e1ticos compartidos: \u00abTodos somos m\u00e1s fuertes juntos en nuestra comunidad de paz, democracia y valores. As\u00ed que trabajemos para garantizar la seguridad y la prosperidad de nuestro hogar com\u00fan\u00bb.<\/p>\n<p>La victoria de Nawrocki es un regreso para el Partido de la Ley y la Justicia, que gobern\u00f3 Polonia de 2015 a 2023, cuando perdi\u00f3 el poder ante la coalici\u00f3n centrista del primer ministro Donald Tusk. <\/p>\n<p><strong><u>Haga clic aqu\u00ed para obtener la aplicaci\u00f3n Fox News<\/u><\/strong><\/p>\n<p>El poder de veto de Duda ha sido un obst\u00e1culo para el colmillo de la Uni\u00f3n Europea para cumplir ciertas promesas electorales, como aflojar las restricciones al aborto o aprobar una ley de sociedad civil para las parejas del mismo sexo. Algunos observadores en Polonia han dicho que las promesas no cumplidas podr\u00edan dificultar que Tusk contin\u00fae su mandato hasta las pr\u00f3ximas elecciones parlamentarias programadas para finales de 2027, particularmente si la ley y la justicia cuelgan la perspectiva de la futura cooperaci\u00f3n con los conservadores en su coalici\u00f3n.<\/p>\n<p><i>Associated Press contribuy\u00f3 a este informe.<\/i><\/p>\n<p> <!----> <\/p>\n<div class=\"article-meta\">\n<div class=\"author-bio\">\n<p>Danielle Wallace es reportera de noticias y pol\u00edticas en Fox News Digital. Los consejos de la historia se pueden enviar a danielle.wallace@fox.com y en X: @danimwallace. <\/p>\n<\/div>\n<\/div>\n<\/div>\n\n","protected":false},"excerpt":{"rendered":"<p>Polonia eligi\u00f3 a Karol Nawrocki, un conservador respaldado por el presidente Donald Trump, en las elecciones de escorrent\u00eda presidencial del pa\u00eds, seg\u00fan un recuento de votos final emitido el lunes. Nawrocki gan\u00f3 el 50.89% de los votos, obteniendo una estrecha victoria sobre el alcalde liberal de Varsovia Rafa\u0142 Trzaskowski, quien recibi\u00f3 el 49.11%, inform\u00f3 Associated &hellip;<\/p>\n","protected":false},"author":1,"featured_media":29899,"comment_status":"open","ping_status":"open","sticky":false,"template":"","format":"standard","meta":{"fifu_image_url":"https:\/\/static.foxnews.com\/foxnews.com\/content\/uploads\/2025\/06\/nawrocki-smiles-peace-sign.jpg","fifu_image_alt":"","footnotes":""},"categories":[13],"tags":[],"class_list":["post-29897","post","type-post","status-publish","format-standard","has-post-thumbnail","","category-mundo"],"_links":{"self":[{"href":"https:\/\/noticiasveraces.com\/index.php?rest_route=\/wp\/v2\/posts\/29897","targetHints":{"allow":["GET"]}}],"collection":[{"href":"https:\/\/noticiasveraces.com\/index.php?rest_route=\/wp\/v2\/posts"}],"about":[{"href":"https:\/\/noticiasveraces.com\/index.php?rest_route=\/wp\/v2\/types\/post"}],"author":[{"embeddable":true,"href":"https:\/\/noticiasveraces.com\/index.php?rest_route=\/wp\/v2\/users\/1"}],"replies":[{"embeddable":true,"href":"https:\/\/noticiasveraces.com\/index.php?rest_route=%2Fwp%2Fv2%2Fcomments&post=29897"}],"version-history":[{"count":0,"href":"https:\/\/noticiasveraces.com\/index.php?rest_route=\/wp\/v2\/posts\/29897\/revisions"}],"wp:featuredmedia":[{"embeddable":true,"href":"https:\/\/noticiasveraces.com\/index.php?rest_route=\/wp\/v2\/media\/29899"}],"wp:attachment":[{"href":"https:\/\/noticiasveraces.com\/index.php?rest_route=%2Fwp%2Fv2%2Fmedia&parent=29897"}],"wp:term":[{"taxonomy":"category","embeddable":true,"href":"https:\/\/noticiasveraces.com\/index.php?rest_route=%2Fwp%2Fv2%2Fcategories&post=29897"},{"taxonomy":"post_tag","embeddable":true,"href":"https:\/\/noticiasveraces.com\/index.php?rest_route=%2Fwp%2Fv2%2Ftags&post=29897"}],"curies":[{"name":"wp","href":"https:\/\/api.w.org\/{rel}","templated":true}]}}