{"id":29889,"date":"2025-06-02T07:23:54","date_gmt":"2025-06-02T11:23:54","guid":{"rendered":"https:\/\/noticiasveraces.com\/?p=29889"},"modified":"2025-06-02T07:23:54","modified_gmt":"2025-06-02T11:23:54","slug":"carlos-antonio-velez-lamento-lesion-de-juanfer-quintero-un-problema-menos-para-lorenzo-curiosidades-de-futbol","status":"publish","type":"post","link":"https:\/\/noticiasveraces.com\/?p=29889","title":{"rendered":"Carlos Antonio V\u00e9lez lament\u00f3 lesi\u00f3n de Juanfer Quintero: &#8216;un problema menos para Lorenzo&#8217; | Curiosidades de f\u00fatbol"},"content":{"rendered":"<p> \n<br \/><img decoding=\"async\" src=\"https:\/\/www.futbolred.com\/files\/article_graphic\/uploads\/2025\/03\/15\/67d61e5d4d4bf.jpeg\" \/><\/p>\n<div id=\"save-articlemobile\">\n                <span>Guardar<\/span><\/p>\n<div class=\"hidden alerta-general cajaAlerta\">\n<p>        Ingrese o<br \/>\n        reg\u00edstrese<br \/>\n        para guardar los art\u00edculos en su zona de usuario y leerlos cuando quiera\n    <\/p>\n<\/div>\n<p>\n    <b>Art\u00edculo guardado<\/b><br \/>\n    Para consultarlo en otro momento,<br \/>\n    <b>visite su zona de usuario.<\/b>\n<\/p>\n<p>\n    <b>Este art\u00edculo ya fue guardado<\/b><br \/>\n    Para consultarlo en otro momento,<br \/>\n    <b>visite su zona de usuario.<\/b>\n<\/p>\n<p>    El art\u00edculo no pudo ser guardado, intente nuevamente\n<\/p>\n<\/p><\/div>\n\n","protected":false},"excerpt":{"rendered":"<p>Guardar Ingrese o reg\u00edstrese para guardar los art\u00edculos en su zona de usuario y leerlos cuando quiera Art\u00edculo guardado Para consultarlo en otro momento, visite su zona de usuario. Este art\u00edculo ya fue guardado Para consultarlo en otro momento, visite su zona de usuario. El art\u00edculo no pudo ser guardado, intente nuevamente<\/p>\n","protected":false},"author":1,"featured_media":29891,"comment_status":"open","ping_status":"open","sticky":false,"template":"","format":"standard","meta":{"fifu_image_url":"https:\/\/www.futbolred.com\/files\/og_thumbnail\/uploads\/2025\/03\/15\/67d61e5d4d4bf.jpeg","fifu_image_alt":"","footnotes":""},"categories":[6],"tags":[],"class_list":["post-29889","post","type-post","status-publish","format-standard","has-post-thumbnail","","category-deportes"],"_links":{"self":[{"href":"https:\/\/noticiasveraces.com\/index.php?rest_route=\/wp\/v2\/posts\/29889","targetHints":{"allow":["GET"]}}],"collection":[{"href":"https:\/\/noticiasveraces.com\/index.php?rest_route=\/wp\/v2\/posts"}],"about":[{"href":"https:\/\/noticiasveraces.com\/index.php?rest_route=\/wp\/v2\/types\/post"}],"author":[{"embeddable":true,"href":"https:\/\/noticiasveraces.com\/index.php?rest_route=\/wp\/v2\/users\/1"}],"replies":[{"embeddable":true,"href":"https:\/\/noticiasveraces.com\/index.php?rest_route=%2Fwp%2Fv2%2Fcomments&post=29889"}],"version-history":[{"count":0,"href":"https:\/\/noticiasveraces.com\/index.php?rest_route=\/wp\/v2\/posts\/29889\/revisions"}],"wp:featuredmedia":[{"embeddable":true,"href":"https:\/\/noticiasveraces.com\/index.php?rest_route=\/wp\/v2\/media\/29891"}],"wp:attachment":[{"href":"https:\/\/noticiasveraces.com\/index.php?rest_route=%2Fwp%2Fv2%2Fmedia&parent=29889"}],"wp:term":[{"taxonomy":"category","embeddable":true,"href":"https:\/\/noticiasveraces.com\/index.php?rest_route=%2Fwp%2Fv2%2Fcategories&post=29889"},{"taxonomy":"post_tag","embeddable":true,"href":"https:\/\/noticiasveraces.com\/index.php?rest_route=%2Fwp%2Fv2%2Ftags&post=29889"}],"curies":[{"name":"wp","href":"https:\/\/api.w.org\/{rel}","templated":true}]}}