{"id":29852,"date":"2025-06-02T02:10:22","date_gmt":"2025-06-02T06:10:22","guid":{"rendered":"https:\/\/noticiasveraces.com\/?p=29852"},"modified":"2025-06-02T02:10:22","modified_gmt":"2025-06-02T06:10:22","slug":"conservador-nawrocki-gana-eleccion-presidencial-en-polonia-dw-02-06-2025","status":"publish","type":"post","link":"https:\/\/noticiasveraces.com\/?p=29852","title":{"rendered":"Conservador Nawrocki gana elecci\u00f3n presidencial en Polonia \u2013 DW \u2013 02\/06\/2025"},"content":{"rendered":"<p> \n<\/p>\n<div>\n<p>El conservador Karol Nawrocki gan\u00f3 el domingo la disputada segunda vuelta de las elecciones en Polonia con el 50,89 % de los votos, seg\u00fan el resultado del 100 % de los votos escrutados publicado por la Comisi\u00f3n Nacional Electoral el lunes (02.06.2025).<\/p>\n<p>Con todas las papeletas contadas, la comisi\u00f3n electoral nacional dijo que el historiador nacionalista Nawrocki obtuvo el 50,89% de los votos frente al 49,11% de su rival, el liberal RafalTrzaskowski.<\/p>\n<p>Los re\u00f1idos resultados en el balotaje del domingo evidenciaron la polarizaci\u00f3n en este pa\u00eds miembro de la Uni\u00f3n Europea y la OTAN.<\/p>\n<p>La diferencia de\u00a0un 1,78 % es m\u00ednima y supone el segundo golpe en unas presidenciales para el aspirante liberal y proeuropeo, que perdi\u00f3 en 2020 con una diferencia del 2,06 % contra el actual presidente de Polonia, Andrzej Duda, que concluye en agosto su segundo mandato consecutivo al frente de la jefatura de Estado del pa\u00eds centroeuropeo.<\/p>\n<p>El resultado de las elecciones, en las que hubo una participaci\u00f3n del 71,63 %, la m\u00e1s alta en unos comicios de este tipo en Polonia, supone un duro rev\u00e9s para la coalici\u00f3n gubernamental de Tusk, quien admiti\u00f3 tras la primera vuelta que el gobierno hab\u00eda recibido una \u00abtarjeta amarilla\u00bb de la poblaci\u00f3n, pero confiaba a\u00fan en una victoria.<\/p>\n<h2>Duro\u00a0rev\u00e9s para el Gobierno liberal y proeuropeo <\/h2>\n<p>El desenlace de estos comicios tiene profundas implicaciones para el panorama pol\u00edtico polaco, ya que una victoria de Trzaskowski, de 53 a\u00f1os, hubiera facilitado al gobierno la implementaci\u00f3n de su agenda reformista.<\/p>\n<p>El alcalde de Varsovia hab\u00eda prometido impulsar reformas como la liberalizaci\u00f3n del aborto, las uniones civiles y revertir las reformas judiciales del PiS, adem\u00e1s de buscar una relaci\u00f3n m\u00e1s estrecha con Bruselas.<\/p>\n<p>Por el contrario, la victoria de Nawrocki, es vista como la continuidad al frente de la Presidencia polaca de Duda, quien no ha dudado en vetar varias iniciativas de Tusk, por lo que los analistas creen que la gesti\u00f3n del gobierno de Tusk seguir\u00e1 siendo dif\u00edcil, con un posible estancamiento de su agenda reformista.<\/p>\n<p>Duda agradeci\u00f3 esta ma\u00f1ana\u00a0a los votantes por haber acudido a las urnas y felicit\u00f3 al ganador y la frase \u00ab\u00a1mantente fuerte, Polonia!\u00bb, frente al gobierno liberal. <\/p>\n<p>GS (AFP, EFE, AP)<\/p>\n<\/div>\n\n","protected":false},"excerpt":{"rendered":"<p>El conservador Karol Nawrocki gan\u00f3 el domingo la disputada segunda vuelta de las elecciones en Polonia con el 50,89 % de los votos, seg\u00fan el resultado del 100 % de los votos escrutados publicado por la Comisi\u00f3n Nacional Electoral el lunes (02.06.2025). Con todas las papeletas contadas, la comisi\u00f3n electoral nacional dijo que el historiador &hellip;<\/p>\n","protected":false},"author":1,"featured_media":29853,"comment_status":"open","ping_status":"open","sticky":false,"template":"","format":"standard","meta":{"fifu_image_url":"https:\/\/static.dw.com\/image\/72751798_6.jpg","fifu_image_alt":"","footnotes":""},"categories":[13],"tags":[],"class_list":["post-29852","post","type-post","status-publish","format-standard","has-post-thumbnail","","category-mundo"],"_links":{"self":[{"href":"https:\/\/noticiasveraces.com\/index.php?rest_route=\/wp\/v2\/posts\/29852","targetHints":{"allow":["GET"]}}],"collection":[{"href":"https:\/\/noticiasveraces.com\/index.php?rest_route=\/wp\/v2\/posts"}],"about":[{"href":"https:\/\/noticiasveraces.com\/index.php?rest_route=\/wp\/v2\/types\/post"}],"author":[{"embeddable":true,"href":"https:\/\/noticiasveraces.com\/index.php?rest_route=\/wp\/v2\/users\/1"}],"replies":[{"embeddable":true,"href":"https:\/\/noticiasveraces.com\/index.php?rest_route=%2Fwp%2Fv2%2Fcomments&post=29852"}],"version-history":[{"count":0,"href":"https:\/\/noticiasveraces.com\/index.php?rest_route=\/wp\/v2\/posts\/29852\/revisions"}],"wp:featuredmedia":[{"embeddable":true,"href":"https:\/\/noticiasveraces.com\/index.php?rest_route=\/wp\/v2\/media\/29853"}],"wp:attachment":[{"href":"https:\/\/noticiasveraces.com\/index.php?rest_route=%2Fwp%2Fv2%2Fmedia&parent=29852"}],"wp:term":[{"taxonomy":"category","embeddable":true,"href":"https:\/\/noticiasveraces.com\/index.php?rest_route=%2Fwp%2Fv2%2Fcategories&post=29852"},{"taxonomy":"post_tag","embeddable":true,"href":"https:\/\/noticiasveraces.com\/index.php?rest_route=%2Fwp%2Fv2%2Ftags&post=29852"}],"curies":[{"name":"wp","href":"https:\/\/api.w.org\/{rel}","templated":true}]}}