{"id":29841,"date":"2025-06-02T01:09:14","date_gmt":"2025-06-02T05:09:14","guid":{"rendered":"https:\/\/noticiasveraces.com\/?p=29841"},"modified":"2025-06-02T01:09:14","modified_gmt":"2025-06-02T05:09:14","slug":"jefes-diplomacia-de-rusia-y-ee-uu-hablan-previo-a-estambul-dw-02-06-2025","status":"publish","type":"post","link":"https:\/\/noticiasveraces.com\/?p=29841","title":{"rendered":"Jefes diplomacia de Rusia y EE.UU. hablan previo a Estambul \u2013 DW \u2013 02\/06\/2025"},"content":{"rendered":"<p> \n<\/p>\n<div>\n<p>El jefe de la diplomacia rusa, Sergu\u00e9i Lavrov, se entrevist\u00f3 por tel\u00e9fono con su hom\u00f3logo estadounidense, Marco Rubio, para abordar el segundo ciclo de negociaciones con Ucrania que se celebrar\u00e1 en Estambul el lunes (02.06.2025), indic\u00f3 su despacho, citado por las agencias estatales rusas.<\/p>\n<p>\u00abHablaron sobre la situaci\u00f3n de la crisis ucraniana\u00bb, inform\u00f3 el ministerio de Relaciones Exteriores en un comunicado.<\/p>\n<p>Los funcionarios \u00abintercambiaron sus puntos de vista sobre diversas iniciativas encaminadas a una soluci\u00f3n pol\u00edtica de la crisis ucraniana, especialmente los planes de reanudaci\u00f3n de las negociaciones directas entre Rusia y Ucrania en Estambul el 2 de junio\u00bb, indic\u00f3 la dependencia, seg\u00fan la agencia Tass.<\/p>\n<p>Esta conversaci\u00f3n se da el mismo d\u00eda de un ataque sin precedentes de drones ucranianos contra la aviaci\u00f3n militar rusa.<\/p>\n<p>Lavrov y Rubio han tenido varios contactos telef\u00f3nicas en las \u00faltimas semanas. El mi\u00e9rcoles, el jefe de la diplomacia rusa explic\u00f3 los \u00abpreparativos\u00bb de su pa\u00eds antes de las negociaciones de Estambul.<\/p>\n<p>Las delegaciones rusas y ucranianas tienen previsto celebrar di\u00e1logos el lunes en esa ciudad turca, luego de una primera reuni\u00f3n poco fruct\u00edfera el 16 de mayo.<\/p>\n<h2>Ucrania enviar\u00e1 14 delegados a reuni\u00f3n<\/h2>\n<p>El presidente ucraniano, Volodimir Zelenski, pidi\u00f3 el domingo un \u00abcese el fuego completo e incondicional\u00bb, que Rusia rechaza por ahora.<\/p>\n<p>En un mensaje en Telegram, Zelenski confirm\u00f3 el domingo la participaci\u00f3n de Ucrania en las conversaciones del lunes con una delegaci\u00f3n de 14 personas encabezada por el ministro\u00a0de Defensa, Rustem Um\u00e9rov, y\u00a0defini\u00f3 adem\u00e1s las principales condiciones por la parte ucraniana para las negociaciones de paz.<\/p>\n<p>La primera condici\u00f3n, precis\u00f3, es un alto el fuego completo e incondicional;\u00a0la segunda, la liberaci\u00f3n de los prisioneros; y la tercera, la devoluci\u00f3n de los ni\u00f1os secuestrados.<\/p>\n<p>\u00abY para establecer una paz fiable y duradera y garantizar la seguridad, necesitamos preparar una reuni\u00f3n al m\u00e1s alto nivel. S\u00f3lo los l\u00edderes pueden resolver las cuestiones clave\u00bb, dijo Zelenski.<\/p>\n<p>GS (AFP, Efe, Reuters)<\/p>\n<\/div>\n\n","protected":false},"excerpt":{"rendered":"<p>El jefe de la diplomacia rusa, Sergu\u00e9i Lavrov, se entrevist\u00f3 por tel\u00e9fono con su hom\u00f3logo estadounidense, Marco Rubio, para abordar el segundo ciclo de negociaciones con Ucrania que se celebrar\u00e1 en Estambul el lunes (02.06.2025), indic\u00f3 su despacho, citado por las agencias estatales rusas. \u00abHablaron sobre la situaci\u00f3n de la crisis ucraniana\u00bb, inform\u00f3 el ministerio &hellip;<\/p>\n","protected":false},"author":1,"featured_media":29842,"comment_status":"open","ping_status":"open","sticky":false,"template":"","format":"standard","meta":{"fifu_image_url":"https:\/\/static.dw.com\/image\/71644017_6.jpg","fifu_image_alt":"","footnotes":""},"categories":[13],"tags":[],"class_list":["post-29841","post","type-post","status-publish","format-standard","has-post-thumbnail","","category-mundo"],"_links":{"self":[{"href":"https:\/\/noticiasveraces.com\/index.php?rest_route=\/wp\/v2\/posts\/29841","targetHints":{"allow":["GET"]}}],"collection":[{"href":"https:\/\/noticiasveraces.com\/index.php?rest_route=\/wp\/v2\/posts"}],"about":[{"href":"https:\/\/noticiasveraces.com\/index.php?rest_route=\/wp\/v2\/types\/post"}],"author":[{"embeddable":true,"href":"https:\/\/noticiasveraces.com\/index.php?rest_route=\/wp\/v2\/users\/1"}],"replies":[{"embeddable":true,"href":"https:\/\/noticiasveraces.com\/index.php?rest_route=%2Fwp%2Fv2%2Fcomments&post=29841"}],"version-history":[{"count":0,"href":"https:\/\/noticiasveraces.com\/index.php?rest_route=\/wp\/v2\/posts\/29841\/revisions"}],"wp:featuredmedia":[{"embeddable":true,"href":"https:\/\/noticiasveraces.com\/index.php?rest_route=\/wp\/v2\/media\/29842"}],"wp:attachment":[{"href":"https:\/\/noticiasveraces.com\/index.php?rest_route=%2Fwp%2Fv2%2Fmedia&parent=29841"}],"wp:term":[{"taxonomy":"category","embeddable":true,"href":"https:\/\/noticiasveraces.com\/index.php?rest_route=%2Fwp%2Fv2%2Fcategories&post=29841"},{"taxonomy":"post_tag","embeddable":true,"href":"https:\/\/noticiasveraces.com\/index.php?rest_route=%2Fwp%2Fv2%2Ftags&post=29841"}],"curies":[{"name":"wp","href":"https:\/\/api.w.org\/{rel}","templated":true}]}}