{"id":29831,"date":"2025-06-01T21:00:14","date_gmt":"2025-06-02T01:00:14","guid":{"rendered":"https:\/\/noticiasveraces.com\/?p=29831"},"modified":"2025-06-01T21:00:14","modified_gmt":"2025-06-02T01:00:14","slug":"fbi-investiga-un-ataque-terrorista-selectivo-en-colorado-dw-02-06-2025","status":"publish","type":"post","link":"https:\/\/noticiasveraces.com\/?p=29831","title":{"rendered":"FBI investiga un \u00abataque terrorista selectivo\u00bb en Colorado \u2013 DW \u2013 02\/06\/2025"},"content":{"rendered":"<p> \n<\/p>\n<div>\n<p>El director del FBI, Kash Patel, dijo el domingo (31.05.2025)0 que investiga un \u00abataque terrorista dirigido\u00bb en la ciudad de Boulder, Colorado, en el oeste de Estados Unidos, en medio de informes sobre un asalto a una manifestaci\u00f3n pro-Israel.<\/p>\n<p>\u00abEstamos al tanto e investigando completamente un ataque terrorista dirigido en Boulder, Colorado\u00bb, escribi\u00f3 el funcionario en la red social X.<\/p>\n<p>\u00abNuestros agentes y las fuerzas del orden locales ya est\u00e1n en el lugar, y compartiremos actualizaciones a medida que haya m\u00e1s informaci\u00f3n disponible\u00bb, a\u00f1adi\u00f3.<\/p>\n<p>Medios locales citaron testigos que describieron a un hombre lanzando algo que parec\u00eda un c\u00f3ctel molotov casero contra una manifestaci\u00f3n en Boulder, una localidad de poco m\u00e1s de 100.000 habitantes.<\/p>\n<p>La polic\u00eda local inform\u00f3 en X que estaba \u00abrespondiendo a un informe de un ataque en las calles 13th y Pearl\u00bb en el coraz\u00f3n de la ciudad, \u00abcon reportes de varias v\u00edctimas\u00bb.<\/p>\n<p>\u00ab\u00a1POR FAVOR EVITE LA ZONA!\u00bb, a\u00f1adi\u00f3.<\/p>\n<h2>Varios heridos y un sospechoso detenido<\/h2>\n<p>La polic\u00eda agreg\u00f3 que un sospechoso fue detenido tras el ataque que dej\u00f3 varias personas heridas.<\/p>\n<p>Si bien enfatiz\u00f3 que la informaci\u00f3n era \u00abmuy preliminar\u00bb, el jefe de polic\u00eda de Boulder, Stephen Redfearn, indic\u00f3 que el hombre fue detenido tras recibir llamadas a la central policial sobre alguien armado que estaba \u00abprendiendo fuego a la gente\u00bb.<\/p>\n<p>Redfearn indic\u00f3 que a\u00fan no estaba en condiciones de identificar al sospechoso, se\u00f1alando que hab\u00eda sido trasladado al hospital. Indic\u00f3 que las v\u00edctimas presentaban m\u00faltiples lesiones, desde muy graves hasta leves.<\/p>\n<p>La Liga Antidifamaci\u00f3n, un grupo activista jud\u00edo, indic\u00f3 en la misma plataforma que estaba \u00abal tanto de informes de un ataque en el evento Run for Their Lives de Boulder de hoy\u00bb.<\/p>\n<p>Se trataba de una \u00abreuni\u00f3n semanal de miembros de la comunidad jud\u00eda para correr\/caminar en apoyo de los rehenes\u00bb que fueron capturados durante el ataque del movimiento islamista Ham\u00e1s a Israel el 7 de octubre de 2023, que desencaden\u00f3 la guerra en Gaza.<\/p>\n<p>JC (AFP, AP, Efe)<\/p>\n<\/p>\n<\/div>\n\n","protected":false},"excerpt":{"rendered":"<p>El director del FBI, Kash Patel, dijo el domingo (31.05.2025)0 que investiga un \u00abataque terrorista dirigido\u00bb en la ciudad de Boulder, Colorado, en el oeste de Estados Unidos, en medio de informes sobre un asalto a una manifestaci\u00f3n pro-Israel. \u00abEstamos al tanto e investigando completamente un ataque terrorista dirigido en Boulder, Colorado\u00bb, escribi\u00f3 el funcionario &hellip;<\/p>\n","protected":false},"author":1,"featured_media":29832,"comment_status":"open","ping_status":"open","sticky":false,"template":"","format":"standard","meta":{"fifu_image_url":"https:\/\/static.dw.com\/image\/65701260_6.jpg","fifu_image_alt":"","footnotes":""},"categories":[13],"tags":[],"class_list":["post-29831","post","type-post","status-publish","format-standard","has-post-thumbnail","","category-mundo"],"_links":{"self":[{"href":"https:\/\/noticiasveraces.com\/index.php?rest_route=\/wp\/v2\/posts\/29831","targetHints":{"allow":["GET"]}}],"collection":[{"href":"https:\/\/noticiasveraces.com\/index.php?rest_route=\/wp\/v2\/posts"}],"about":[{"href":"https:\/\/noticiasveraces.com\/index.php?rest_route=\/wp\/v2\/types\/post"}],"author":[{"embeddable":true,"href":"https:\/\/noticiasveraces.com\/index.php?rest_route=\/wp\/v2\/users\/1"}],"replies":[{"embeddable":true,"href":"https:\/\/noticiasveraces.com\/index.php?rest_route=%2Fwp%2Fv2%2Fcomments&post=29831"}],"version-history":[{"count":0,"href":"https:\/\/noticiasveraces.com\/index.php?rest_route=\/wp\/v2\/posts\/29831\/revisions"}],"wp:featuredmedia":[{"embeddable":true,"href":"https:\/\/noticiasveraces.com\/index.php?rest_route=\/wp\/v2\/media\/29832"}],"wp:attachment":[{"href":"https:\/\/noticiasveraces.com\/index.php?rest_route=%2Fwp%2Fv2%2Fmedia&parent=29831"}],"wp:term":[{"taxonomy":"category","embeddable":true,"href":"https:\/\/noticiasveraces.com\/index.php?rest_route=%2Fwp%2Fv2%2Fcategories&post=29831"},{"taxonomy":"post_tag","embeddable":true,"href":"https:\/\/noticiasveraces.com\/index.php?rest_route=%2Fwp%2Fv2%2Ftags&post=29831"}],"curies":[{"name":"wp","href":"https:\/\/api.w.org\/{rel}","templated":true}]}}