{"id":29820,"date":"2025-06-01T19:28:29","date_gmt":"2025-06-01T23:28:29","guid":{"rendered":"https:\/\/noticiasveraces.com\/?p=29820"},"modified":"2025-06-01T19:28:29","modified_gmt":"2025-06-01T23:28:29","slug":"harry-potter-films-boicoto-sobre-la-controvertida-decision-de-robbie-coltrane-tv-y-radio-showbiz-tv","status":"publish","type":"post","link":"https:\/\/noticiasveraces.com\/?p=29820","title":{"rendered":"Harry Potter Films boicot\u00f3 sobre la controvertida decisi\u00f3n de Robbie Coltrane | TV y radio | Showbiz &#038; TV"},"content":{"rendered":"<p> \n<\/p>\n<div>\n<p>Aunque los activistas trans han pedido regularmente boicots en Harry Potter, debido a los comentarios transg\u00e9nero del autor JK Rowling, esa no fue la raz\u00f3n por la que se llam\u00f3 la segunda pel\u00edcula de la franquicia. En cambio, el extra\u00f1amente llamado Front Beard Liberation, una organizaci\u00f3n con el objetivo de poner fin a la discriminaci\u00f3n contra el vello facial, afirm\u00f3 furiosamente que Harry Potter y la C\u00e1mara de los Secretos presentaban versiones falsas de las barbas.<\/p>\n<p>Tanto Robbie Coltrane (que interpret\u00f3 a Hagrid) como Richard Harris (que interpret\u00f3 a Dumbledore) parec\u00eda haber lucido barbas falsas en la pantalla desde el principio, y el BLF vocalmente alent\u00f3 a los seguidores a mostrar su desprecio por el abucheo y el silbido en la pantalla. La mayor\u00eda de los fan\u00e1ticos del cine de fantas\u00eda habr\u00edan sido ajenos al t\u00e9rmino pogonofobia, el miedo a las barbas, pero es muy real para el historiador socialista Keith Flett, quien contin\u00faa haciendo campa\u00f1a sobre el tema. Puede sonar como una broma alegre, pero tambi\u00e9n hay matices serios, con la organizaci\u00f3n citando discriminaci\u00f3n en la vida real.<\/p>\n<\/div>\n<div>\n<p>Por ejemplo, hubo un caso de un bombero que fue suspendido por negarse a afeitarse la barba de su perilla, y otra de la corporaci\u00f3n de petr\u00f3leo y gas Exxonmobil que proh\u00edbe las barbas en el lugar de trabajo por completo.<\/p>\n<p>Luego, en 1998, el BLF afirm\u00f3 que a Sean Connery se le hab\u00eda negado una caballer\u00eda debido a su barba, seg\u00fan los comentarios que hab\u00edan tenido de \u00abnuevas fuentes laborales normalmente confiables\u00bb.<\/p>\n<p>Sin embargo, Sean fue nombrado caballero dos a\u00f1os despu\u00e9s, y sugiri\u00f3 que la demora se hab\u00eda reducido a su apoyo a la independencia escocesa, en lugar del vello facial.<\/p>\n<p>En 2002, el BLF volvi\u00f3 a tocar, quej\u00e1ndose de que la segunda pel\u00edcula de Harry Potter hab\u00eda sido lanzada en un momento en que las burlas contra hombres barbudos ya abundaban debido a las connotaciones de la temporada festiva de Pap\u00e1 Noel.<\/p>\n<\/div>\n<div>\n<p>Seg\u00fan un art\u00edculo publicado en la BBC, el fundador de BLF, Keith Flett, argument\u00f3: \u00abLa temporada de Santa es la peor \u00e9poca del a\u00f1o para los usuarios de barba. Las burlas de los ni\u00f1os y los comentarios que recibimos de White Van Man empeoran\u00bb.<\/p>\n<p>Sin embargo, cedi\u00f3 a su plan original para boicotear la pel\u00edcula por completo, explicando: \u00abAlgunos partidarios de BLF dijeron que sus hijos les dar\u00edan el infierno si no los tomaran a ver a Harry Potter\u00bb.<\/p>\n<p>\u00abAhora solo estamos pidiendo a nuestros cientos de seguidores que sise y abuchean cuando las barbas falsas entran en la pantalla\u00bb.<\/p>\n<p>Mientras tanto, la propia barba de estilo Karl Marx de Keith se ha burlado p\u00fablicamente e incluso llamado un \u00abasunto de gnomo de jard\u00edn\u00bb por el est\u00e1ndar de la noche.<\/p>\n<\/div>\n\n","protected":false},"excerpt":{"rendered":"<p>Aunque los activistas trans han pedido regularmente boicots en Harry Potter, debido a los comentarios transg\u00e9nero del autor JK Rowling, esa no fue la raz\u00f3n por la que se llam\u00f3 la segunda pel\u00edcula de la franquicia. En cambio, el extra\u00f1amente llamado Front Beard Liberation, una organizaci\u00f3n con el objetivo de poner fin a la discriminaci\u00f3n &hellip;<\/p>\n","protected":false},"author":1,"featured_media":29821,"comment_status":"open","ping_status":"open","sticky":false,"template":"","format":"standard","meta":{"fifu_image_url":"https:\/\/cdn.images.express.co.uk\/img\/dynamic\/20\/1200x630\/6197769.jpg","fifu_image_alt":"","footnotes":""},"categories":[765],"tags":[],"class_list":["post-29820","post","type-post","status-publish","format-standard","has-post-thumbnail","","category-peliculas"],"_links":{"self":[{"href":"https:\/\/noticiasveraces.com\/index.php?rest_route=\/wp\/v2\/posts\/29820","targetHints":{"allow":["GET"]}}],"collection":[{"href":"https:\/\/noticiasveraces.com\/index.php?rest_route=\/wp\/v2\/posts"}],"about":[{"href":"https:\/\/noticiasveraces.com\/index.php?rest_route=\/wp\/v2\/types\/post"}],"author":[{"embeddable":true,"href":"https:\/\/noticiasveraces.com\/index.php?rest_route=\/wp\/v2\/users\/1"}],"replies":[{"embeddable":true,"href":"https:\/\/noticiasveraces.com\/index.php?rest_route=%2Fwp%2Fv2%2Fcomments&post=29820"}],"version-history":[{"count":0,"href":"https:\/\/noticiasveraces.com\/index.php?rest_route=\/wp\/v2\/posts\/29820\/revisions"}],"wp:featuredmedia":[{"embeddable":true,"href":"https:\/\/noticiasveraces.com\/index.php?rest_route=\/wp\/v2\/media\/29821"}],"wp:attachment":[{"href":"https:\/\/noticiasveraces.com\/index.php?rest_route=%2Fwp%2Fv2%2Fmedia&parent=29820"}],"wp:term":[{"taxonomy":"category","embeddable":true,"href":"https:\/\/noticiasveraces.com\/index.php?rest_route=%2Fwp%2Fv2%2Fcategories&post=29820"},{"taxonomy":"post_tag","embeddable":true,"href":"https:\/\/noticiasveraces.com\/index.php?rest_route=%2Fwp%2Fv2%2Ftags&post=29820"}],"curies":[{"name":"wp","href":"https:\/\/api.w.org\/{rel}","templated":true}]}}