{"id":29810,"date":"2025-06-01T19:15:12","date_gmt":"2025-06-01T23:15:12","guid":{"rendered":"https:\/\/noticiasveraces.com\/?p=29810"},"modified":"2025-06-01T19:15:12","modified_gmt":"2025-06-01T23:15:12","slug":"la-comision-elige-a-espana-para-su-piloto-europeo-de-verificacion-de-edad-tecnologia","status":"publish","type":"post","link":"https:\/\/noticiasveraces.com\/?p=29810","title":{"rendered":"La Comisi\u00f3n elige a Espa\u00f1a para su piloto europeo de verificaci\u00f3n de edad | Tecnolog\u00eda"},"content":{"rendered":"<p> \n<\/p>\n<div data-dtm-region=\"articulo_cuerpo\">\n<p class=\"\">La Comisi\u00f3n Europea ha seleccionado a Espa\u00f1a para el proyecto piloto con el que desarrollar\u00e1 una herramienta europea de verificaci\u00f3n de edad que proteja a los menores frente a contenidos para adultos accesibles en internet, como el porno. As\u00ed lo confirman a EL PA\u00cdS fuentes del Ministerio de Transformaci\u00f3n Digital y de la Funci\u00f3n P\u00fablica, que aseguran que la app en la que trabaja el Gobierno desde hace a\u00f1o y medio, bautizada como Cartera Digital Beta, ya est\u00e1 terminada: le queda obtener la certificaci\u00f3n de seguridad del Centro Criptol\u00f3gico Nacional para poder ser lanzada al p\u00fablico.<\/p>\n<p class=\"\">El objetivo esta prueba piloto de la UE es cerciorarse de que la tecnolog\u00eda que se est\u00e1 desarrollando en torno a la verificaci\u00f3n de edad, un asunto delicado en t\u00e9rminos de privacidad, sea segura y que cumpla con los est\u00e1ndares t\u00e9cnicos exigidos por Bruselas. Adem\u00e1s de la app espa\u00f1ola, la Comisi\u00f3n ha apostado por las versiones de Francia, Grecia, Dinamarca e Italia. <\/p>\n<p class=\"\">Los proyectos que pasen el filtro podr\u00e1n ofrecer sus detalles t\u00e9cnicos a los Estados miembros que los pidan para construir a partir de ella su propia herramienta adaptada a su casu\u00edstica particular.<\/p>\n<aside class=\"a_ei\">\n<header class=\"a_ei_h _db\">M\u00e1s informaci\u00f3n<\/header>\n<\/aside>\n<p class=\"\">La Comisi\u00f3n hizo una convocatoria en octubre para seleccionar a los candidatos que participar\u00e1n en la prueba. Desde el departamento que dirige \u00d3scar L\u00f3pez consideran que el hecho de haber sido seleccionados es un espaldarazo a uno de los proyectos clave del Ministerio.<\/p>\n<p class=\"\">El presidente del Gobierno, Pedro S\u00e1nchez, ha manifestado en varias ocasiones que la protecci\u00f3n de los menores en el entorno digital es prioritaria para su Ejecutivo. Ya en enero de 2024 anunci\u00f3 en una entrevista con EL PA\u00cdS la elaboraci\u00f3n de un proyecto de ley para la protecci\u00f3n integral de los menores en internet, que se present\u00f3 en marzo de este a\u00f1o, y el dise\u00f1o de una estrategia integral e interministerial. S\u00e1nchez alert\u00f3 de una \u201caut\u00e9ntica epidemia de menores que tienen acceso a contenidos pornogr\u00e1ficos\u201d. Y dio varias cifras: \u201cUno de cada cuatro j\u00f3venes de menos de 12 a\u00f1os ha tenido o tiene acceso y consume porno. Casi la mitad de los j\u00f3venes de menos de 15 a\u00f1os lo consumen. Y esto no es puritanismo. Esto afecta a la formaci\u00f3n de nuestros adolescentes y tambi\u00e9n a los comportamientos futuros que puedan tener en un tema tan trascendental como es la igualdad\u201d, afirm\u00f3.<\/p>\n<p class=\"\">Esta preocupaci\u00f3n es compartida por la UE. Ayer mismo, la Comisi\u00f3n anunci\u00f3 una ofensiva contra las p\u00e1ginas pornogr\u00e1ficas por el riesgo que suponen para los menores. Por un lado, ha lanzado una investigaci\u00f3n sobre cuatro grandes plataformas de contenido para adultos, entre ellas Pornhub, centrada en el riego potencial que implican para la protecci\u00f3n de los menores. Por otro, los Estados miembros se centrar\u00e1n en tomar medidas contra p\u00e1ginas m\u00e1s peque\u00f1as.<\/p>\n<figure class=\"a_m a_m-h \"><span class=\"_db a_m_w _pr lb_btn\"><img alt=\"Este es el aspecto que tendr\u00e1 la app Cartera Digital Beta en la que trabaja el Gobierno.\" decoding=\"auto\" class=\"_re lazyload a_m-h\" height=\"150\" srcset=\"https:\/\/imagenes.elpais.com\/resizer\/v2\/5B2TOYGRKREXJAPK25JKBDRX64.jpg?auth=e57118a8e953f73d46499d11430126f4c4535ba99eab930c1fa0da71b24b7e23&amp;width=414 414w,https:\/\/imagenes.elpais.com\/resizer\/v2\/5B2TOYGRKREXJAPK25JKBDRX64.jpg?auth=e57118a8e953f73d46499d11430126f4c4535ba99eab930c1fa0da71b24b7e23&amp;width=828 640w,https:\/\/imagenes.elpais.com\/resizer\/v2\/5B2TOYGRKREXJAPK25JKBDRX64.jpg?auth=e57118a8e953f73d46499d11430126f4c4535ba99eab930c1fa0da71b24b7e23&amp;width=980 1000w,https:\/\/imagenes.elpais.com\/resizer\/v2\/5B2TOYGRKREXJAPK25JKBDRX64.jpg?auth=e57118a8e953f73d46499d11430126f4c4535ba99eab930c1fa0da71b24b7e23&amp;width=1960 1960w\" width=\"414\" sizes=\"auto, (min-width:1199px) 1155px,(min-width:1001px) calc(100vw - 44px),(min-width:768px) 767px, 100vw\" src=\"https:\/\/imagenes.elpais.com\/resizer\/v2\/5B2TOYGRKREXJAPK25JKBDRX64.jpg?auth=e57118a8e953f73d46499d11430126f4c4535ba99eab930c1fa0da71b24b7e23&amp;width=414\" loading=\"lazy\"\/><svg aria-hidden=\"true\" class=\"icon_multimedia_ampliar | _pa a_m_i a_m_i-a _dn\" viewbox=\"0 0 40 40\"><use xlink:href=\"#svg-ampliar\"\/><\/svg><\/span><figcaption class=\"a_m_p\" aria-hidden=\"true\"><span>Este es el aspecto que tendr\u00e1 la app Cartera Digital Beta en la que trabaja el Gobierno.<\/span><\/figcaption><\/figure>\n<p class=\"\">Espa\u00f1a lidera junto a Francia y Grecia una propuesta para fijar una edad m\u00ednima de acceso a las redes sociales y obligar a todos los fabricantes de dispositivos con acceso a internet a que lleven integradas herramientas de verificaci\u00f3n de edad y de control parental.<\/p>\n<h3 class=\"\">Hacia una cartera digital europea<\/h3>\n<p class=\"\">La normativa europea (reglamento eIDAS2) establece que, a partir de noviembre de 2026, todos los Estados miembros deben proporcionar a los ciudadanos los medios necesarios para poder identificarse ante la Administraci\u00f3n y las empresas de forma digital y segura, en particular cuando se requiera una autenticaci\u00f3n reforzada, como exigen por ejemplo los bancos. La cartera digital europea permitir\u00e1 no tener que llevar encima documentos impresos ni tener que ceder datos o tener que registrarse con usuario y contrase\u00f1a cada vez que se quiere hacer un tr\u00e1mite de car\u00e1cter oficial.<\/p>\n<p class=\"\">Espa\u00f1a es unos de los primeros pa\u00edses que se han puesto a trabajar en esta herramienta, uno de cuyos usos ser\u00e1 tambi\u00e9n certificar de forma an\u00f3nima que el usuario tiene la mayor\u00eda de edad. Adem\u00e1s de eso, ya incorpora otros servicios, como la acreditaci\u00f3n de t\u00edtulos universitarios, y se ir\u00e1n sumando m\u00e1s.<\/p>\n<p class=\"\">La app Cartera Digital Beta almacena una credencial de mayor\u00eda de edad emitida por el Gobierno de Espa\u00f1a. Las plataformas de internet podr\u00e1n consultarla para permitir el acceso a contenido para adultos. En ese proceso, no se intercambia informaci\u00f3n sobre el particular, m\u00e1s all\u00e1 del hecho de que sea adulto.<\/p>\n<h3 class=\"\">Un proyecto estrella con retraso<\/h3>\n<p class=\"\">El Gobierno anunci\u00f3 en enero del a\u00f1o pasado que ten\u00eda un plan para combatir el acceso infantil al porno en internet. \u201cComo Gobierno, no podemos permanecer impasibles ante esta realidad que preocupa tanto a la sociedad espa\u00f1ola, y especialmente a las familias\u201d, dijo entonces la ministra portavoz, Pilar Alegr\u00eda. Una parte importante de ese plan pasaba por esta herramienta, que deber\u00e1 servir para saber si quien accede a una p\u00e1gina porno es o no mayor de edad. La Agencia Espa\u00f1ola de Protecci\u00f3n de Datos (AEPD) hab\u00eda anunciado un mes antes, en diciembre de 2023, que estaba colaborando en el proyecto junto con la F\u00e1brica Nacional de Moneda y Timbre. <\/p>\n<p class=\"\">En una entrevista con EL PA\u00cdS en abril del a\u00f1o pasado, el entonces ministro Jos\u00e9 Luis Escriv\u00e1 dijo que el objetivo era tener la aplicaci\u00f3n lista en 2024: \u201cNos hemos impuesto el objetivo de tenerla lista para finales de verano. La herramienta, que tendr\u00e1 como punto central los est\u00e1ndares de la cartera digital europea, eIDAS2, cumplir\u00e1 con esos est\u00e1ndares, especialmente los que tienen que ver con la protecci\u00f3n de la identidad, para que la verificaci\u00f3n de la edad sea segura y an\u00f3nima\u201d.<\/p>\n<p class=\"\">Los expertos ya planteaban entonces la dificultad de encontrar un m\u00e9todo viable y seguro para identificar qui\u00e9n accede a una p\u00e1gina determinada. El gran temor de muchos expertos en privacidad es que los sistemas de verificaci\u00f3n de edad acaben con el anonimato digital de los internautas. Tienen motivos para recelar de ello, en tanto que estos mecanismos suelen gestionar datos personales, lo que a su vez ofrece la oportunidad de <i>cortar<\/i> esa informaci\u00f3n tan sensible para luego extorsionar a los usuarios. <\/p>\n<\/div>\n\n","protected":false},"excerpt":{"rendered":"<p>La Comisi\u00f3n Europea ha seleccionado a Espa\u00f1a para el proyecto piloto con el que desarrollar\u00e1 una herramienta europea de verificaci\u00f3n de edad que proteja a los menores frente a contenidos para adultos accesibles en internet, como el porno. As\u00ed lo confirman a EL PA\u00cdS fuentes del Ministerio de Transformaci\u00f3n Digital y de la Funci\u00f3n P\u00fablica, &hellip;<\/p>\n","protected":false},"author":1,"featured_media":29811,"comment_status":"open","ping_status":"open","sticky":false,"template":"","format":"standard","meta":{"fifu_image_url":"https:\/\/imagenes.elpais.com\/resizer\/v2\/DURR6YGTVZFL7FF7ZPVPFBVRCA.jpg?auth=cc6e51f5f739359187410e8e42a722b7d6016a86469c857001b08e13fae04047&width=1200","fifu_image_alt":"","footnotes":""},"categories":[2],"tags":[],"class_list":["post-29810","post","type-post","status-publish","format-standard","has-post-thumbnail","","category-tecnologia"],"_links":{"self":[{"href":"https:\/\/noticiasveraces.com\/index.php?rest_route=\/wp\/v2\/posts\/29810","targetHints":{"allow":["GET"]}}],"collection":[{"href":"https:\/\/noticiasveraces.com\/index.php?rest_route=\/wp\/v2\/posts"}],"about":[{"href":"https:\/\/noticiasveraces.com\/index.php?rest_route=\/wp\/v2\/types\/post"}],"author":[{"embeddable":true,"href":"https:\/\/noticiasveraces.com\/index.php?rest_route=\/wp\/v2\/users\/1"}],"replies":[{"embeddable":true,"href":"https:\/\/noticiasveraces.com\/index.php?rest_route=%2Fwp%2Fv2%2Fcomments&post=29810"}],"version-history":[{"count":0,"href":"https:\/\/noticiasveraces.com\/index.php?rest_route=\/wp\/v2\/posts\/29810\/revisions"}],"wp:featuredmedia":[{"embeddable":true,"href":"https:\/\/noticiasveraces.com\/index.php?rest_route=\/wp\/v2\/media\/29811"}],"wp:attachment":[{"href":"https:\/\/noticiasveraces.com\/index.php?rest_route=%2Fwp%2Fv2%2Fmedia&parent=29810"}],"wp:term":[{"taxonomy":"category","embeddable":true,"href":"https:\/\/noticiasveraces.com\/index.php?rest_route=%2Fwp%2Fv2%2Fcategories&post=29810"},{"taxonomy":"post_tag","embeddable":true,"href":"https:\/\/noticiasveraces.com\/index.php?rest_route=%2Fwp%2Fv2%2Ftags&post=29810"}],"curies":[{"name":"wp","href":"https:\/\/api.w.org\/{rel}","templated":true}]}}