{"id":29808,"date":"2025-06-01T18:58:28","date_gmt":"2025-06-01T22:58:28","guid":{"rendered":"https:\/\/noticiasveraces.com\/?p=29808"},"modified":"2025-06-01T18:58:28","modified_gmt":"2025-06-01T22:58:28","slug":"merz-urge-a-netanyahu-a-permitir-ayuda-humanitaria-en-gaza-dw-01-06-2025","status":"publish","type":"post","link":"https:\/\/noticiasveraces.com\/?p=29808","title":{"rendered":"Merz urge a Netanyahu a permitir ayuda humanitaria en Gaza \u2013 DW \u2013 01\/06\/2025"},"content":{"rendered":"<p> \n<\/p>\n<div>\n<p>El canciller alem\u00e1n Friedrich Merz habl\u00f3 este domingo (01.06.2025) por tel\u00e9fono con el primer ministro israel\u00ed Benjam\u00edn Netanyahu, al que le expres\u00f3 la urgente necesidad de que permita sin demora la entrada de suficiente ayuda humanitaria en la Franja de Gaza y garantice su distribuci\u00f3n segura a la poblaci\u00f3n civil.<\/p>\n<p>De acuerdo con el gobierno de Alemania, Merz le manifest\u00f3 a Netanyahu tambi\u00e9n su esperanza de que se llegue pronto a un acuerdo sobre la liberaci\u00f3n de los rehenes que permanecen en manos del grupo terrorista palestino Ham\u00e1s y a un alto al fuego. <\/p>\n<figure class=\"placeholder-image master_landscape big\"><img data-format=\"MASTER_LANDSCAPE\" data-id=\"72627528\" data-url=\"https:\/\/static.dw.com\/image\/72627528_${formatId}.jpg\" data-aspect-ratio=\"16\/9\" alt=\"Netanyahu ha prometido que traer\u00e1 de vuelta a todos los rehenes en Gaza (imagen de archivo)\" style=\"padding-bottom: 56.25%; height: 0; max-height: 0;\"\/><figcaption class=\"img-caption\">Netanyahu ha prometido que traer\u00e1 de vuelta a todos los rehenes en Gaza (imagen de archivo)<small class=\"copyright\">Imagen: Ronen Zvulun\/AP Photo\/Picture Alliance<\/small><\/figcaption><\/figure>\n<p>Asimismo, subray\u00f3 que su administraci\u00f3n segu\u00eda considerando la soluci\u00f3n negociada de dos Estados como la mejor oportunidad para que israel\u00edes y palestinos puedan convivir pac\u00edficamente.<\/p>\n<p>Merz, que endureci\u00f3 en las \u00faltimas semanas su tono hacia Israel en comparaci\u00f3n con su antecesor Olaf Scholz, reiter\u00f3 asimismo a su hom\u00f3logo israel\u00ed que la seguridad de Israel y su derecho a existir forman parte de la \u00abraz\u00f3n de Estado \u00abde Alemania y conden\u00f3 el terror de Ham\u00e1s.<\/p>\n<p>RR Efe\/DPA<\/p>\n<\/div>\n\n","protected":false},"excerpt":{"rendered":"<p>El canciller alem\u00e1n Friedrich Merz habl\u00f3 este domingo (01.06.2025) por tel\u00e9fono con el primer ministro israel\u00ed Benjam\u00edn Netanyahu, al que le expres\u00f3 la urgente necesidad de que permita sin demora la entrada de suficiente ayuda humanitaria en la Franja de Gaza y garantice su distribuci\u00f3n segura a la poblaci\u00f3n civil. De acuerdo con el gobierno &hellip;<\/p>\n","protected":false},"author":1,"featured_media":29809,"comment_status":"open","ping_status":"open","sticky":false,"template":"","format":"standard","meta":{"fifu_image_url":"https:\/\/static.dw.com\/image\/72745427_6.jpg","fifu_image_alt":"","footnotes":""},"categories":[13],"tags":[],"class_list":["post-29808","post","type-post","status-publish","format-standard","has-post-thumbnail","","category-mundo"],"_links":{"self":[{"href":"https:\/\/noticiasveraces.com\/index.php?rest_route=\/wp\/v2\/posts\/29808","targetHints":{"allow":["GET"]}}],"collection":[{"href":"https:\/\/noticiasveraces.com\/index.php?rest_route=\/wp\/v2\/posts"}],"about":[{"href":"https:\/\/noticiasveraces.com\/index.php?rest_route=\/wp\/v2\/types\/post"}],"author":[{"embeddable":true,"href":"https:\/\/noticiasveraces.com\/index.php?rest_route=\/wp\/v2\/users\/1"}],"replies":[{"embeddable":true,"href":"https:\/\/noticiasveraces.com\/index.php?rest_route=%2Fwp%2Fv2%2Fcomments&post=29808"}],"version-history":[{"count":0,"href":"https:\/\/noticiasveraces.com\/index.php?rest_route=\/wp\/v2\/posts\/29808\/revisions"}],"wp:featuredmedia":[{"embeddable":true,"href":"https:\/\/noticiasveraces.com\/index.php?rest_route=\/wp\/v2\/media\/29809"}],"wp:attachment":[{"href":"https:\/\/noticiasveraces.com\/index.php?rest_route=%2Fwp%2Fv2%2Fmedia&parent=29808"}],"wp:term":[{"taxonomy":"category","embeddable":true,"href":"https:\/\/noticiasveraces.com\/index.php?rest_route=%2Fwp%2Fv2%2Fcategories&post=29808"},{"taxonomy":"post_tag","embeddable":true,"href":"https:\/\/noticiasveraces.com\/index.php?rest_route=%2Fwp%2Fv2%2Ftags&post=29808"}],"curies":[{"name":"wp","href":"https:\/\/api.w.org\/{rel}","templated":true}]}}