{"id":29797,"date":"2025-06-01T17:57:27","date_gmt":"2025-06-01T21:57:27","guid":{"rendered":"https:\/\/noticiasveraces.com\/?p=29797"},"modified":"2025-06-01T17:57:27","modified_gmt":"2025-06-01T21:57:27","slug":"nueve-anos-de-carcel-para-un-hombre-por-agredir-sexualmente-a-una-menor-en-jaen-tras-repetirse-el-juicio-en-el-que-fue-absuelto-sociedad","status":"publish","type":"post","link":"https:\/\/noticiasveraces.com\/?p=29797","title":{"rendered":"Nueve a\u00f1os de c\u00e1rcel para un hombre por agredir sexualmente a una menor en Ja\u00e9n tras repetirse el juicio en el que fue absuelto | Sociedad"},"content":{"rendered":"<p> \n<br \/><img decoding=\"async\" src=\"https:\/\/imagenes.elpais.com\/resizer\/v2\/UPTGW3WM4RBPROCGHVDNUQOE7I.png?auth=9f071577b0cd1a46c6d7f7f0e67b2b07f0d3420bf73c8d51e3ca8619dbf370fe\" \/><\/p>\n<div data-dtm-region=\"articulo_cuerpo\">\n<p class=\"\">La Audiencia Provincial de Ja\u00e9n ha condenado a nueve a\u00f1os y un d\u00eda de prisi\u00f3n a un hombre de 30 a\u00f1os por agredir sexualmente de una menor de 11 a\u00f1os. El hombre ya hab\u00eda sido juzgado y absuelto hace dos a\u00f1os por estos hechos, pero el Tribunal Superior de Justicia de Andaluc\u00eda (TSJA) orden\u00f3 repetir el juicio al reprochar la \u201cirracionalidad\u201d de los argumentos del tribunal por restar credibilidad a la ni\u00f1a, cuestionando la fiabilidad de su relato, seg\u00fan puso de manifiesto la Fiscal\u00eda. La menor est\u00e1 tutelada por la Junta de Andaluc\u00eda, administraci\u00f3n que tambi\u00e9n se ha personado como acusaci\u00f3n.<\/p>\n<p class=\"\">En marzo de 2023 se juzgaron por primera vez unos hechos que se remontan a febrero de 2021, cuando la menor denunci\u00f3 haber sido agredida sexualmente por el acusado, que entonces ten\u00eda 26 a\u00f1os. El pasado 6 de mayo se repiti\u00f3 el juicio, con un tribunal diferente, y la Audiencia condena ahora al hombre a nueve a\u00f1os y un d\u00eda de c\u00e1rcel como autor de un delito de agresi\u00f3n sexual, seg\u00fan ha avanzado Europa Press. <\/p>\n<p class=\"\">Tambi\u00e9n se le impone la prohibici\u00f3n de acercarse y comunicarse con la v\u00edctima durante ocho a\u00f1os por encima del cumplimiento de la pena de prisi\u00f3n. Y se le proh\u00edbe durante cinco a\u00f1os cualquier empleo o actividad retribuida o no que conlleve contacto regular con menores, adem\u00e1s de cinco a\u00f1os de libertad vigilada en los que deber\u00e1 someterse a programas de educaci\u00f3n sexual. En concepto de responsabilidad civil, el procesado deber\u00e1 indemnizar a la menor con 8.000 euros por los da\u00f1os causados. Con todo, el nuevo fallo de la Audiencia de Ja\u00e9n no es firme y se puede recurrir en apelaci\u00f3n ante el TSJA.<\/p>\n<p class=\"\">La sentencia s\u00ed que recoge ahora que el testimonio de la menor cumple con todos los requisitos establecidos para determinar su veracidad. El tribunal fundamenta la condena en pruebas perif\u00e9ricas que respaldan el testimonio de la v\u00edctima sobre lo ocurrido, como los testimonios de las especialistas de la fundaci\u00f3n M\u00e1rgenes y V\u00ednculos, encargada del acogimiento de la ni\u00f1a, que tambi\u00e9n otorgaron la m\u00e1xima credibilidad a su testimonio.<\/p>\n<p class=\"\">Seg\u00fan declar\u00f3 la menor tras presentarse la denuncia en 2021, los hechos ocurrieron al coincidir en la casa con el acusado, que la llev\u00f3 a la habitaci\u00f3n donde supuestamente consum\u00f3 los abusos. Sin embargo, el acusado rechaz\u00f3 las imputaciones y declar\u00f3 que fue la menor la que quiso besarlo, pero que \u201cno pas\u00f3 nada\u201d puesto que \u00e9l mismo la apart\u00f3. Por su parte, la madre de la menor, que ejerce la acusaci\u00f3n particular en la causa, declar\u00f3 que inicialmente no crey\u00f3 a su hija, aunque m\u00e1s tarde s\u00ed lo hizo.<\/p>\n<p class=\"\">La sentencia absolutoria dictada en marzo de 2023 fue recurrida ante el TSJA por la Fiscal\u00eda al entender que la Audiencia de Ja\u00e9n hizo \u201cuna valoraci\u00f3n parcial e incompleta\u201d de la declaraci\u00f3n de la menor. Adem\u00e1s, el Ministerio P\u00fablico advert\u00eda que la declaraci\u00f3n de la v\u00edctima contaba con el apoyo de elementos de corroboraci\u00f3n suficientes que fueron \u201cinfravalorados o malinterpretados por el tribunal\u201d. El TSJA atendi\u00f3 el recurso de la Fiscal\u00eda y coincidi\u00f3 en \u201clo incomprensible de las objeciones\u201d que la sentencia pon\u00eda al relato de la ni\u00f1a. <\/p>\n<p class=\"\"><i>El tel\u00e9fono 016 atiende a las v\u00edctimas de violencia machista, a sus familias y a su entorno las 24 horas del d\u00eda, todos los d\u00edas del a\u00f1o, en 53 idiomas diferentes. El n\u00famero no queda registrado en la factura telef\u00f3nica, pero hay que borrar la llamada del dispositivo. Tambi\u00e9n se puede contactar a trav\u00e9s del correo electr\u00f3nico <\/i><i>016-online@igualdad.gob.es<\/i><i>  y por WhatsApp en el n\u00famero 600 000 016. Los menores pueden dirigirse al tel\u00e9fono de la Fundaci\u00f3n ANAR 900 20 20 10. Si es una situaci\u00f3n de emergencia, se puede llamar al 112 o a los tel\u00e9fonos de la Polic\u00eda Nacional (091) y de la Guardia Civil (062). Y en caso de no poder llamar, se puede recurrir a la aplicaci\u00f3n ALERTCOPS, desde la que se env\u00eda una se\u00f1al de alerta a la Polic\u00eda con geolocalizaci\u00f3n.<\/i><\/p>\n<\/div>\n\n","protected":false},"excerpt":{"rendered":"<p>La Audiencia Provincial de Ja\u00e9n ha condenado a nueve a\u00f1os y un d\u00eda de prisi\u00f3n a un hombre de 30 a\u00f1os por agredir sexualmente de una menor de 11 a\u00f1os. El hombre ya hab\u00eda sido juzgado y absuelto hace dos a\u00f1os por estos hechos, pero el Tribunal Superior de Justicia de Andaluc\u00eda (TSJA) orden\u00f3 repetir &hellip;<\/p>\n","protected":false},"author":1,"featured_media":29799,"comment_status":"open","ping_status":"open","sticky":false,"template":"","format":"standard","meta":{"fifu_image_url":"https:\/\/imagenes.elpais.com\/resizer\/v2\/UPTGW3WM4RBPROCGHVDNUQOE7I.png?auth=9f071577b0cd1a46c6d7f7f0e67b2b07f0d3420bf73c8d51e3ca8619dbf370fe&width=1200","fifu_image_alt":"","footnotes":""},"categories":[11],"tags":[],"class_list":["post-29797","post","type-post","status-publish","format-standard","has-post-thumbnail","","category-viaje"],"_links":{"self":[{"href":"https:\/\/noticiasveraces.com\/index.php?rest_route=\/wp\/v2\/posts\/29797","targetHints":{"allow":["GET"]}}],"collection":[{"href":"https:\/\/noticiasveraces.com\/index.php?rest_route=\/wp\/v2\/posts"}],"about":[{"href":"https:\/\/noticiasveraces.com\/index.php?rest_route=\/wp\/v2\/types\/post"}],"author":[{"embeddable":true,"href":"https:\/\/noticiasveraces.com\/index.php?rest_route=\/wp\/v2\/users\/1"}],"replies":[{"embeddable":true,"href":"https:\/\/noticiasveraces.com\/index.php?rest_route=%2Fwp%2Fv2%2Fcomments&post=29797"}],"version-history":[{"count":0,"href":"https:\/\/noticiasveraces.com\/index.php?rest_route=\/wp\/v2\/posts\/29797\/revisions"}],"wp:featuredmedia":[{"embeddable":true,"href":"https:\/\/noticiasveraces.com\/index.php?rest_route=\/wp\/v2\/media\/29799"}],"wp:attachment":[{"href":"https:\/\/noticiasveraces.com\/index.php?rest_route=%2Fwp%2Fv2%2Fmedia&parent=29797"}],"wp:term":[{"taxonomy":"category","embeddable":true,"href":"https:\/\/noticiasveraces.com\/index.php?rest_route=%2Fwp%2Fv2%2Fcategories&post=29797"},{"taxonomy":"post_tag","embeddable":true,"href":"https:\/\/noticiasveraces.com\/index.php?rest_route=%2Fwp%2Fv2%2Ftags&post=29797"}],"curies":[{"name":"wp","href":"https:\/\/api.w.org\/{rel}","templated":true}]}}