{"id":29791,"date":"2025-06-01T15:45:46","date_gmt":"2025-06-01T19:45:46","guid":{"rendered":"https:\/\/noticiasveraces.com\/?p=29791"},"modified":"2025-06-01T15:45:46","modified_gmt":"2025-06-01T19:45:46","slug":"lula-vuelve-a-decir-que-conflicto-en-gaza-es-un-genocidio-dw-01-06-2025","status":"publish","type":"post","link":"https:\/\/noticiasveraces.com\/?p=29791","title":{"rendered":"Lula vuelve a decir que conflicto en Gaza es un \u00abgenocidio\u00bb \u2013 DW \u2013 01\/06\/2025"},"content":{"rendered":"<p> \n<\/p>\n<div>\n<p>El presidente de Brasil, Luiz In\u00e1cio Lula da Silva, volvi\u00f3 a calificar de \u00abgenocidio\u00bb la ofensiva militar que Israel mantiene en la Franja de Gaza, en un acto pol\u00edtico del Partido Socialista Brasile\u00f1o (PSB) este domingo (01.06.2025).<\/p>\n<p>\u00abEs una guerra que ni el pueblo jud\u00edo quiere, es un genocidio, es una venganza y es un gobierno contrario a la creaci\u00f3n de un Estado palestino\u00bb que usa como excusa la \u00abmasacre\u00bb cometida por el grupo terrorista Ham\u00e1s en octubre de 2023, declar\u00f3.<\/p>\n<p>Tras esas palabras, Lula ley\u00f3 ante la militancia del PSB una nota oficial divulgada este mismo domingo por la canciller\u00eda brasile\u00f1a en repudio a la decisi\u00f3n de Israel de autorizar 22 nuevos asentamientos en Cisjordania ocupada.<\/p>\n<p>Seg\u00fan la nota, la zona en que han sido autorizados esos nuevos asentamientos \u00abes parte integrante del Estado de palestina\u00bb, por lo que el anuncio de Israel \u00abconstituye una flagrante ilegal ante el derecho internacional\u00bb.<\/p>\n<p>Agrega que esa decisi\u00f3n \u00abcontrar\u00eda frontalmente el parecer consultivo de la Corte Internacional de Justicia del 19 de julio de 2024, que consider\u00f3 il\u00edcita la continua presencia de Israel en territorio palestino ocupado\u00bb.<\/p>\n<p>Lula ha criticado repetidas veces la ofensiva de Israel en Gaza contra Ham\u00e1s. En febrero de 2024, incluso la compar\u00f3 con el Holocausto nazi, tras lo que fue declarado persona <em>No agradecido<\/em> por el gobierno israel\u00ed.<\/p>\n<p>RR AFP\/G1<\/p>\n<\/div>\n\n","protected":false},"excerpt":{"rendered":"<p>El presidente de Brasil, Luiz In\u00e1cio Lula da Silva, volvi\u00f3 a calificar de \u00abgenocidio\u00bb la ofensiva militar que Israel mantiene en la Franja de Gaza, en un acto pol\u00edtico del Partido Socialista Brasile\u00f1o (PSB) este domingo (01.06.2025). \u00abEs una guerra que ni el pueblo jud\u00edo quiere, es un genocidio, es una venganza y es un &hellip;<\/p>\n","protected":false},"author":1,"featured_media":29792,"comment_status":"open","ping_status":"open","sticky":false,"template":"","format":"standard","meta":{"fifu_image_url":"https:\/\/static.dw.com\/image\/72051574_6.jpg","fifu_image_alt":"","footnotes":""},"categories":[13],"tags":[],"class_list":["post-29791","post","type-post","status-publish","format-standard","has-post-thumbnail","","category-mundo"],"_links":{"self":[{"href":"https:\/\/noticiasveraces.com\/index.php?rest_route=\/wp\/v2\/posts\/29791","targetHints":{"allow":["GET"]}}],"collection":[{"href":"https:\/\/noticiasveraces.com\/index.php?rest_route=\/wp\/v2\/posts"}],"about":[{"href":"https:\/\/noticiasveraces.com\/index.php?rest_route=\/wp\/v2\/types\/post"}],"author":[{"embeddable":true,"href":"https:\/\/noticiasveraces.com\/index.php?rest_route=\/wp\/v2\/users\/1"}],"replies":[{"embeddable":true,"href":"https:\/\/noticiasveraces.com\/index.php?rest_route=%2Fwp%2Fv2%2Fcomments&post=29791"}],"version-history":[{"count":0,"href":"https:\/\/noticiasveraces.com\/index.php?rest_route=\/wp\/v2\/posts\/29791\/revisions"}],"wp:featuredmedia":[{"embeddable":true,"href":"https:\/\/noticiasveraces.com\/index.php?rest_route=\/wp\/v2\/media\/29792"}],"wp:attachment":[{"href":"https:\/\/noticiasveraces.com\/index.php?rest_route=%2Fwp%2Fv2%2Fmedia&parent=29791"}],"wp:term":[{"taxonomy":"category","embeddable":true,"href":"https:\/\/noticiasveraces.com\/index.php?rest_route=%2Fwp%2Fv2%2Fcategories&post=29791"},{"taxonomy":"post_tag","embeddable":true,"href":"https:\/\/noticiasveraces.com\/index.php?rest_route=%2Fwp%2Fv2%2Ftags&post=29791"}],"curies":[{"name":"wp","href":"https:\/\/api.w.org\/{rel}","templated":true}]}}