{"id":29783,"date":"2025-06-01T13:44:21","date_gmt":"2025-06-01T17:44:21","guid":{"rendered":"https:\/\/noticiasveraces.com\/?p=29783"},"modified":"2025-06-01T13:44:21","modified_gmt":"2025-06-01T17:44:21","slug":"uefa-elige-a-dembele-como-mejor-jugador-de-la-champions-dw-01-06-2025","status":"publish","type":"post","link":"https:\/\/noticiasveraces.com\/?p=29783","title":{"rendered":"UEFA elige a Demb\u00e9l\u00e9 como mejor jugador de la Champions \u2013 DW \u2013 01\/06\/2025"},"content":{"rendered":"<p> \n<\/p>\n<div>\n<p>El atacante franc\u00e9s Ousmane Demb\u00e9l\u00e9, que el s\u00e1bado gan\u00f3 la Liga de Campeones con el Par\u00eds Saint-Germain, fue designado este domingo (01.06.2025) por la UEFA como mejor jugador de la temporada en el m\u00e1ximo torneo del f\u00fatbol europeo.<\/p>\n<p>\u00abAdem\u00e1s de sus ocho goles, Demb\u00e9l\u00e9 asumi\u00f3 el papel de l\u00edder en el equipo parisino, como pudimos ver en la final, donde trabaj\u00f3 muy duro presionando desde el frente de ataque\u00bb, explic\u00f3 el grupo de observadores t\u00e9cnicos de la UEFA, citado en un comunicado.<\/p>\n<p>\u00abAdem\u00e1s, cre\u00f3 dudas en sus oponentes partido tras partido con sus inteligentes movimientos, retrocediendo para dar a su equipo superioridad en el centro del campo\u00bb, agreg\u00f3.<\/p>\n<p><strong>Mejoran las perspectivas de\u00a0Demb\u00e9l\u00e9 de ganar el Bal\u00f3n de Oro<\/strong><\/p>\n<p>Demb\u00e9l\u00e9 es el l\u00edder ofensivo del PSG en su primer a\u00f1o sin Kylian Mbapp\u00e9. Ha firmado 33 goles y dado 15 asistencias en todas las competiciones del PSG esta temporada.<\/p>\n<p>Este premio refuerza las opciones de Demb\u00e9l\u00e9 en la carrera hacia el Bal\u00f3n de Oro de la revista <em>F\u00fatbol de Francia<\/em>el premio individual m\u00e1s codiciado del f\u00fatbol y que se entregar\u00e1 el 22 de septiembre en Par\u00eds. \u00abYo dar\u00eda el Bal\u00f3n de Oro a Ousmane Demb\u00e9l\u00e9, simplemente por c\u00f3mo defiende\u00bb, estim\u00f3 el s\u00e1bado el entrenador del PSG, Luis Enrique.<\/p>\n<p>El atleta de 28 a\u00f1os, que fich\u00f3 en 2023 con el PSG procedente del Barcelona, no anot\u00f3 el s\u00e1bado en la final, a pesar de que su equipo se impuso 5-0 al Inter de Mil\u00e1n.<\/p>\n<p>RR AFP\/Reuters<\/p>\n<\/div>\n\n","protected":false},"excerpt":{"rendered":"<p>El atacante franc\u00e9s Ousmane Demb\u00e9l\u00e9, que el s\u00e1bado gan\u00f3 la Liga de Campeones con el Par\u00eds Saint-Germain, fue designado este domingo (01.06.2025) por la UEFA como mejor jugador de la temporada en el m\u00e1ximo torneo del f\u00fatbol europeo. \u00abAdem\u00e1s de sus ocho goles, Demb\u00e9l\u00e9 asumi\u00f3 el papel de l\u00edder en el equipo parisino, como pudimos &hellip;<\/p>\n","protected":false},"author":1,"featured_media":29784,"comment_status":"open","ping_status":"open","sticky":false,"template":"","format":"standard","meta":{"fifu_image_url":"https:\/\/static.dw.com\/image\/71894788_6.jpg","fifu_image_alt":"","footnotes":""},"categories":[13],"tags":[],"class_list":["post-29783","post","type-post","status-publish","format-standard","has-post-thumbnail","","category-mundo"],"_links":{"self":[{"href":"https:\/\/noticiasveraces.com\/index.php?rest_route=\/wp\/v2\/posts\/29783","targetHints":{"allow":["GET"]}}],"collection":[{"href":"https:\/\/noticiasveraces.com\/index.php?rest_route=\/wp\/v2\/posts"}],"about":[{"href":"https:\/\/noticiasveraces.com\/index.php?rest_route=\/wp\/v2\/types\/post"}],"author":[{"embeddable":true,"href":"https:\/\/noticiasveraces.com\/index.php?rest_route=\/wp\/v2\/users\/1"}],"replies":[{"embeddable":true,"href":"https:\/\/noticiasveraces.com\/index.php?rest_route=%2Fwp%2Fv2%2Fcomments&post=29783"}],"version-history":[{"count":0,"href":"https:\/\/noticiasveraces.com\/index.php?rest_route=\/wp\/v2\/posts\/29783\/revisions"}],"wp:featuredmedia":[{"embeddable":true,"href":"https:\/\/noticiasveraces.com\/index.php?rest_route=\/wp\/v2\/media\/29784"}],"wp:attachment":[{"href":"https:\/\/noticiasveraces.com\/index.php?rest_route=%2Fwp%2Fv2%2Fmedia&parent=29783"}],"wp:term":[{"taxonomy":"category","embeddable":true,"href":"https:\/\/noticiasveraces.com\/index.php?rest_route=%2Fwp%2Fv2%2Fcategories&post=29783"},{"taxonomy":"post_tag","embeddable":true,"href":"https:\/\/noticiasveraces.com\/index.php?rest_route=%2Fwp%2Fv2%2Ftags&post=29783"}],"curies":[{"name":"wp","href":"https:\/\/api.w.org\/{rel}","templated":true}]}}