{"id":29759,"date":"2025-06-01T10:47:29","date_gmt":"2025-06-01T14:47:29","guid":{"rendered":"https:\/\/noticiasveraces.com\/?p=29759"},"modified":"2025-06-01T10:47:29","modified_gmt":"2025-06-01T14:47:29","slug":"los-expertos-en-cuidado-del-cabello-revelan-el-riesgo-de-cepillarse-humedo-y-como-prevenir-danos","status":"publish","type":"post","link":"https:\/\/noticiasveraces.com\/?p=29759","title":{"rendered":"Los expertos en cuidado del cabello revelan el riesgo de cepillarse h\u00famedo y c\u00f3mo prevenir da\u00f1os"},"content":{"rendered":"<p> \n<\/p>\n<div>\n<div class=\"featured featured-video video-ct\" data-v-5f342d4c=\"\"><!----> <\/p>\n<div class=\"contain\" data-v-5f342d4c=\"\">  <!----> <\/p>\n<div class=\"info\" data-v-5f342d4c=\"\">\n<div class=\"caption\" data-v-5f342d4c=\"\">\n<h4 class=\"title\" data-v-5f342d4c=\"\">El propietario de la marca de belleza limpia exige est\u00e1ndares de seguridad m\u00e1s altos<\/h4>\n<p data-v-5f342d4c=\"\">En una entrevista en la c\u00e1mara con Fox News Digital, la personalidad de televisi\u00f3n y la propietaria de la marca de belleza limpia, Emily Austin, expres\u00f3 su entusiasmo por el impulso del cambio con el movimiento MAHA, pidiendo productos hechos en los Estados Unidos para cumplir con los est\u00e1ndares de la UE.<\/p>\n<\/div>\n<\/div>\n<\/div>\n<\/div>\n<p class=\"speakable\">Para aquellos con una rutina de cuidado del cabello, un cepillo es una herramienta esencial para el mantenimiento diario, pero cepillarse el cabello mientras est\u00e1 mojado podr\u00eda causar m\u00e1s da\u00f1o que bien.<\/p>\n<p class=\"speakable\">El h\u00e1bito com\u00fan podr\u00eda debilitar permanentemente el cabello a un \u00abnivel molecular\u00bb, seg\u00fan el Dr. Mehmet Erdogan, cofundador y cirujano de trasplante de cabello en Smile Hair Clinic en Estambul.<\/p>\n<p>Esto podr\u00eda conducir a una mayor rotura y adelgazamiento con el tiempo. Un estudio de 2022 de la Universidad de Manchester reflej\u00f3 esto, descubriendo que la humedad puede cambiar la respuesta del cabello al estr\u00e9s.<\/p>\n<p><strong>Ozempic, otros Semaglutides vinculados a la p\u00e9rdida de cabello: esto es lo que debe saber<\/strong><\/p>\n<p>\u00abCuando el cabello se moja, sufre cambios f\u00edsicos significativos que pueden afectar su capacidad para manejar el estr\u00e9s del cepillado\u00bb, dijo Erdogan en los comentarios compartidos con Fox News Digital. <\/p>\n<p>\u00abEl agua hace que el cabello se hinche, estire la cut\u00edcula y la hace m\u00e1s susceptible a la rotura\u00bb.<\/p>\n<div class=\"image-ct inline\">\n<div class=\"m\"><picture><source media=\"(max-width: 767px)\" srcset=\"https:\/\/a57.foxnews.com\/static.foxnews.com\/foxnews.com\/content\/uploads\/2025\/05\/343\/192\/gettyimages-2198580547.jpg?ve=1&amp;tl=1, https:\/\/a57.foxnews.com\/static.foxnews.com\/foxnews.com\/content\/uploads\/2025\/05\/686\/384\/gettyimages-2198580547.jpg?ve=1&amp;tl=1 2x\" height=\"192\" width=\"343\"><source media=\"(min-width: 768px) and (max-width: 1023px)\" srcset=\"https:\/\/a57.foxnews.com\/static.foxnews.com\/foxnews.com\/content\/uploads\/2025\/05\/672\/378\/gettyimages-2198580547.jpg?ve=1&amp;tl=1, https:\/\/a57.foxnews.com\/static.foxnews.com\/foxnews.com\/content\/uploads\/2025\/05\/1344\/756\/gettyimages-2198580547.jpg?ve=1&amp;tl=1 2x\" height=\"378\" width=\"672\"><source media=\"(min-width: 1024px) and (max-width: 1279px)\" srcset=\"https:\/\/a57.foxnews.com\/static.foxnews.com\/foxnews.com\/content\/uploads\/2025\/05\/931\/523\/gettyimages-2198580547.jpg?ve=1&amp;tl=1, https:\/\/a57.foxnews.com\/static.foxnews.com\/foxnews.com\/content\/uploads\/2025\/05\/1862\/1046\/gettyimages-2198580547.jpg?ve=1&amp;tl=1 2x\" height=\"523\" width=\"931\"><source media=\"(min-width: 1280px)\" srcset=\"https:\/\/a57.foxnews.com\/static.foxnews.com\/foxnews.com\/content\/uploads\/2025\/05\/720\/405\/gettyimages-2198580547.jpg?ve=1&amp;tl=1, https:\/\/a57.foxnews.com\/static.foxnews.com\/foxnews.com\/content\/uploads\/2025\/05\/1440\/810\/gettyimages-2198580547.jpg?ve=1&amp;tl=1 2x\" height=\"405\" width=\"720\"><img loading=\"lazy\" decoding=\"async\" src=\"https:\/\/a57.foxnews.com\/static.foxnews.com\/foxnews.com\/content\/uploads\/2025\/05\/1200\/675\/gettyimages-2198580547.jpg?ve=1&amp;tl=1\" alt=\"cepillos de mujer cabello mojado\" width=\"1200\" height=\"675\"\/><\/source><\/source><\/source><\/source><\/picture><\/div>\n<div class=\"info\">\n<div class=\"caption\">\n<p><span>\u00abAplicar el cuidado del cabello adecuado cuando est\u00e1 mojado es la mejor manera de mantener el cabello saludable a largo plazo y evitar el adelgazamiento innecesario causado por la rotura\u00bb, comparti\u00f3 un experto.<\/span> <span>(Istock)<\/span><\/p>\n<\/div>\n<\/div>\n<\/div>\n<p>Aunque la investigaci\u00f3n ha demostrado que el cabello h\u00famedo se estira m\u00e1s que el cabello seco antes de romperse, Erdogan aclar\u00f3 que esto no significa que el cabello sea m\u00e1s flexible y resistente.<\/p>\n<p>\u00abLo contrario es cierto: este estiramiento da\u00f1a la estructura de la prote\u00edna interna, lo que lleva a un cabello m\u00e1s d\u00e9bil con el tiempo\u00bb, advirti\u00f3.<\/p>\n<blockquote class=\"pull-quote\">\n<p class=\"quote-text\">\u00abEl cabello mojado es m\u00e1s fr\u00e1gil, y el cepillado \u00e1spero puede causar rotura\u00bb.<\/p>\n<p> <!----><\/p><\/blockquote>\n<p>\u00abEl cepillo se tira de hilos hinchados y debilitados, lo que hace que se estiraran m\u00e1s all\u00e1 de su capacidad. A medida que se secan, no regresan a su estado original y permanecen da\u00f1ados a nivel estructural\u00bb.<\/p>\n<p><strong><u>Los hombres que van calvos se vuelven a &#8216;New Botox&#8217; para el tratamiento de p\u00e9rdida de cabello<\/u><\/strong><\/p>\n<p>Ashley DiMatteo, propietaria de Ashley Lauren Beauty Lounge en Westchester, Nueva York, dijo a Fox News Digital en una entrevista que el sal\u00f3n \u00abdefinitivamente ha visto\u00bb da\u00f1o por cepillarse el cabello h\u00famedo.<\/p>\n<p>\u00abEl cabello mojado es m\u00e1s fr\u00e1gil, y el cepillado \u00e1spero puede causar rotura\u00bb, dijo. \u00abPero rara vez es solo un problema: la p\u00e9rdida o da\u00f1o del cabello a menudo proviene de una combinaci\u00f3n de factores como el estr\u00e9s, las hormonas, el estilo de calor o los tratamientos qu\u00edmicos\u00bb.<\/p>\n<div class=\"image-ct inline\">\n<div class=\"m\"><picture><source media=\"(max-width: 767px)\" srcset=\"https:\/\/a57.foxnews.com\/static.foxnews.com\/foxnews.com\/content\/uploads\/2025\/05\/343\/192\/ashley-lauren-split.png?ve=1&amp;tl=1, https:\/\/a57.foxnews.com\/static.foxnews.com\/foxnews.com\/content\/uploads\/2025\/05\/686\/384\/ashley-lauren-split.png?ve=1&amp;tl=1 2x\" height=\"192\" width=\"343\"><source media=\"(min-width: 768px) and (max-width: 1023px)\" srcset=\"https:\/\/a57.foxnews.com\/static.foxnews.com\/foxnews.com\/content\/uploads\/2025\/05\/672\/378\/ashley-lauren-split.png?ve=1&amp;tl=1, https:\/\/a57.foxnews.com\/static.foxnews.com\/foxnews.com\/content\/uploads\/2025\/05\/1344\/756\/ashley-lauren-split.png?ve=1&amp;tl=1 2x\" height=\"378\" width=\"672\"><source media=\"(min-width: 1024px) and (max-width: 1279px)\" srcset=\"https:\/\/a57.foxnews.com\/static.foxnews.com\/foxnews.com\/content\/uploads\/2025\/05\/931\/523\/ashley-lauren-split.png?ve=1&amp;tl=1, https:\/\/a57.foxnews.com\/static.foxnews.com\/foxnews.com\/content\/uploads\/2025\/05\/1862\/1046\/ashley-lauren-split.png?ve=1&amp;tl=1 2x\" height=\"523\" width=\"931\"><source media=\"(min-width: 1280px)\" srcset=\"https:\/\/a57.foxnews.com\/static.foxnews.com\/foxnews.com\/content\/uploads\/2025\/05\/720\/405\/ashley-lauren-split.png?ve=1&amp;tl=1, https:\/\/a57.foxnews.com\/static.foxnews.com\/foxnews.com\/content\/uploads\/2025\/05\/1440\/810\/ashley-lauren-split.png?ve=1&amp;tl=1 2x\" height=\"405\" width=\"720\"><img loading=\"lazy\" decoding=\"async\" src=\"https:\/\/a57.foxnews.com\/static.foxnews.com\/foxnews.com\/content\/uploads\/2025\/05\/1200\/675\/ashley-lauren-split.png?ve=1&amp;tl=1\" alt=\"Ashley Dimteteeo y Briana Delveccio\" width=\"1200\" height=\"675\"\/><\/source><\/source><\/source><\/source><\/picture><\/div>\n<div class=\"info\">\n<div class=\"caption\">\n<p><span>Ashley DiMatteo (izquierda), propietaria de Ashley Lauren Beauty Lounge en Nueva York, y Briana Delvecchio (derecha), una peluquera y estilista de color de 14 a\u00f1os.<\/span> <span>(Jesse Rinka Photography)<\/span><\/p>\n<\/div>\n<\/div>\n<\/div>\n<p>Brianna Delvecchio, una especialista en color y peluquera en el sal\u00f3n de DiMatteo, estuvo de acuerdo en que cepillarse el cabello h\u00famedo puede causar rotura, especialmente mientras lo hace aproximadamente o con la herramienta incorrecta.<\/p>\n<p>Factores como el estr\u00e9s, la dieta, las hormonas y el sobreprocesamiento tambi\u00e9n pueden desempe\u00f1ar un papel en el da\u00f1o del cabello, confirm\u00f3.<\/p>\n<p>Aquellos que tienen cabello fino y tratado qu\u00edmicamente, ya sean coloreados, permanentes o relajados, son \u00abespecialmente susceptibles\u00bb al da\u00f1o en el cepillado h\u00famedo, ya que su estructura de prote\u00ednas \u00abya est\u00e1 alterada\u00bb, se\u00f1al\u00f3 Erdogan.<\/p>\n<h2>Consejos para minimizar el da\u00f1o del cabello<\/h2>\n<p>Los riesgos no significan que las personas deben saltarse por completo, dijo Delvecchio, ya que no cepillarse el cabello mojado a veces puede dar como resultado un \u00abdesastre anudado y enmara\u00f1ado\u00bb.<\/p>\n<p>\u00abEl cepillado es necesario, solo hazlo suavemente y de la manera correcta\u00bb, aconsej\u00f3.<\/p>\n<div class=\"image-ct inline\">\n<div class=\"m\"><picture><source media=\"(max-width: 767px)\" srcset=\"https:\/\/a57.foxnews.com\/static.foxnews.com\/foxnews.com\/content\/uploads\/2025\/05\/343\/192\/gettyimages-1651227747.jpg?ve=1&amp;tl=1, https:\/\/a57.foxnews.com\/static.foxnews.com\/foxnews.com\/content\/uploads\/2025\/05\/686\/384\/gettyimages-1651227747.jpg?ve=1&amp;tl=1 2x\" height=\"192\" width=\"343\"><source media=\"(min-width: 768px) and (max-width: 1023px)\" srcset=\"https:\/\/a57.foxnews.com\/static.foxnews.com\/foxnews.com\/content\/uploads\/2025\/05\/672\/378\/gettyimages-1651227747.jpg?ve=1&amp;tl=1, https:\/\/a57.foxnews.com\/static.foxnews.com\/foxnews.com\/content\/uploads\/2025\/05\/1344\/756\/gettyimages-1651227747.jpg?ve=1&amp;tl=1 2x\" height=\"378\" width=\"672\"><source media=\"(min-width: 1024px) and (max-width: 1279px)\" srcset=\"https:\/\/a57.foxnews.com\/static.foxnews.com\/foxnews.com\/content\/uploads\/2025\/05\/931\/523\/gettyimages-1651227747.jpg?ve=1&amp;tl=1, https:\/\/a57.foxnews.com\/static.foxnews.com\/foxnews.com\/content\/uploads\/2025\/05\/1862\/1046\/gettyimages-1651227747.jpg?ve=1&amp;tl=1 2x\" height=\"523\" width=\"931\"><source media=\"(min-width: 1280px)\" srcset=\"https:\/\/a57.foxnews.com\/static.foxnews.com\/foxnews.com\/content\/uploads\/2025\/05\/720\/405\/gettyimages-1651227747.jpg?ve=1&amp;tl=1, https:\/\/a57.foxnews.com\/static.foxnews.com\/foxnews.com\/content\/uploads\/2025\/05\/1440\/810\/gettyimages-1651227747.jpg?ve=1&amp;tl=1 2x\" height=\"405\" width=\"720\"><img loading=\"lazy\" decoding=\"async\" src=\"https:\/\/a57.foxnews.com\/static.foxnews.com\/foxnews.com\/content\/uploads\/2025\/05\/1200\/675\/gettyimages-1651227747.jpg?ve=1&amp;tl=1\" alt=\"Mujer que se te ti\u00f1e el cabello en un sal\u00f3n\" width=\"1200\" height=\"675\"\/><\/source><\/source><\/source><\/source><\/picture><\/div>\n<div class=\"info\">\n<div class=\"caption\">\n<p><span>Seg\u00fan los expertos, las personas que tienen cabello tratado qu\u00edmicamente son m\u00e1s susceptibles al da\u00f1o.<\/span> <span>(Istock)<\/span><\/p>\n<\/div>\n<\/div>\n<\/div>\n<p>Con sus clientes de sal\u00f3n, DiMatteo recomienda adoptar un \u00abenfoque suave\u00bb para el cabello, protegi\u00e9ndolo del calor, evitando el cepillado \u00e1spero y limitar los servicios qu\u00edmicos.<\/p>\n<p>\u00abTambi\u00e9n nos tomamos el tiempo para hablar sobre la salud del cuero cabelludo, la nutrici\u00f3n y el estilo de vida, porque todos juegan un papel\u00bb, dijo a Fox News Digital. \u00abY lo m\u00e1s importante, no te sientas avergonzado o t\u00edmido al hablar con tu estilista o sal\u00f3n local. Estamos aqu\u00ed para ayudar\u00bb.<\/p>\n<p><strong><u>El crecimiento del cabello podr\u00eda disminuir con este popular plan de dieta, revela el estudio<\/u><\/strong><\/p>\n<p>Para reducir el riesgo de da\u00f1o al cabello, los expertos recomiendan usar un peine de dientes ancho o un cepillo de desenredado flexible.<\/p>\n<div class=\"image-ct inline\">\n<div class=\"m\"><picture><source media=\"(max-width: 767px)\" srcset=\"https:\/\/a57.foxnews.com\/static.foxnews.com\/foxnews.com\/content\/uploads\/2025\/05\/343\/192\/gettyimages-1313630678.jpg?ve=1&amp;tl=1, https:\/\/a57.foxnews.com\/static.foxnews.com\/foxnews.com\/content\/uploads\/2025\/05\/686\/384\/gettyimages-1313630678.jpg?ve=1&amp;tl=1 2x\" height=\"192\" width=\"343\"><source media=\"(min-width: 768px) and (max-width: 1023px)\" srcset=\"https:\/\/a57.foxnews.com\/static.foxnews.com\/foxnews.com\/content\/uploads\/2025\/05\/672\/378\/gettyimages-1313630678.jpg?ve=1&amp;tl=1, https:\/\/a57.foxnews.com\/static.foxnews.com\/foxnews.com\/content\/uploads\/2025\/05\/1344\/756\/gettyimages-1313630678.jpg?ve=1&amp;tl=1 2x\" height=\"378\" width=\"672\"><source media=\"(min-width: 1024px) and (max-width: 1279px)\" srcset=\"https:\/\/a57.foxnews.com\/static.foxnews.com\/foxnews.com\/content\/uploads\/2025\/05\/931\/523\/gettyimages-1313630678.jpg?ve=1&amp;tl=1, https:\/\/a57.foxnews.com\/static.foxnews.com\/foxnews.com\/content\/uploads\/2025\/05\/1862\/1046\/gettyimages-1313630678.jpg?ve=1&amp;tl=1 2x\" height=\"523\" width=\"931\"><source media=\"(min-width: 1280px)\" srcset=\"https:\/\/a57.foxnews.com\/static.foxnews.com\/foxnews.com\/content\/uploads\/2025\/05\/720\/405\/gettyimages-1313630678.jpg?ve=1&amp;tl=1, https:\/\/a57.foxnews.com\/static.foxnews.com\/foxnews.com\/content\/uploads\/2025\/05\/1440\/810\/gettyimages-1313630678.jpg?ve=1&amp;tl=1 2x\" height=\"405\" width=\"720\"><img loading=\"lazy\" decoding=\"async\" src=\"https:\/\/a57.foxnews.com\/static.foxnews.com\/foxnews.com\/content\/uploads\/2025\/05\/1200\/675\/gettyimages-1313630678.jpg?ve=1&amp;tl=1\" alt=\"peluquero cepillando el cabello del cliente en el sal\u00f3n\" width=\"1200\" height=\"675\"\/><\/source><\/source><\/source><\/source><\/picture><\/div>\n<div class=\"info\">\n<div class=\"caption\">\n<p><span>Los expertos recomiendan cepillarse el cabello desde la parte inferior y trabajar para evitar da\u00f1os.<\/span> <span>(Istock)<\/span><\/p>\n<\/div>\n<\/div>\n<\/div>\n<p>\u00abLas cerdas flexibles son excelentes para desenredarse sin demasiada tensi\u00f3n\u00bb, dijo Delvecchio. \u00abEs una opci\u00f3n s\u00f3lida para todos los tipos de cabello, siempre y cuando todav\u00eda seas gentil y paciente\u00bb.<\/p>\n<p>El propietario del sal\u00f3n tambi\u00e9n sugiri\u00f3 usar un producto de salida para ayudar a suavizar e hidratar el cabello, lo que hace que sea \u00abmucho m\u00e1s f\u00e1cil para el peine deslizarse\u00bb.<\/p>\n<p><strong><u>Haga clic aqu\u00ed para obtener la aplicaci\u00f3n Fox News<\/u><\/strong><\/p>\n<p>\u00abLa t\u00e9cnica tambi\u00e9n es importante: siempre comience desde la parte inferior y avance suavemente hacia arriba\u00bb, aconsej\u00f3 DiMatteo.<\/p>\n<p>Agregar calor al cabello mojado puede \u00abmultiplicar el da\u00f1o\u00bb, advirti\u00f3 Erdogan.<\/p>\n<p><strong><u>Haga clic aqu\u00ed para registrarse en nuestro bolet\u00edn de salud<\/u><\/strong><\/p>\n<p>Para aquellos con cabello liso, es mejor permitir que se sece parcialmente al aire antes del peinado, seg\u00fan el cirujano de trasplante de cabello.<\/p>\n<p>La Asociaci\u00f3n de la Academia Americana de Dermatolog\u00eda tambi\u00e9n recomienda este enfoque.<\/p>\n<div class=\"image-ct inline\">\n<div class=\"m\"><picture><source media=\"(max-width: 767px)\" srcset=\"https:\/\/a57.foxnews.com\/static.foxnews.com\/foxnews.com\/content\/uploads\/2025\/05\/343\/192\/gettyimages-1715401433.jpg?ve=1&amp;tl=1, https:\/\/a57.foxnews.com\/static.foxnews.com\/foxnews.com\/content\/uploads\/2025\/05\/686\/384\/gettyimages-1715401433.jpg?ve=1&amp;tl=1 2x\" height=\"192\" width=\"343\"><source media=\"(min-width: 768px) and (max-width: 1023px)\" srcset=\"https:\/\/a57.foxnews.com\/static.foxnews.com\/foxnews.com\/content\/uploads\/2025\/05\/672\/378\/gettyimages-1715401433.jpg?ve=1&amp;tl=1, https:\/\/a57.foxnews.com\/static.foxnews.com\/foxnews.com\/content\/uploads\/2025\/05\/1344\/756\/gettyimages-1715401433.jpg?ve=1&amp;tl=1 2x\" height=\"378\" width=\"672\"><source media=\"(min-width: 1024px) and (max-width: 1279px)\" srcset=\"https:\/\/a57.foxnews.com\/static.foxnews.com\/foxnews.com\/content\/uploads\/2025\/05\/931\/523\/gettyimages-1715401433.jpg?ve=1&amp;tl=1, https:\/\/a57.foxnews.com\/static.foxnews.com\/foxnews.com\/content\/uploads\/2025\/05\/1862\/1046\/gettyimages-1715401433.jpg?ve=1&amp;tl=1 2x\" height=\"523\" width=\"931\"><source media=\"(min-width: 1280px)\" srcset=\"https:\/\/a57.foxnews.com\/static.foxnews.com\/foxnews.com\/content\/uploads\/2025\/05\/720\/405\/gettyimages-1715401433.jpg?ve=1&amp;tl=1, https:\/\/a57.foxnews.com\/static.foxnews.com\/foxnews.com\/content\/uploads\/2025\/05\/1440\/810\/gettyimages-1715401433.jpg?ve=1&amp;tl=1 2x\" height=\"405\" width=\"720\"><img loading=\"lazy\" decoding=\"async\" src=\"https:\/\/a57.foxnews.com\/static.foxnews.com\/foxnews.com\/content\/uploads\/2025\/05\/1200\/675\/gettyimages-1715401433.jpg?ve=1&amp;tl=1\" alt=\"Hombre Combs cabello\" width=\"1200\" height=\"675\"\/><\/source><\/source><\/source><\/source><\/picture><\/div>\n<div class=\"info\">\n<div class=\"caption\">\n<p><span>Los expertos aconsejan usar un cepillo de desenredado flexible o un peine de dientes anchos para el cabello.<\/span> <span>(Istock)<\/span><\/p>\n<\/div>\n<\/div>\n<\/div>\n<p>Delvecchio aconsej\u00f3 ser \u00abf\u00e1cil de cabello\u00bb en general, especialmente cuando est\u00e1 mojado.<\/p>\n<p><i><strong><u>Para m\u00e1s art\u00edculos de salud, visite <\/u><\/strong><\/i><i><strong><u>www.foxnews.com\/Health.<\/u><\/strong><\/i><\/p>\n<p>\u00abUse el protector de calor, reduzca el calor de sus herramientas, evite superponerse al blanqueador y mant\u00e9ngase al d\u00eda con los adornos\u00bb, sugiri\u00f3.<\/p>\n<p>\u00abAdem\u00e1s, cepille regularmente (h\u00famedo o seco) para evitar enredos y roturas\u00bb, continu\u00f3. \u00abEl cabello es delicado, pero con los h\u00e1bitos correctos, puede mantenerse fuerte y saludable\u00bb.<\/p>\n<p> <!----> <\/p>\n<div class=\"article-meta\">\n<div class=\"author-bio\">\n<p>Angelica Stabile es una reportera de estilo de vida para Fox News Digital.<\/p>\n<\/div>\n<\/div>\n<\/div>\n\n","protected":false},"excerpt":{"rendered":"<p>El propietario de la marca de belleza limpia exige est\u00e1ndares de seguridad m\u00e1s altos En una entrevista en la c\u00e1mara con Fox News Digital, la personalidad de televisi\u00f3n y la propietaria de la marca de belleza limpia, Emily Austin, expres\u00f3 su entusiasmo por el impulso del cambio con el movimiento MAHA, pidiendo productos hechos en &hellip;<\/p>\n","protected":false},"author":1,"featured_media":29761,"comment_status":"open","ping_status":"open","sticky":false,"template":"","format":"standard","meta":{"fifu_image_url":"https:\/\/a57.foxnews.com\/static.foxnews.com\/foxnews.com\/content\/uploads\/2025\/05\/1200\/675\/gettyimages-2198580547.jpg?ve=1&tl=1","fifu_image_alt":"","footnotes":""},"categories":[8],"tags":[],"class_list":["post-29759","post","type-post","status-publish","format-standard","has-post-thumbnail","","category-salud"],"_links":{"self":[{"href":"https:\/\/noticiasveraces.com\/index.php?rest_route=\/wp\/v2\/posts\/29759","targetHints":{"allow":["GET"]}}],"collection":[{"href":"https:\/\/noticiasveraces.com\/index.php?rest_route=\/wp\/v2\/posts"}],"about":[{"href":"https:\/\/noticiasveraces.com\/index.php?rest_route=\/wp\/v2\/types\/post"}],"author":[{"embeddable":true,"href":"https:\/\/noticiasveraces.com\/index.php?rest_route=\/wp\/v2\/users\/1"}],"replies":[{"embeddable":true,"href":"https:\/\/noticiasveraces.com\/index.php?rest_route=%2Fwp%2Fv2%2Fcomments&post=29759"}],"version-history":[{"count":0,"href":"https:\/\/noticiasveraces.com\/index.php?rest_route=\/wp\/v2\/posts\/29759\/revisions"}],"wp:featuredmedia":[{"embeddable":true,"href":"https:\/\/noticiasveraces.com\/index.php?rest_route=\/wp\/v2\/media\/29761"}],"wp:attachment":[{"href":"https:\/\/noticiasveraces.com\/index.php?rest_route=%2Fwp%2Fv2%2Fmedia&parent=29759"}],"wp:term":[{"taxonomy":"category","embeddable":true,"href":"https:\/\/noticiasveraces.com\/index.php?rest_route=%2Fwp%2Fv2%2Fcategories&post=29759"},{"taxonomy":"post_tag","embeddable":true,"href":"https:\/\/noticiasveraces.com\/index.php?rest_route=%2Fwp%2Fv2%2Ftags&post=29759"}],"curies":[{"name":"wp","href":"https:\/\/api.w.org\/{rel}","templated":true}]}}