{"id":29744,"date":"2025-06-01T07:40:13","date_gmt":"2025-06-01T11:40:13","guid":{"rendered":"https:\/\/noticiasveraces.com\/?p=29744"},"modified":"2025-06-01T07:40:13","modified_gmt":"2025-06-01T11:40:13","slug":"dan-campbell-no-estoy-preocupado-por-nada-los-leones-son-donde-queremos-en-mi-quinto-ano","status":"publish","type":"post","link":"https:\/\/noticiasveraces.com\/?p=29744","title":{"rendered":"Dan Campbell: No estoy preocupado por nada, los leones son donde queremos en mi quinto a\u00f1o"},"content":{"rendered":"<p> \n<br \/><img decoding=\"async\" src=\"https:\/\/media-cldnry.s-nbcnews.com\/image\/upload\/t_fit_1500w\/rockcms\/2025-06\/Junfu-Han--USA-TODAY-NETWORK-via-Imagn-Images-Dan-Campbell-Im-not-worried-about-anything-Lions-are-where-we-want-in-my-fifth-year-eb1f28.jpg\" \/><\/p>\n<div>\n<p>Dan Campbell se dirige a su quinto a\u00f1o como entrenador en jefe de los Leones, y ha revitalizado una franquicia que estaba en mal estado antes de llegar. Pero tambi\u00e9n hay preguntas sobre su equipo, que perdi\u00f3 a sus coordinadores ofensivos y defensivos, tuvo una serie de lesiones en defensa y tiene un horario dif\u00edcil con una pretemporada que comienza temprano.<\/p>\n<p>Se le pregunt\u00f3 a Campbell sobre cualquier inquietud que pudiera haber y desestim\u00f3 la idea de que estar\u00eda preocupado por cualquier cosa.<\/p>\n<p>\u00abNo me preocupa que no tengamos apurado, no me preocupa haber perdido dos coordinadores, no me preocupan las lesiones, no me preocupa el juego del Sal\u00f3n de la Fama, no me preocupa el horario\u00bb, dijo Campbell. \u00abCreo que es perfecto. Creo que se alinea perfecto. Creo que ser\u00e1 lo mejor para nosotros con el lugar donde vamos a entrar en 2025, mi quinto a\u00f1o, el cuerpo del quinto a\u00f1o del equipo. Realmente creo que es exactamente lo que vamos a necesitar. El momento es perfecto\u00bb.<\/p>\n<p>Durante la mayor parte de la temporada pasada, los Leones parec\u00edan el mejor equipo de la NFL, pero se quedaron cortos en la postemporada gracias en gran parte a una brutal lista de lesiones en defensa. Nuevamente, Campbell no est\u00e1 preocupado por eso.<\/p>\n<p>\u00abNo hay una maldita cosa que podamos hacer con las lesiones. Nadie puede\u00bb, dijo Campbell. \u00abNo estoy preocupado, y las cosas por las que te preocupar\u00edas son las cosas de las que cada equipo se preocupar\u00eda, lesiones. Si tenemos otras 20 lesiones, s\u00ed, eso es un problema, pero no hay nada que pueda hacer al respecto\u00bb.<\/p>\n<\/p><\/div>\n\n","protected":false},"excerpt":{"rendered":"<p>Dan Campbell se dirige a su quinto a\u00f1o como entrenador en jefe de los Leones, y ha revitalizado una franquicia que estaba en mal estado antes de llegar. Pero tambi\u00e9n hay preguntas sobre su equipo, que perdi\u00f3 a sus coordinadores ofensivos y defensivos, tuvo una serie de lesiones en defensa y tiene un horario dif\u00edcil &hellip;<\/p>\n","protected":false},"author":1,"featured_media":29746,"comment_status":"open","ping_status":"open","sticky":false,"template":"","format":"standard","meta":{"fifu_image_url":"https:\/\/nbcsports.brightspotcdn.com\/dims4\/default\/c0c12e0\/2147483647\/strip\/true\/crop\/4623x2600+0+0\/resize\/1440x810!\/quality\/90\/?url=https%3A%2F%2Fnbc-sports-production-nbc-sports.s3.us-east-1.amazonaws.com%2Fbrightspot%2Fe9%2F8b%2Fb4eb07344c3d9172a35b7487aa39%2Fhttps-api-imagn.com%2Frest%2Fdownload%2FimageID%3D26131766","fifu_image_alt":"","footnotes":""},"categories":[4],"tags":[],"class_list":["post-29744","post","type-post","status-publish","format-standard","has-post-thumbnail","","category-historias-destacadas"],"_links":{"self":[{"href":"https:\/\/noticiasveraces.com\/index.php?rest_route=\/wp\/v2\/posts\/29744","targetHints":{"allow":["GET"]}}],"collection":[{"href":"https:\/\/noticiasveraces.com\/index.php?rest_route=\/wp\/v2\/posts"}],"about":[{"href":"https:\/\/noticiasveraces.com\/index.php?rest_route=\/wp\/v2\/types\/post"}],"author":[{"embeddable":true,"href":"https:\/\/noticiasveraces.com\/index.php?rest_route=\/wp\/v2\/users\/1"}],"replies":[{"embeddable":true,"href":"https:\/\/noticiasveraces.com\/index.php?rest_route=%2Fwp%2Fv2%2Fcomments&post=29744"}],"version-history":[{"count":0,"href":"https:\/\/noticiasveraces.com\/index.php?rest_route=\/wp\/v2\/posts\/29744\/revisions"}],"wp:featuredmedia":[{"embeddable":true,"href":"https:\/\/noticiasveraces.com\/index.php?rest_route=\/wp\/v2\/media\/29746"}],"wp:attachment":[{"href":"https:\/\/noticiasveraces.com\/index.php?rest_route=%2Fwp%2Fv2%2Fmedia&parent=29744"}],"wp:term":[{"taxonomy":"category","embeddable":true,"href":"https:\/\/noticiasveraces.com\/index.php?rest_route=%2Fwp%2Fv2%2Fcategories&post=29744"},{"taxonomy":"post_tag","embeddable":true,"href":"https:\/\/noticiasveraces.com\/index.php?rest_route=%2Fwp%2Fv2%2Ftags&post=29744"}],"curies":[{"name":"wp","href":"https:\/\/api.w.org\/{rel}","templated":true}]}}