{"id":29738,"date":"2025-06-01T07:18:00","date_gmt":"2025-06-01T11:18:00","guid":{"rendered":"https:\/\/noticiasveraces.com\/?p=29738"},"modified":"2025-06-01T07:18:00","modified_gmt":"2025-06-01T11:18:00","slug":"titulo-de-champions-genero-caos-en-paris-incendios-y-detenidos","status":"publish","type":"post","link":"https:\/\/noticiasveraces.com\/?p=29738","title":{"rendered":"T\u00edtulo de Champions gener\u00f3 caos en Par\u00eds: incendios y detenidos"},"content":{"rendered":"<p> \n<br \/><img decoding=\"async\" src=\"https:\/\/www.futbolred.com\/files\/article_graphic\/uploads\/2025\/05\/31\/683b6d4393f4e.jpeg\" \/><\/p>\n<header>\n<h3>\n<p>                Curiosidades de f\u00fatbol<br \/>\n            <\/h3>\n<h1>\n<p>            T\u00edtulo de Champions gener\u00f3 caos en Par\u00eds: incendios y detenidos<br \/>\n        <\/h1>\n<address>\n            <a>Andres Rocha Florez<br \/>\n        <\/address>\n<p>            01 de junio 2025 , 06:17 a.\u00a0m.<\/p>\n<\/header>\n<p>Toda la ciudad parisina no se supo comportar y terminaron generando disturbios.<\/p>\n<p>La consagraci\u00f3n de PSG en Champions League no termin\u00f3 como todos los parisinos esperaban, pues mientras la plantilla celebraba en M\u00fanich la primera conquista, aficionados del equipo ubicados en Par\u00eds protagonizaron un caos en las calles de la ic\u00f3nica ciudad.<\/p>\n<p>Una buena cantidad de hinchas del PSG no lograron celebrar como se deb\u00eda y terminaron protagonizando disturbios con la Polic\u00eda, quienes respondieron con la fuerza para controlar la situaci\u00f3n, pero todo termin\u00f3 en un total desorden.<\/p>\n<p>En diferentes videos se ve c\u00f3mo tanto hinchas como la fuerza p\u00fablica se agarraron y eso gener\u00f3 incendios, heridos, m\u00e1s negocios saqueados e incluso, la gran mayor\u00eda de disturbios fueron en inmediaciones del estadio Parque de los Pr\u00edncipes.<\/p>\n<p>Las autoridades reportaron m\u00e1s de 100 detenidos por estos desmanes dentro Par\u00eds y se confirm\u00f3 que otros lugares ic\u00f3nicos como los Campos El\u00edseos se vieron afectados por Bengalas, m\u00e1s pirotecnia que termin\u00f3 tambi\u00e9n en incendios.<\/p>\n\n","protected":false},"excerpt":{"rendered":"<p>Curiosidades de f\u00fatbol T\u00edtulo de Champions gener\u00f3 caos en Par\u00eds: incendios y detenidos Andres Rocha Florez 01 de junio 2025 , 06:17 a.\u00a0m. Toda la ciudad parisina no se supo comportar y terminaron generando disturbios. La consagraci\u00f3n de PSG en Champions League no termin\u00f3 como todos los parisinos esperaban, pues mientras la plantilla celebraba en &hellip;<\/p>\n","protected":false},"author":1,"featured_media":29740,"comment_status":"open","ping_status":"open","sticky":false,"template":"","format":"standard","meta":{"fifu_image_url":"https:\/\/www.futbolred.com\/files\/og_thumbnail\/uploads\/2025\/05\/31\/683b6d4393f4e.jpeg","fifu_image_alt":"","footnotes":""},"categories":[6],"tags":[],"class_list":["post-29738","post","type-post","status-publish","format-standard","has-post-thumbnail","","category-deportes"],"_links":{"self":[{"href":"https:\/\/noticiasveraces.com\/index.php?rest_route=\/wp\/v2\/posts\/29738","targetHints":{"allow":["GET"]}}],"collection":[{"href":"https:\/\/noticiasveraces.com\/index.php?rest_route=\/wp\/v2\/posts"}],"about":[{"href":"https:\/\/noticiasveraces.com\/index.php?rest_route=\/wp\/v2\/types\/post"}],"author":[{"embeddable":true,"href":"https:\/\/noticiasveraces.com\/index.php?rest_route=\/wp\/v2\/users\/1"}],"replies":[{"embeddable":true,"href":"https:\/\/noticiasveraces.com\/index.php?rest_route=%2Fwp%2Fv2%2Fcomments&post=29738"}],"version-history":[{"count":0,"href":"https:\/\/noticiasveraces.com\/index.php?rest_route=\/wp\/v2\/posts\/29738\/revisions"}],"wp:featuredmedia":[{"embeddable":true,"href":"https:\/\/noticiasveraces.com\/index.php?rest_route=\/wp\/v2\/media\/29740"}],"wp:attachment":[{"href":"https:\/\/noticiasveraces.com\/index.php?rest_route=%2Fwp%2Fv2%2Fmedia&parent=29738"}],"wp:term":[{"taxonomy":"category","embeddable":true,"href":"https:\/\/noticiasveraces.com\/index.php?rest_route=%2Fwp%2Fv2%2Fcategories&post=29738"},{"taxonomy":"post_tag","embeddable":true,"href":"https:\/\/noticiasveraces.com\/index.php?rest_route=%2Fwp%2Fv2%2Ftags&post=29738"}],"curies":[{"name":"wp","href":"https:\/\/api.w.org\/{rel}","templated":true}]}}