{"id":29728,"date":"2025-06-01T05:56:45","date_gmt":"2025-06-01T09:56:45","guid":{"rendered":"https:\/\/noticiasveraces.com\/?p=29728"},"modified":"2025-06-01T05:56:45","modified_gmt":"2025-06-01T09:56:45","slug":"historiadores-de-la-naturaleza-o-la-ardilla-era-voladora-o-es-imposible-que-cruzara-la-peninsula-saltando-de-arbol-en-arbol-clima-y-medio-ambiente","status":"publish","type":"post","link":"https:\/\/noticiasveraces.com\/?p=29728","title":{"rendered":"Historiadores de la naturaleza: \u201cO la ardilla era voladora o es imposible que cruzara la Pen\u00ednsula saltando de \u00e1rbol en \u00e1rbol\u201d | Clima y Medio Ambiente"},"content":{"rendered":"<p> \n<\/p>\n<div data-dtm-region=\"articulo_cuerpo\">\n<p class=\"\">Si se comparan las poblaciones de lobos actuales en la pen\u00ednsula Ib\u00e9rica con los datos cient\u00edficos m\u00e1s antiguos de los a\u00f1os setenta del siglo XX, se puede interpretar que este depredador hoy se ha recuperado. Sin embargo, como ocurre tambi\u00e9n con otras especies y ecosistemas, la percepci\u00f3n cambia por completo cuando se miran periodos m\u00e1s amplios de la historia. Aunque en general no existen inventarios exhaustivos para la biodiversidad previos a los \u00faltimos 50 a\u00f1os \u2015salvo unas pocas excepciones\u2015, de acuerdo a las referencias encontradas en documentos hist\u00f3ricos por Miguel Clavero, investigador de la Estaci\u00f3n Biol\u00f3gica de Do\u00f1ana especializado en rastrear animales en papeles de biblioteca de siglos pasados, la presencia de lobo en la actualidad sigue siendo mucho m\u00e1s baja que la que hab\u00eda a mediados del siglo XIX. \u201cEn contra de lo que se dice, la situaci\u00f3n actual de esta especie no puede considerarse buena, pues su poblaci\u00f3n es hoy cerca de un tercio de la que hab\u00eda hace 100 o 150 a\u00f1os, ahora falta en un mont\u00f3n de sitios en los que estaba antes\u201d, incide este bi\u00f3logo. \u201cEntonces hab\u00eda lobos en Sierra Morena, en el sur de Valencia, en todas las serran\u00edas hasta C\u00e1diz, estaban en todas partes de la Pen\u00ednsula, salvo las zonas agr\u00edcolas m\u00e1s intensivas como las grandes llanuras del Ebro y el Guadalquivir, y empezaban a faltar en torno a Madrid\u201d.<\/p>\n<p class=\"\">Esto no quiere decir que haya que recuperar necesariamente todos los lobos u otras especies tal y como estaban en el pasado, pero tener referencias fiables de c\u00f3mo se encontraban antes los ecosistemas resulta clave para poder valorar su estado actual y saber c\u00f3mo recuperar la naturaleza perdida. La nueva legislaci\u00f3n europea obliga a Espa\u00f1a a restaurar el 30% de los h\u00e1bitats degradados para 2030. Sin embargo, como recalca Laetitia Navarro, tambi\u00e9n investigadora de la Estaci\u00f3n Biol\u00f3gica de Do\u00f1ana, \u201clos datos cient\u00edficos que disponemos son muy limitados en el tiempo, representan una ventana muy peque\u00f1a de lo ocurrido, una visi\u00f3n de solo unos 40 a\u00f1os atr\u00e1s\u201d. Por eso la importancia de estos historiadores de la biodiversidad que tratan de reconstruir el pasado con la informaci\u00f3n que descubren en libros antiguos, pinturas de los museos, viejos mapas militares, sedimentos de lagos de monta\u00f1a&#8230; <\/p>\n<p class=\"\">El documento m\u00e1s antiguo utilizado como fuente por Clavero es el <i>Libro de Monter\u00eda <\/i>del rey Alfonso XI, una obra del siglo XIV con abundante informaci\u00f3n sobre los montes en los que el monarca iba a cazar animales. \u201cB\u00e1sicamente, te dice si cazaba puerco \u2015que es jabal\u00ed\u2015, si cazaba oso o si cazaba oso y puerco\u201d, especifica el bi\u00f3logo. A partir de estas menciones, Clavero ha reconstruido la distribuci\u00f3n del oso pardo hace 700 a\u00f1os. \u201cEn ese momento, en el siglo XIV, hab\u00eda osos hasta en Tarifa y Do\u00f1ana, lo que nos muestra el pasado es que esta especie ahora restringida a las monta\u00f1as de la cordillera cant\u00e1brica en realidad podr\u00eda estar por todas las sierras de la pen\u00ednsula Ib\u00e9rica\u201d, se\u00f1ala el investigador.<\/p>\n<p class=\"\">Otras de las fuentes antiguas utilizadas son las <i>Relaciones topogr\u00e1ficas de los pueblos de Espa\u00f1a<\/i> encargadas por Felipe II, unas encuestas que buscaban caracterizar los pueblos del siglo XVI, de las que quedan los registros de 630 localidades en el Monasterio del El Escorial. Estos papeles tienen muchos detalles sobre arquitectura, costumbres, religi\u00f3n&#8230;, pero tambi\u00e9n incluyen datos muy interesantes sobre los cultivos que se plantaban, la vegetaci\u00f3n y la fauna. \u201cAqu\u00ed aparece la \u00faltima referencia del encebro [o cebro]una especie de burro silvestre que viv\u00eda en la Pen\u00ednsula y se extingui\u00f3 por entonces\u201d, comenta Clavero, que tambi\u00e9n ha utilizado estos documentos para mostrar c\u00f3mo en esa \u00e9poca hab\u00eda anguilas por todos los r\u00edos y para crear un inventario de la biodiversidad del siglos XVI en Espa\u00f1a de uso libre.<\/p>\n<figure class=\"a_m a_m-h \"><span class=\"_db a_m_w _pr lb_btn\"><img alt=\"El investigador Miguel Clavero con documentos del siglo XVI en el Archivo General de Simancas (Valladolid), en una imagen cedida del documental 'El Cangrejo del Rey'.\" decoding=\"auto\" class=\"_re lazyload a_m-h\" height=\"207\" srcset=\"https:\/\/imagenes.elpais.com\/resizer\/v2\/Y4IEXVPNQ5DJLIVXKDE6RRPTA4.png?auth=e6eadd3775a6f1e525a39c7115ab6bba20a0673ec4d74159161e16dbf928f1a1&amp;width=414 414w,https:\/\/imagenes.elpais.com\/resizer\/v2\/Y4IEXVPNQ5DJLIVXKDE6RRPTA4.png?auth=e6eadd3775a6f1e525a39c7115ab6bba20a0673ec4d74159161e16dbf928f1a1&amp;width=828 640w,https:\/\/imagenes.elpais.com\/resizer\/v2\/Y4IEXVPNQ5DJLIVXKDE6RRPTA4.png?auth=e6eadd3775a6f1e525a39c7115ab6bba20a0673ec4d74159161e16dbf928f1a1&amp;width=980 1000w,https:\/\/imagenes.elpais.com\/resizer\/v2\/Y4IEXVPNQ5DJLIVXKDE6RRPTA4.png?auth=e6eadd3775a6f1e525a39c7115ab6bba20a0673ec4d74159161e16dbf928f1a1&amp;width=1960 1960w\" width=\"414\" sizes=\"auto, (min-width:1199px) 1155px,(min-width:1001px) calc(100vw - 44px),(min-width:768px) 767px, 100vw\" src=\"https:\/\/imagenes.elpais.com\/resizer\/v2\/Y4IEXVPNQ5DJLIVXKDE6RRPTA4.png?auth=e6eadd3775a6f1e525a39c7115ab6bba20a0673ec4d74159161e16dbf928f1a1&amp;width=414\" loading=\"lazy\"\/><svg aria-hidden=\"true\" class=\"icon_multimedia_ampliar | _pa a_m_i a_m_i-a _dn\" viewbox=\"0 0 40 40\"><use xlink:href=\"#svg-ampliar\"\/><\/svg><\/span><figcaption class=\"a_m_p\" aria-hidden=\"true\"><span>El investigador Miguel Clavero con documentos del siglo XVI en el Archivo General de Simancas (Valladolid), en una imagen cedida del documental &#8216;El Cangrejo del Rey&#8217;.<\/span><span class=\"a_m_m\">Andr\u00e9s Zoilo<\/span><\/figcaption><\/figure>\n<p class=\"\">El mapa con la distribuci\u00f3n del lobo a mediados del siglo XIX fue elaborado a partir de las m\u00e1s de 1.500 menciones de la especie encontradas en otra fuente clave, el diccionario geogr\u00e1fico publicado por Pascual Madoz entre 1845 y 1850, una obra descomunal en el que entonces participaron cerca de 1.400 corresponsales que durante 10 a\u00f1os recopilaron m\u00faltiples datos de pueblos, aldeas, r\u00edos, sierras&#8230; Para el investigador de la Estaci\u00f3n Biol\u00f3gica de Do\u00f1ana este caso del lobo es un ejemplo claro de un problema relacionado con la crisis de la biodiversidad: seg\u00fan van pasando generaciones los humanos pierden las referencias del pasado, se produce una amnesia ambiental. \u201cEs lo que se denomina shifting baseline syndrome, que en espa\u00f1ol ser\u00eda algo as\u00ed como el s\u00edndrome de las referencias cambiantes\u201d, especifica Clavero. \u201cNormalmente, tenemos la percepci\u00f3n de que el entorno ideal es aquel que vimos en nuestra infancia o aquel del que nos hablaron nuestros padres o abuelos, pero no hay posibilidad de ir m\u00e1s all\u00e1\u201d. Esto provoca que a veces se piense que un ecosistema o una especie est\u00e1 bien cuando en realidad se encuentra mucho peor que en el pasado. <\/p>\n<p class=\"\">Con los \u00e1rboles a menudo ocurre lo contrario, a diferencia de lo que se piensa habitualmente, hoy Espa\u00f1a est\u00e1 mucho mejor en bosques que hace cien a\u00f1os. Y cuando se indaga mucho m\u00e1s atr\u00e1s en el tiempo, tampoco es cierto, como se repite de forma frecuente, que en \u00e9poca del ge\u00f3grafo griego Estrab\u00f3n, que vivi\u00f3 entre los a\u00f1os 64 a.C. y 21 d.C., una ardilla pudiera recorrer lo que es hoy Espa\u00f1a, desde Algeciras a los Pirineos, sin necesidad de bajarse de los \u00e1rboles. \u201cO la ardilla era voladora o es imposible que cruzara la Pen\u00ednsula saltando de \u00e1rbol en \u00e1rbol, pues ha habido grandes \u00e1reas que nunca han estado masivamente forestadas en los \u00faltimos 15.000 a\u00f1os\u201d, se\u00f1ala Graciela Gil-Romera, investigadora en el Instituto Pirenaico de Ecolog\u00eda (CSIC), que busca huellas de la evoluci\u00f3n de la biodiversidad en un pasado todav\u00eda mucho m\u00e1s lejano, que puede llegar a decenas o cientos de miles de a\u00f1os, en el fondo de los lagos. \u201cEs un mito lo de que la Espa\u00f1a forestal es la Espa\u00f1a natural\u201d, comenta. Aunque los paleocient\u00edficos encuentran una predominancia espectacular de granos de polen de los \u00e1rboles, como detalla Gil-Romera, an\u00e1lisis num\u00e9ricos muestran que esto ocurre porque estos producen m\u00e1s que otras plantas. \u201cCuando corregimos esta sobrerrepresentaci\u00f3n, vemos que los paisajes predominantes en buena parte de la Pen\u00ednsula durante los \u00faltimos 12.000 a\u00f1os han sido zonas muy reforestadas y zonas muy abiertas, un mosaico\u201d, incide. De hecho, sus investigaciones demuestran que ya hab\u00eda vacas en Pirineos hace 6.000 a\u00f1os.<\/p>\n<p class=\"\">Ella no rebusca en archivos hist\u00f3ricos, sino que perfora en los fondos de los lagos para recoger muestras de sedimentos con forma de tubo de varios metros de longitud. Seg\u00fan explica, de alguna manera, tambi\u00e9n son una especie de libro de la vida, pues cada capa cuenta una historia del pasado. \u201cNosotros podemos ir mucho m\u00e1s atr\u00e1s en el tiempo, pero somos miopes, pues cuando queremos bajar al detalle, no podemos reconstruir lo que pas\u00f3 un solo a\u00f1o, podemos reconstruir con suerte lo que pas\u00f3 en una d\u00e9cada de promedio\u201d, se\u00f1ala Gil-Romera.<\/p>\n<p class=\"\">La especialidad de Navarro, la investigadora de la Estaci\u00f3n Biol\u00f3gica de Do\u00f1ana, es ver c\u00f3mo aprovechar toda esta informaci\u00f3n del pasado de forma pr\u00e1ctica en la restauraci\u00f3n de ecosistemas. Como incide, que en la memoria colectiva de la gente ya no se recuerde que en sus territorios hab\u00eda osos o lobos influye a la hora de aceptar hoy en d\u00eda la vuelta de estas especies. \u201cCreo que esos datos hist\u00f3ricos tambi\u00e9n pueden servir a reconectar a la gente con la historia y la biodiversidad\u201d, destaca esta bi\u00f3loga francesa.<\/p>\n<p class=\"\">\u00bfCu\u00e1ntos lobos u otras especies son necesarias para que conseguir que un ecosistema degradado vuelva a ser funcional? Para Gil-Romera, hay un nivel de incertidumbre muy alto para responder a esta pregunta. \u201cNinguna de las personas que trabajamos en ecolog\u00eda tenemos una certeza absoluta de que un ecosistema vaya a funcionar bien con un n\u00famero determinado de lobos, incluso los modelos te\u00f3ricos aplicados a nivel pr\u00e1ctico fallan\u201d, reconoce la investigadora del Instituto Pirenaico de Ecolog\u00eda. No obstante, para ella, una de las claves es \u201creunir los intereses de la ciudadan\u00eda con los intereses de la conservaci\u00f3n\u201d. \u201cYo no s\u00e9 cu\u00e1ntos lobos hay que conservar, pero lo que est\u00e1 claro es que si haces que todos los depredadores desaparezcan de un territorio tienes un problema grave y vas a tener que hacer algo para controlar la poblaci\u00f3n de conejos\u201d.<\/p>\n<\/div>\n\n","protected":false},"excerpt":{"rendered":"<p>Si se comparan las poblaciones de lobos actuales en la pen\u00ednsula Ib\u00e9rica con los datos cient\u00edficos m\u00e1s antiguos de los a\u00f1os setenta del siglo XX, se puede interpretar que este depredador hoy se ha recuperado. Sin embargo, como ocurre tambi\u00e9n con otras especies y ecosistemas, la percepci\u00f3n cambia por completo cuando se miran periodos m\u00e1s &hellip;<\/p>\n","protected":false},"author":1,"featured_media":29729,"comment_status":"open","ping_status":"open","sticky":false,"template":"","format":"standard","meta":{"fifu_image_url":"https:\/\/imagenes.elpais.com\/resizer\/v2\/RJ2SEVF5QJFC5IAOM3IL36V7VU.jpg?auth=7faa57604885dc04203f34b8d3fc13084fe3e2f4e841e3c00cbaf759bd7975e2&width=1200","fifu_image_alt":"","footnotes":""},"categories":[11],"tags":[],"class_list":["post-29728","post","type-post","status-publish","format-standard","has-post-thumbnail","","category-viaje"],"_links":{"self":[{"href":"https:\/\/noticiasveraces.com\/index.php?rest_route=\/wp\/v2\/posts\/29728","targetHints":{"allow":["GET"]}}],"collection":[{"href":"https:\/\/noticiasveraces.com\/index.php?rest_route=\/wp\/v2\/posts"}],"about":[{"href":"https:\/\/noticiasveraces.com\/index.php?rest_route=\/wp\/v2\/types\/post"}],"author":[{"embeddable":true,"href":"https:\/\/noticiasveraces.com\/index.php?rest_route=\/wp\/v2\/users\/1"}],"replies":[{"embeddable":true,"href":"https:\/\/noticiasveraces.com\/index.php?rest_route=%2Fwp%2Fv2%2Fcomments&post=29728"}],"version-history":[{"count":0,"href":"https:\/\/noticiasveraces.com\/index.php?rest_route=\/wp\/v2\/posts\/29728\/revisions"}],"wp:featuredmedia":[{"embeddable":true,"href":"https:\/\/noticiasveraces.com\/index.php?rest_route=\/wp\/v2\/media\/29729"}],"wp:attachment":[{"href":"https:\/\/noticiasveraces.com\/index.php?rest_route=%2Fwp%2Fv2%2Fmedia&parent=29728"}],"wp:term":[{"taxonomy":"category","embeddable":true,"href":"https:\/\/noticiasveraces.com\/index.php?rest_route=%2Fwp%2Fv2%2Fcategories&post=29728"},{"taxonomy":"post_tag","embeddable":true,"href":"https:\/\/noticiasveraces.com\/index.php?rest_route=%2Fwp%2Fv2%2Ftags&post=29728"}],"curies":[{"name":"wp","href":"https:\/\/api.w.org\/{rel}","templated":true}]}}