{"id":29653,"date":"2025-05-31T18:01:54","date_gmt":"2025-05-31T22:01:54","guid":{"rendered":"https:\/\/noticiasveraces.com\/?p=29653"},"modified":"2025-05-31T18:01:54","modified_gmt":"2025-05-31T22:01:54","slug":"psg-gana-la-liga-de-campeones-con-goleada-al-inter-dw-31-05-2025","status":"publish","type":"post","link":"https:\/\/noticiasveraces.com\/?p=29653","title":{"rendered":"PSG gana la Liga de Campeones con goleada al Inter \u2013 DW \u2013 31\/05\/2025"},"content":{"rendered":"<p> \n<\/p>\n<div>\n<p>Con una exhibici\u00f3n de f\u00fatbol total, el Par\u00eds Saint-Germain es el incontestable nuevo rey del f\u00fatbol europeo tras aplastar 5-0 a un Inter de Mil\u00e1n sin respuestas este s\u00e1bado (31.05.2025) en M\u00fanich, para lograr la primera Liga de Campeones de su historia.<\/p>\n<p>No hubo mucho espacio para la emoci\u00f3n. El marroqu\u00ed Achraf Hakimi abri\u00f3 el marcador en el minuto 12, D\u00e9sir\u00e9 Dou\u00e9 firm\u00f3 un doblete (20 y 63) y adem\u00e1s marcaron el georgiano Khvicha Kvaratskhelia (73) y poco despu\u00e9s de entrar Senny Mayulu (87).<\/p>\n<figure class=\"placeholder-image master_landscape big\"><img data-format=\"MASTER_LANDSCAPE\" data-id=\"72746628\" data-url=\"https:\/\/static.dw.com\/image\/72746628_${formatId}.jpg\" data-aspect-ratio=\"16\/9\" alt=\"Khvicha Kvaratskhelia, del Paris Saint-Germain, celebra el cuarto gol de su equipo con sus compa\u00f1eros (31.05.2025)\" style=\"padding-bottom: 56.25%; height: 0; max-height: 0;\"\/><figcaption class=\"img-caption\">Khvicha Kvaratskhelia, del Paris Saint-Germain, celebra el cuarto gol de su equipo con sus compa\u00f1eros (31.05.2025)<small class=\"copyright\">Imagen: Carl Recine\/Getty Images<\/small><\/figcaption><\/figure>\n<p>Pocas veces se vio una final tan desequilibrada. Nunca un equipo hab\u00eda ganado el t\u00edtulo por cinco goles de diferencia: El PSG fue una apisonadora que sum\u00f3 23 disparos (ocho a porter\u00eda). <\/p>\n<p>Con su incontestable triunfo, el PSG empieza a curar la profunda herida del f\u00fatbol franc\u00e9s con la competici\u00f3n que cre\u00f3 hace 70 a\u00f1os. <\/p>\n<p>Su corona se une a la del Marsella, lograda tambi\u00e9n en M\u00fanich en 1993. Pero el balance sigue siendo pobre: ocho finales y dos \u00abOrejonas\u00bb, las mismas que el Nottingham Forest (1979 y 1980).<\/p>\n<p>RR AFP\/Reuters<\/p>\n<\/div>\n\n","protected":false},"excerpt":{"rendered":"<p>Con una exhibici\u00f3n de f\u00fatbol total, el Par\u00eds Saint-Germain es el incontestable nuevo rey del f\u00fatbol europeo tras aplastar 5-0 a un Inter de Mil\u00e1n sin respuestas este s\u00e1bado (31.05.2025) en M\u00fanich, para lograr la primera Liga de Campeones de su historia. No hubo mucho espacio para la emoci\u00f3n. El marroqu\u00ed Achraf Hakimi abri\u00f3 el &hellip;<\/p>\n","protected":false},"author":1,"featured_media":29654,"comment_status":"open","ping_status":"open","sticky":false,"template":"","format":"standard","meta":{"fifu_image_url":"https:\/\/static.dw.com\/image\/72746554_6.jpg","fifu_image_alt":"","footnotes":""},"categories":[13],"tags":[],"class_list":["post-29653","post","type-post","status-publish","format-standard","has-post-thumbnail","","category-mundo"],"_links":{"self":[{"href":"https:\/\/noticiasveraces.com\/index.php?rest_route=\/wp\/v2\/posts\/29653","targetHints":{"allow":["GET"]}}],"collection":[{"href":"https:\/\/noticiasveraces.com\/index.php?rest_route=\/wp\/v2\/posts"}],"about":[{"href":"https:\/\/noticiasveraces.com\/index.php?rest_route=\/wp\/v2\/types\/post"}],"author":[{"embeddable":true,"href":"https:\/\/noticiasveraces.com\/index.php?rest_route=\/wp\/v2\/users\/1"}],"replies":[{"embeddable":true,"href":"https:\/\/noticiasveraces.com\/index.php?rest_route=%2Fwp%2Fv2%2Fcomments&post=29653"}],"version-history":[{"count":0,"href":"https:\/\/noticiasveraces.com\/index.php?rest_route=\/wp\/v2\/posts\/29653\/revisions"}],"wp:featuredmedia":[{"embeddable":true,"href":"https:\/\/noticiasveraces.com\/index.php?rest_route=\/wp\/v2\/media\/29654"}],"wp:attachment":[{"href":"https:\/\/noticiasveraces.com\/index.php?rest_route=%2Fwp%2Fv2%2Fmedia&parent=29653"}],"wp:term":[{"taxonomy":"category","embeddable":true,"href":"https:\/\/noticiasveraces.com\/index.php?rest_route=%2Fwp%2Fv2%2Fcategories&post=29653"},{"taxonomy":"post_tag","embeddable":true,"href":"https:\/\/noticiasveraces.com\/index.php?rest_route=%2Fwp%2Fv2%2Ftags&post=29653"}],"curies":[{"name":"wp","href":"https:\/\/api.w.org\/{rel}","templated":true}]}}