{"id":29650,"date":"2025-05-31T17:55:09","date_gmt":"2025-05-31T21:55:09","guid":{"rendered":"https:\/\/noticiasveraces.com\/?p=29650"},"modified":"2025-05-31T17:55:09","modified_gmt":"2025-05-31T21:55:09","slug":"el-boom-de-la-vitamina-d-una-iniciativa-pionera-en-cantabria-reduce-los-analisis-en-un-40-por-innecesarios-sociedad","status":"publish","type":"post","link":"https:\/\/noticiasveraces.com\/?p=29650","title":{"rendered":"El \u2018boom\u2019 de la vitamina D: una iniciativa pionera en Cantabria reduce los an\u00e1lisis en un 40% por \u201cinnecesarios\u201d | Sociedad"},"content":{"rendered":"<p> \n<\/p>\n<div data-dtm-region=\"articulo_cuerpo\">\n<p class=\"\">La vitamina D ha vivido en Espa\u00f1a un <i>auge <\/i>en los \u00faltimos a\u00f1os. En parte debido a una disparidad de criterios entre la clase m\u00e9dica y en parte por mensajes sin base lanzados desde las redes sociales, el consumo de este f\u00e1rmaco se ha disparado muy por encima de lo recomendado por la evidencia cient\u00edfica. Un hecho que conlleva riesgos cuando se produce en dosis elevadas sin un buen control m\u00e9dico, porque la vitamina D \u2014aunque esencial para una buena salud de los huesos\u2014 se acumula en el organismo y puede dar lugar a complicaciones. Un estudio del Sistema Espa\u00f1ol de Farmacovigilancia alert\u00f3 recientemente de que ha recibido en la \u00faltima d\u00e9cada 190 notificaciones por sobredosis, de las que un centenar han sido graves y casi la mitad requerido la hospitalizaci\u00f3n del paciente. <\/p>\n<p class=\"\">Una iniciativa pionera desarrollada en Cantabria por el Hospital Marqu\u00e9s de Valdecilla ilustra las dimensiones del fen\u00f3meno y los avances que pueden lograrse con acciones dirigidas a ajustar el n\u00famero de an\u00e1lisis \u2014determinaciones, en el lenguaje de los especialistas\u2014 a lo recomendado por la buena pr\u00e1ctica cl\u00ednica.<\/p>\n<div class=\"a_gph\">\n<div>\n<div style=\"min-height:400px\" id=\"datawrapper-vis-GKxPj\"><img decoding=\"async\" src=\"https:\/\/datawrapper.dwcdn.net\/GKxPj\/full.png\" alt=\"\"\/><\/div>\n<\/div>\n<\/div>\n<p class=\"\">Entre 2020 y 2023, las pruebas encargadas por los facultativos de la sanidad p\u00fablica de la regi\u00f3n para medir los niveles de vitamina D de sus pacientes subieron de forma exponencial desde 65.406 a 138.668, un 112% en solo tres a\u00f1os. Estas cifras revelan que la sanidad c\u00e1ntabra realiz\u00f3 en 2023 una prueba por cada cuatro habitantes de la comunidad. La misma tendencia ha sido observada en toda Espa\u00f1a, seg\u00fan han advertido sociedades cient\u00edficas, expertos y agencias de evaluaci\u00f3n.<\/p>\n<p class=\"\">\u201cEra un crecimiento desmedido. Lo habitual es que las pruebas anal\u00edticas aumenten a un ritmo que oscila entre el 2% y el 10% anual, y cuando alguna crece tan r\u00e1pido es que algo est\u00e1 ocurriendo. Lleg\u00f3 un momento en el que solo las determinaciones de vitamina D acaparaban el 15% del gasto del laboratorio\u201d, ilustra Mar\u00eda Teresa Garc\u00eda Unzueta, jefa de servicio de An\u00e1lisis Cl\u00ednicos y Bioqu\u00edmica del centro sanitario, de referencia para toda Cantabria. <\/p>\n<p class=\"\">Mar\u00eda del Casta\u00f1ar Garc\u00eda G\u00f3mez, subdirectora m\u00e9dica del Marqu\u00e9s de Valdecilla y especialista en Endocrinolog\u00eda y Nutrici\u00f3n, apunta a las razones detr\u00e1s de este aumento. \u201cSe han publicado m\u00faltiples estudios que asociaban bajos niveles de vitamina D a diferentes patolog\u00edas. Pero no se ha demostrado una relaci\u00f3n de causalidad, sino que era una asociaci\u00f3n aleatoria. Sin embargo, esto y algunos mensajes que han proliferado llevaron a que estas pruebas se hicieran de forma casi rutinaria, cuando en realidad hasta el 75% de las determinaciones de vitamina D pueden ser innecesarias\u201d y llevar a un consumo innecesario de suplementos y f\u00e1rmacos.<\/p>\n<figure class=\"a_m a_m-h \"><span class=\"_db a_m_w _pr lb_btn\"><img alt=\"Medicamentos y suplementos con vitamina D\" decoding=\"auto\" class=\"_re lazyload a_m-h\" height=\"270\" srcset=\"https:\/\/imagenes.elpais.com\/resizer\/v2\/DYZVDGUFDNFCRBYIRS5GFG6S5U.jpg?auth=703366c90af71f1bbcc73932058a931a1e79f048ed479b7b0971d5bb794a4cc2&amp;width=414 414w,https:\/\/imagenes.elpais.com\/resizer\/v2\/DYZVDGUFDNFCRBYIRS5GFG6S5U.jpg?auth=703366c90af71f1bbcc73932058a931a1e79f048ed479b7b0971d5bb794a4cc2&amp;width=828 640w,https:\/\/imagenes.elpais.com\/resizer\/v2\/DYZVDGUFDNFCRBYIRS5GFG6S5U.jpg?auth=703366c90af71f1bbcc73932058a931a1e79f048ed479b7b0971d5bb794a4cc2&amp;width=980 1000w,https:\/\/imagenes.elpais.com\/resizer\/v2\/DYZVDGUFDNFCRBYIRS5GFG6S5U.jpg?auth=703366c90af71f1bbcc73932058a931a1e79f048ed479b7b0971d5bb794a4cc2&amp;width=1960 1960w\" width=\"414\" sizes=\"auto, (min-width:1199px) 1155px,(min-width:1001px) calc(100vw - 44px),(min-width:768px) 767px, 100vw\" src=\"https:\/\/imagenes.elpais.com\/resizer\/v2\/DYZVDGUFDNFCRBYIRS5GFG6S5U.jpg?auth=703366c90af71f1bbcc73932058a931a1e79f048ed479b7b0971d5bb794a4cc2&amp;width=414\" loading=\"lazy\"\/><svg aria-hidden=\"true\" class=\"icon_multimedia_ampliar | _pa a_m_i a_m_i-a _dn\" viewbox=\"0 0 40 40\"><use xlink:href=\"#svg-ampliar\"\/><\/svg><\/span><figcaption class=\"a_m_p\" aria-hidden=\"true\"><span>Medicamentos con vitamina D en una farmacia.<\/span><span class=\"a_m_m\">FERNANDO DOMINGO-ALDAMA<\/span><\/figcaption><\/figure>\n<p class=\"\">Seg\u00fan el protocolo elaborado a principios del a\u00f1o pasado por el hospital, en los estudios llevados a cabo en poblaci\u00f3n general asintom\u00e1tica que viven en la comunidad, y que presentan niveles bajos de vitamina D, \u201cno se ha demostrado que el tratamiento con suplementos tenga ning\u00fan efecto sobre la mortalidad o la incidencia de fracturas, ca\u00eddas, depresi\u00f3n, diabetes, enfermedades cardiovasculares, c\u00e1ncer o eventos adversos\u201d, afirman sus autoras.<\/p>\n<p class=\"\">La principal fuente de vitamina D es la producci\u00f3n en la piel tras la exposici\u00f3n a la radiaci\u00f3n solar, de la que se obtiene hasta el 90% de la que necesita el organismo, aunque en ello influyen variables como la latitud, el color de la piel y el uso de protectores solares. La dieta aporta el resto con alimentos como pescados grasos y huevos, entre otros. Otra fuente pueden ser productos enriquecidos, como algunos l\u00e1cteos. La contribuci\u00f3n de la dieta, sin embargo, es baja por lo que \u201cen situaciones de d\u00e9ficit de vitamina D por insuficiente exposici\u00f3n solar s\u00ed puede ser necesaria en la mayor\u00eda de los casos una suplementaci\u00f3n farmacol\u00f3gica\u201d, a\u00f1ade Garc\u00eda G\u00f3mez.<\/p>\n<p class=\"\">El protocolo s\u00ed establece la necesidad de controlar los niveles de vitamina D en grupos de poblaci\u00f3n como personas institucionalizadas, enfermos que toman medicamentos que alteran el metabolismo de este compuesto, mujeres en el primer trimestre del embarazo, pacientes con enfermedad renal o hep\u00e1tica cr\u00f3nica y pacientes susceptibles de padecer osteoporosis, entre otros perfiles. <\/p>\n<p class=\"\">La puesta en marcha del protocolo se llev\u00f3 a cabo en el segundo trimestre de 2024 y ya en los primeros nueve meses logr\u00f3 reducir en un 40% las pruebas realizadas en 2024 en comparaci\u00f3n con 2023, al pasar de 138.668 a 83.086.<\/p>\n<p class=\"\">El objetivo de este tipo de iniciativas es la mejora de la calidad asistencial, algo que persigue \u201cdesarrollar herramientas que defiendan las pr\u00e1cticas cl\u00ednicas basadas en la evidencia y dejar de hacer aquellas que han mostrado no ser eficientes, no aportar beneficio para el paciente o incluso que pueden llegar a ser perjudiciales\u201d, coinciden Garc\u00eda-Unzueta y Garc\u00eda G\u00f3mez.<\/p>\n<p class=\"\">Un ejemplo de esta tendencia incipiente es el proyecto \u201cNo hacer\u201d impulsado por el Ministerio de Sanidad y la Sociedad Espa\u00f1ola de Medicina Interna (SEMI), que ha inspirado el plan llevado a cabo en Cantabria. Otro, que agrupa a 23 hospitales p\u00fablicos, es la Red MAPAC para la Mejora de la Adecuaci\u00f3n de la Pr\u00e1ctica Asistencial y Cl\u00ednica, que pretende compartir experiencias de \u00e9xito entre centros para que las mejoras logradas en uno puedan ser imitadas por los dem\u00e1s. <\/p>\n<p class=\"\">\u201cEl n\u00famero innecesario de determinaciones de vitamina D es un problema que hemos compartido con hospitales de otras comunidades y nuestra iniciativa puede servir a m\u00e1s centros\u201d, afirma la jefa de servicio de An\u00e1lisis Cl\u00ednicos del Marqu\u00e9s de Valdecilla. Con este objetivo, los responsables del hospital han presentado estos resultados en el 24 Congreso de Hospitales y Gesti\u00f3n Sanitaria celebrado esta semana en Zaragoza.<\/p>\n<p class=\"\">Aunque la mejora asistencial es el principal objetivo de estos proyectos, su desarrollo tambi\u00e9n libera recursos econ\u00f3micos y materiales que pueden ser destinados a otras medidas que s\u00ed mejoran la salud de los pacientes. En el caso de Cantabria, el plan ha logrado disminuir el gasto desde los casi 574.000 euros en 2023 a 276.000 euros el a\u00f1o pasado (un 48%), lo que ha permitido ampliar el cat\u00e1logo de pruebas en el laboratorio.<\/p>\n<p class=\"\">Garc\u00eda G\u00f3mez destaca la importancia de implicar a todos los profesionales para conseguir el \u00e9xito de estas medidas. \u201cLos cambios pueden en ocasiones encontrar reticencias y es muy importante trabajar la comunicaci\u00f3n y dar respuesta a todas las inquietudes. Se hicieron reuniones con los servicios del hospital relacionados y se difundi\u00f3 el documento elaborado a todos los facultativos de atenci\u00f3n primaria. En el protocolo tambi\u00e9n se facilit\u00f3 el n\u00famero de tel\u00e9fono directo del especialista de laboratorio al cargo de la unidad de an\u00e1lisis y de la jefa de servicio para resolver todas las dudas&#8230;\u201d, detalla.<\/p>\n<p class=\"\">El estudio presentado en Zaragoza no ha analizado la evoluci\u00f3n de las recetas financiadas por la sanidad p\u00fablica en el \u00faltimo a\u00f1o, aunque es previsible que haya contribuido a disminuir el consumo innecesario de vitamina D. Pese a ello, las impulsoras del protocolo admiten que algunas personas pueden seguir tomando vitamina D automedic\u00e1ndose sin control m\u00e9dico. \u201cHoy es posible hacerse test de vitamina D en las farmacias y adquirir sin receta m\u00e9dica suplementos que la contienen\u201d, afirma Mar\u00eda Garc\u00eda.<\/p>\n<p class=\"\">Roi Pi\u00f1eiro, coordinador del Comit\u00e9 de Medicamentos de la Asociaci\u00f3n Espa\u00f1ola de Pediatr\u00eda (AEP), se muestra cr\u00edtico en este punto: \u201cLa vitamina D se puede adquirir sin receta, como suplemento nutricional, en herbolarios, oficinas de farmacia y tambi\u00e9n por Internet. Se puede comprar en pastillas, jarabe, espray y hasta gominolas o chicles. No veo explicaci\u00f3n a este disparate, ya que se trata de un medicamento que no es inocuo y que en la mayor\u00eda de las ocasiones es innecesario\u201d. <\/p>\n<p class=\"\">Para este especialista, planes como los llevados a cabo en Cantabria son un importante paso en la buena direcci\u00f3n. \u201cEs un buen ejemplo de los objetivos que inspiraron el proyecto \u2018No hacer\u2019 para adecuar la pr\u00e1ctica cl\u00ednica y evitar las intervenciones que son innecesarias, ya sean pruebas o tratamientos. Y, desde luego, la vitamina D es una de ellas, porque en los \u00faltimos a\u00f1os hemos visto un gran incremento de determinaciones y prescripciones sin que haya una base cient\u00edfica real que lo justifique\u201d, concluye. <\/p>\n<\/div>\n\n","protected":false},"excerpt":{"rendered":"<p>La vitamina D ha vivido en Espa\u00f1a un auge en los \u00faltimos a\u00f1os. En parte debido a una disparidad de criterios entre la clase m\u00e9dica y en parte por mensajes sin base lanzados desde las redes sociales, el consumo de este f\u00e1rmaco se ha disparado muy por encima de lo recomendado por la evidencia cient\u00edfica. &hellip;<\/p>\n","protected":false},"author":1,"featured_media":29652,"comment_status":"open","ping_status":"open","sticky":false,"template":"","format":"standard","meta":{"fifu_image_url":"https:\/\/imagenes.elpais.com\/resizer\/v2\/3GWZTDV4AZD7ZMJTPJA27HUZHE.jpg?auth=efb5d482ab2cec7a9826b20a33fd3573fdf11ba981454051d5f7e929f7801fb9&width=1200","fifu_image_alt":"","footnotes":""},"categories":[11],"tags":[],"class_list":["post-29650","post","type-post","status-publish","format-standard","has-post-thumbnail","","category-viaje"],"_links":{"self":[{"href":"https:\/\/noticiasveraces.com\/index.php?rest_route=\/wp\/v2\/posts\/29650","targetHints":{"allow":["GET"]}}],"collection":[{"href":"https:\/\/noticiasveraces.com\/index.php?rest_route=\/wp\/v2\/posts"}],"about":[{"href":"https:\/\/noticiasveraces.com\/index.php?rest_route=\/wp\/v2\/types\/post"}],"author":[{"embeddable":true,"href":"https:\/\/noticiasveraces.com\/index.php?rest_route=\/wp\/v2\/users\/1"}],"replies":[{"embeddable":true,"href":"https:\/\/noticiasveraces.com\/index.php?rest_route=%2Fwp%2Fv2%2Fcomments&post=29650"}],"version-history":[{"count":0,"href":"https:\/\/noticiasveraces.com\/index.php?rest_route=\/wp\/v2\/posts\/29650\/revisions"}],"wp:featuredmedia":[{"embeddable":true,"href":"https:\/\/noticiasveraces.com\/index.php?rest_route=\/wp\/v2\/media\/29652"}],"wp:attachment":[{"href":"https:\/\/noticiasveraces.com\/index.php?rest_route=%2Fwp%2Fv2%2Fmedia&parent=29650"}],"wp:term":[{"taxonomy":"category","embeddable":true,"href":"https:\/\/noticiasveraces.com\/index.php?rest_route=%2Fwp%2Fv2%2Fcategories&post=29650"},{"taxonomy":"post_tag","embeddable":true,"href":"https:\/\/noticiasveraces.com\/index.php?rest_route=%2Fwp%2Fv2%2Ftags&post=29650"}],"curies":[{"name":"wp","href":"https:\/\/api.w.org\/{rel}","templated":true}]}}