{"id":29648,"date":"2025-05-31T16:57:29","date_gmt":"2025-05-31T20:57:29","guid":{"rendered":"https:\/\/noticiasveraces.com\/?p=29648"},"modified":"2025-05-31T16:57:29","modified_gmt":"2025-05-31T20:57:29","slug":"ue-lamenta-profundamente-los-aranceles-al-acero-de-trump-dw-31-05-2025","status":"publish","type":"post","link":"https:\/\/noticiasveraces.com\/?p=29648","title":{"rendered":"UE \u00ablamenta profundamente\u00bb los aranceles al acero de Trump \u2013 DW \u2013 31\/05\/2025"},"content":{"rendered":"<p> \n<\/p>\n<div>\n<p>La Uni\u00f3n Europea (UE) \u00ablamenta profundamente\u00bb los nuevos aranceles de Donald Trump sobre el acero y el aluminio, que \u00absocavan los esfuerzos en curso para alcanzar una soluci\u00f3n negociada\u00bb con Estados Unidos, reaccion\u00f3 la Comisi\u00f3n Europea este s\u00e1bado (31.05.2025).<\/p>\n<p>\u00abSi no se encuentra una soluci\u00f3n mutuamente aceptable\u00bb entrar\u00e1n en vigor \u00abcontramedidas\u00bb el 14 de julio, \u00abo incluso antes si las circunstancias lo requieren\u00bb, se\u00f1al\u00f3 una portavoz.<\/p>\n<p>El anuncio de Trump \u00aba\u00f1ade una nueva incertidumbre a la econom\u00eda mundial y aumenta los costos para los consumidores y las empresas a ambos lados del Atl\u00e1ntico\u00bb, critic\u00f3 la Comisi\u00f3n Europea.<\/p>\n<p><strong>Guerra comercial generalizada de Estados Unidos<\/strong><\/p>\n<p>El presidente estadounidense anunci\u00f3 el viernes que el pr\u00f3ximo mi\u00e9rcoles los aranceles a la importaci\u00f3n de acero y de aluminio se duplicar\u00e1n hasta 50%, una nueva escalada de su ofensiva proteccionista.<\/p>\n<p>Desde que volvi\u00f3 a la presidencia en enero, Trump ha impuesto aranceles generalizados, tanto a aliados como a adversarios, unas medidas que han sacudido el orden comercial mundial y agitado los mercados financieros.<\/p>\n<p>Tras un periodo de tensi\u00f3n, Europa esperaba un \u00abnuevo impulso\u00bb en las negociaciones tras la conversaci\u00f3n telef\u00f3nica entre Donald Trump y la presidenta de la Comisi\u00f3n Europea, Ursula von der Leyen, hace una semana.<\/p>\n<p>RR AFP\/DPA\/Reuters<\/p>\n<\/div>\n\n","protected":false},"excerpt":{"rendered":"<p>La Uni\u00f3n Europea (UE) \u00ablamenta profundamente\u00bb los nuevos aranceles de Donald Trump sobre el acero y el aluminio, que \u00absocavan los esfuerzos en curso para alcanzar una soluci\u00f3n negociada\u00bb con Estados Unidos, reaccion\u00f3 la Comisi\u00f3n Europea este s\u00e1bado (31.05.2025). \u00abSi no se encuentra una soluci\u00f3n mutuamente aceptable\u00bb entrar\u00e1n en vigor \u00abcontramedidas\u00bb el 14 de julio, &hellip;<\/p>\n","protected":false},"author":1,"featured_media":29649,"comment_status":"open","ping_status":"open","sticky":false,"template":"","format":"standard","meta":{"fifu_image_url":"https:\/\/static.dw.com\/image\/72742080_6.jpg","fifu_image_alt":"","footnotes":""},"categories":[13],"tags":[],"class_list":["post-29648","post","type-post","status-publish","format-standard","has-post-thumbnail","","category-mundo"],"_links":{"self":[{"href":"https:\/\/noticiasveraces.com\/index.php?rest_route=\/wp\/v2\/posts\/29648","targetHints":{"allow":["GET"]}}],"collection":[{"href":"https:\/\/noticiasveraces.com\/index.php?rest_route=\/wp\/v2\/posts"}],"about":[{"href":"https:\/\/noticiasveraces.com\/index.php?rest_route=\/wp\/v2\/types\/post"}],"author":[{"embeddable":true,"href":"https:\/\/noticiasveraces.com\/index.php?rest_route=\/wp\/v2\/users\/1"}],"replies":[{"embeddable":true,"href":"https:\/\/noticiasveraces.com\/index.php?rest_route=%2Fwp%2Fv2%2Fcomments&post=29648"}],"version-history":[{"count":0,"href":"https:\/\/noticiasveraces.com\/index.php?rest_route=\/wp\/v2\/posts\/29648\/revisions"}],"wp:featuredmedia":[{"embeddable":true,"href":"https:\/\/noticiasveraces.com\/index.php?rest_route=\/wp\/v2\/media\/29649"}],"wp:attachment":[{"href":"https:\/\/noticiasveraces.com\/index.php?rest_route=%2Fwp%2Fv2%2Fmedia&parent=29648"}],"wp:term":[{"taxonomy":"category","embeddable":true,"href":"https:\/\/noticiasveraces.com\/index.php?rest_route=%2Fwp%2Fv2%2Fcategories&post=29648"},{"taxonomy":"post_tag","embeddable":true,"href":"https:\/\/noticiasveraces.com\/index.php?rest_route=%2Fwp%2Fv2%2Ftags&post=29648"}],"curies":[{"name":"wp","href":"https:\/\/api.w.org\/{rel}","templated":true}]}}