{"id":29646,"date":"2025-05-31T15:56:51","date_gmt":"2025-05-31T19:56:51","guid":{"rendered":"https:\/\/noticiasveraces.com\/?p=29646"},"modified":"2025-05-31T15:56:51","modified_gmt":"2025-05-31T19:56:51","slug":"merz-y-trump-se-reuniran-por-primera-vez-la-proxima-semana-dw-31-05-2025","status":"publish","type":"post","link":"https:\/\/noticiasveraces.com\/?p=29646","title":{"rendered":"Merz y Trump se reunir\u00e1n por primera vez la pr\u00f3xima semana \u2013 DW \u2013 31\/05\/2025"},"content":{"rendered":"<p> \n<\/p>\n<div>\n<p>El jefe del gobierno alem\u00e1n Friedrich Merz se reunir\u00e1 la pr\u00f3xima semana por primera vez con el presidente Donald Trump, en su primera visita oficial a Estados Unidos, indic\u00f3 el portavoz Stefan Kornelius este s\u00e1bado (31.05.2025).<\/p>\n<p>El canciller federal ser\u00e1 recibido en la Casa Blanca el pr\u00f3ximo jueves, dijo el portavoz, que cit\u00f3 la pol\u00edtica comercial, la situaci\u00f3n en Medio Oriente y \u00abla guerra de agresi\u00f3n rusa contra Ucrania\u00bb entre los temas que abordar\u00e1n los mandatarios.<\/p>\n<p>Desde su regreso a la Casa Blanca en enero, Trump ha sacudido Europa con importantes cambios en la pol\u00edtica comercial y de seguridad, y ha amenazado e impuesto una serie de aranceles a sus socios europeos.<\/p>\n<p>En la conferencia WDR Europaforum el lunes, Merz afirm\u00f3 que la Uni\u00f3n Europea (UE) podr\u00eda tomar represalias contra empresas tecnol\u00f3gicas estadounidenses o imponer otros aranceles si el conflicto comercial transatl\u00e1ntico se recrudec\u00eda.<\/p>\n<p>\u00abNo deber\u00edamos reaccionar de forma precipitada\u00bb, dijo. \u00abPero si no podemos hacer otra cosa, tendremos que utilizar esta herramienta\u00bb, advirti\u00f3.<\/p>\n<p>Merz y Trump ya mantuvieron varias conversaciones telef\u00f3nicas y ambos acordaron a principios de este mes realizar una visita mutua, sin dar fechas concretas.<\/p>\n<p>RR AFP\/AP<\/p>\n<\/div>\n\n","protected":false},"excerpt":{"rendered":"<p>El jefe del gobierno alem\u00e1n Friedrich Merz se reunir\u00e1 la pr\u00f3xima semana por primera vez con el presidente Donald Trump, en su primera visita oficial a Estados Unidos, indic\u00f3 el portavoz Stefan Kornelius este s\u00e1bado (31.05.2025). El canciller federal ser\u00e1 recibido en la Casa Blanca el pr\u00f3ximo jueves, dijo el portavoz, que cit\u00f3 la pol\u00edtica &hellip;<\/p>\n","protected":false},"author":1,"featured_media":29647,"comment_status":"open","ping_status":"open","sticky":false,"template":"","format":"standard","meta":{"fifu_image_url":"https:\/\/static.dw.com\/image\/72492496_6.jpg","fifu_image_alt":"","footnotes":""},"categories":[13],"tags":[],"class_list":["post-29646","post","type-post","status-publish","format-standard","has-post-thumbnail","","category-mundo"],"_links":{"self":[{"href":"https:\/\/noticiasveraces.com\/index.php?rest_route=\/wp\/v2\/posts\/29646","targetHints":{"allow":["GET"]}}],"collection":[{"href":"https:\/\/noticiasveraces.com\/index.php?rest_route=\/wp\/v2\/posts"}],"about":[{"href":"https:\/\/noticiasveraces.com\/index.php?rest_route=\/wp\/v2\/types\/post"}],"author":[{"embeddable":true,"href":"https:\/\/noticiasveraces.com\/index.php?rest_route=\/wp\/v2\/users\/1"}],"replies":[{"embeddable":true,"href":"https:\/\/noticiasveraces.com\/index.php?rest_route=%2Fwp%2Fv2%2Fcomments&post=29646"}],"version-history":[{"count":0,"href":"https:\/\/noticiasveraces.com\/index.php?rest_route=\/wp\/v2\/posts\/29646\/revisions"}],"wp:featuredmedia":[{"embeddable":true,"href":"https:\/\/noticiasveraces.com\/index.php?rest_route=\/wp\/v2\/media\/29647"}],"wp:attachment":[{"href":"https:\/\/noticiasveraces.com\/index.php?rest_route=%2Fwp%2Fv2%2Fmedia&parent=29646"}],"wp:term":[{"taxonomy":"category","embeddable":true,"href":"https:\/\/noticiasveraces.com\/index.php?rest_route=%2Fwp%2Fv2%2Fcategories&post=29646"},{"taxonomy":"post_tag","embeddable":true,"href":"https:\/\/noticiasveraces.com\/index.php?rest_route=%2Fwp%2Fv2%2Ftags&post=29646"}],"curies":[{"name":"wp","href":"https:\/\/api.w.org\/{rel}","templated":true}]}}