{"id":29643,"date":"2025-05-31T14:55:50","date_gmt":"2025-05-31T18:55:50","guid":{"rendered":"https:\/\/noticiasveraces.com\/?p=29643"},"modified":"2025-05-31T14:55:50","modified_gmt":"2025-05-31T18:55:50","slug":"rivales-presidenciales-polacos-cuello-y-cuello-por-delante-de-los-votos-de-escorrentia-de-alto-riesgo","status":"publish","type":"post","link":"https:\/\/noticiasveraces.com\/?p=29643","title":{"rendered":"Rivales presidenciales polacos Cuello y cuello por delante de los votos de escorrent\u00eda de alto riesgo"},"content":{"rendered":"<p> \n<\/p>\n<div>\n<p class=\"speakable\">La sombra del presidente Trump es elegida por la elecci\u00f3n de la segunda vuelta de las elecciones presidenciales de este domingo, con encuestas que muestran una estricta carrera entre el alcalde de Varsovia, Rafa\u0142 Trzaskowski, y su retador conservador, Karol Nawrocki. <\/p>\n<p class=\"speakable\">Associated Press inform\u00f3 que Donald Trump se reuni\u00f3 con Nawrocki en la Casa Blanca a principios de este mes y envi\u00f3 al Secretario del DHS Kristi Noem a una reuni\u00f3n de CPAC en Polonia, donde ofreci\u00f3 un respaldo.<\/p>\n<p>Hablando en apoyo de Nawrocki, Noem dijo que gobernar\u00eda al estilo del presidente Trump. \u00abSolo tuve la oportunidad de reunirme con Karol y escuchar. Necesita ser el pr\u00f3ximo presidente de Polonia. \u00bfMe entiendes?\u00bb ella dijo.<\/p>\n<p>\u00abEsta es posiblemente la elecci\u00f3n presidencial polaca m\u00e1s importante desde el final del comunismo, no solo porque el concurso es muy cercano, sino porque hay un sentido palpable en Varsovia de lo peligrosa que se ha convertido la situaci\u00f3n de seguridad del pa\u00eds, con la guerra en curso en Ucrania y el revisionismo ruso a la vista\u00bb, dijo Andrew Michta, miembro senior del Consejo Atl\u00e1ntico Scowcroft Center, dijo Fox News Digital.<\/p>\n<p><strong>Los l\u00edderes del partido polaco hacen apelaciones finales a los votantes a medida que se acercan las elecciones cercanas<\/strong><\/p>\n<p>Trzaskowski, respaldado por el actual primer ministro, Donald Tusk, recibi\u00f3 el 31.4% de los votos en la primera ronda. Nawrocki, un historiador apoyado por el Partido Populista de Justicia y la Justicia de la derecha, se desempe\u00f1\u00f3 mejor de lo esperado y estaba muy detr\u00e1s con el 29.5% de los votos.<\/p>\n<p>La mayor\u00eda de los expertos y observadores de la regi\u00f3n ven la carrera como un lanzamiento.<\/p>\n<div class=\"image-ct inline\">\n<div class=\"m\"><picture><source media=\"(max-width: 767px)\" srcset=\"https:\/\/a57.foxnews.com\/static.foxnews.com\/foxnews.com\/content\/uploads\/2025\/05\/343\/192\/ap25150465532521-scaled.jpg?ve=1&amp;tl=1, https:\/\/a57.foxnews.com\/static.foxnews.com\/foxnews.com\/content\/uploads\/2025\/05\/686\/384\/ap25150465532521-scaled.jpg?ve=1&amp;tl=1 2x\" height=\"192\" width=\"343\"><source media=\"(min-width: 768px) and (max-width: 1023px)\" srcset=\"https:\/\/a57.foxnews.com\/static.foxnews.com\/foxnews.com\/content\/uploads\/2025\/05\/672\/378\/ap25150465532521-scaled.jpg?ve=1&amp;tl=1, https:\/\/a57.foxnews.com\/static.foxnews.com\/foxnews.com\/content\/uploads\/2025\/05\/1344\/756\/ap25150465532521-scaled.jpg?ve=1&amp;tl=1 2x\" height=\"378\" width=\"672\"><source media=\"(min-width: 1024px) and (max-width: 1279px)\" srcset=\"https:\/\/a57.foxnews.com\/static.foxnews.com\/foxnews.com\/content\/uploads\/2025\/05\/931\/523\/ap25150465532521-scaled.jpg?ve=1&amp;tl=1, https:\/\/a57.foxnews.com\/static.foxnews.com\/foxnews.com\/content\/uploads\/2025\/05\/1862\/1046\/ap25150465532521-scaled.jpg?ve=1&amp;tl=1 2x\" height=\"523\" width=\"931\"><source media=\"(min-width: 1280px)\" srcset=\"https:\/\/a57.foxnews.com\/static.foxnews.com\/foxnews.com\/content\/uploads\/2025\/05\/720\/405\/ap25150465532521-scaled.jpg?ve=1&amp;tl=1, https:\/\/a57.foxnews.com\/static.foxnews.com\/foxnews.com\/content\/uploads\/2025\/05\/1440\/810\/ap25150465532521-scaled.jpg?ve=1&amp;tl=1 2x\" height=\"405\" width=\"720\"><img loading=\"lazy\" decoding=\"async\" src=\"https:\/\/a57.foxnews.com\/static.foxnews.com\/foxnews.com\/content\/uploads\/2025\/05\/1200\/675\/ap25150465532521-scaled.jpg?ve=1&amp;tl=1\" alt=\"Karol Nawrocki, candidato presidencial respaldado por el Partido de la Ley y la Justicia, asiste a una manifestaci\u00f3n de campa\u00f1a el 29 de mayo de 2025 en Katowice, Polonia. La segunda ronda de elecciones presidenciales en Polonia tendr\u00e1 lugar el 1 de junio. Nawrocki competir\u00e1 con Rafal Trzaskowski, el candidato del partido gobernante proeuropeo. \" width=\"1200\" height=\"675\"\/><\/source><\/source><\/source><\/source><\/picture><\/div>\n<div class=\"info\">\n<div class=\"caption\">\n<p><span>Karol Nawrocki, candidato presidencial respaldado por el Partido de la Ley y la Justicia, asiste a una manifestaci\u00f3n de campa\u00f1a el 29 de mayo de 2025 en Katowice, Polonia. La segunda ronda de elecciones presidenciales en Polonia tendr\u00e1 lugar el 1 de junio. Nawrocki competir\u00e1 con Rafal Trzaskowski, el candidato del partido gobernante proeuropeo. <\/span> <span>(Foto de Beata Zawrzel\/Nurphoto a trav\u00e9s de AP)<\/span><\/p>\n<\/div>\n<\/div>\n<\/div>\n<p>\u00abNawrocki tiene una buena oportunidad de ganar las elecciones. Esto demostrar\u00eda claramente el deseo del pueblo polaco de contrarrestar la pol\u00edtica liberal del gobierno actual\u00bb, dijo Stanis\u0142aw \u017caryn, asesor del actual presidente de Polonia, Andrzej Duda, a Fox News Digital.<\/p>\n<p>El Partido Conservador de la Ley y la Justicia reclut\u00f3 a Nawrocki, un extra\u00f1o sin experiencia pol\u00edtica previa, para ser su candidato para que el presidente reemplazara al presidente saliente Duda, un aliado cercano del presidente Trump. El Partido de la Ley y la Justicia gobern\u00f3 a Polonia de 2015 a 2023, hasta que perdi\u00f3 elecciones parlamentarias dirigidas por la Coalici\u00f3n de la Plataforma C\u00edvica Centro de Donald Tusk.<\/p>\n<p>Aunque el presidente polaco es nominalmente simb\u00f3lico, el presidente ejerce el poder de la legislaci\u00f3n de veto aprobada por el Parlamento, que podr\u00eda descarrilar la agenda nacional del gobierno titular si el presidente es de un partido diferente del primer ministro.<\/p>\n<p>Matthew Tyrmand, un ciudadano dual polaco con sede en los Estados Unidos que asesora a figuras pol\u00edticas conservadoras que defienden la soberan\u00eda en toda Europa, le dijo a Fox News Digital desde Europa: \u00abNosotros en Polonia, quien vio que el gobierno anterior no marcado (el partido de Tusk) de 2010-15, sabe c\u00f3mo esto termina si el candidato de Tusk, Trizaskowski, termina con la presidencia en la presidencia en el fugito. Ven a expensas de los lazos previamente fuertes con los Estados Unidos y el anterior y ahora devolvi\u00f3 la administraci\u00f3n Trump.<\/p>\n<div class=\"image-ct inline\">\n<div class=\"m\"><picture><source media=\"(max-width: 767px)\" srcset=\"https:\/\/a57.foxnews.com\/static.foxnews.com\/foxnews.com\/content\/uploads\/2025\/05\/343\/192\/poish-presidential-debate-scaled.jpg?ve=1&amp;tl=1, https:\/\/a57.foxnews.com\/static.foxnews.com\/foxnews.com\/content\/uploads\/2025\/05\/686\/384\/poish-presidential-debate-scaled.jpg?ve=1&amp;tl=1 2x\" height=\"192\" width=\"343\"><source media=\"(min-width: 768px) and (max-width: 1023px)\" srcset=\"https:\/\/a57.foxnews.com\/static.foxnews.com\/foxnews.com\/content\/uploads\/2025\/05\/672\/378\/poish-presidential-debate-scaled.jpg?ve=1&amp;tl=1, https:\/\/a57.foxnews.com\/static.foxnews.com\/foxnews.com\/content\/uploads\/2025\/05\/1344\/756\/poish-presidential-debate-scaled.jpg?ve=1&amp;tl=1 2x\" height=\"378\" width=\"672\"><source media=\"(min-width: 1024px) and (max-width: 1279px)\" srcset=\"https:\/\/a57.foxnews.com\/static.foxnews.com\/foxnews.com\/content\/uploads\/2025\/05\/931\/523\/poish-presidential-debate-scaled.jpg?ve=1&amp;tl=1, https:\/\/a57.foxnews.com\/static.foxnews.com\/foxnews.com\/content\/uploads\/2025\/05\/1862\/1046\/poish-presidential-debate-scaled.jpg?ve=1&amp;tl=1 2x\" height=\"523\" width=\"931\"><source media=\"(min-width: 1280px)\" srcset=\"https:\/\/a57.foxnews.com\/static.foxnews.com\/foxnews.com\/content\/uploads\/2025\/05\/720\/405\/poish-presidential-debate-scaled.jpg?ve=1&amp;tl=1, https:\/\/a57.foxnews.com\/static.foxnews.com\/foxnews.com\/content\/uploads\/2025\/05\/1440\/810\/poish-presidential-debate-scaled.jpg?ve=1&amp;tl=1 2x\" height=\"405\" width=\"720\"><img loading=\"lazy\" decoding=\"async\" src=\"https:\/\/a57.foxnews.com\/static.foxnews.com\/foxnews.com\/content\/uploads\/2025\/05\/1200\/675\/poish-presidential-debate-scaled.jpg?ve=1&amp;tl=1\" alt=\"El alcalde y candidato presidencial de Varsovia, Rafal Trzaskowski (izquierda) y el historiador Karol Nawrocki aparecen en una pantalla durante un debate presidencial en Varsovia, Polonia, el 23 de mayo de 2025. \" width=\"1200\" height=\"675\"\/><\/source><\/source><\/source><\/source><\/picture><\/div>\n<div class=\"info\">\n<div class=\"caption\">\n<p><span>El alcalde y candidato presidencial de Varsovia, Rafal Trzaskowski (izquierda) y el historiador Karol Nawrocki aparecen en una pantalla durante un debate presidencial en Varsovia, Polonia, el 23 de mayo de 2025. <\/span> <span>(Foto de Aleksander Kalka\/Nurphoto a trav\u00e9s de AP.)<\/span><\/p>\n<\/div>\n<\/div>\n<\/div>\n<p><strong>\u00ab<\/strong>Esta escorrent\u00eda es existencial para mantener su democracia multipartidista con el control y el equilibrio existente de los \u00faltimos 15 a\u00f1os de tener, en esencia, un duopolio bipartidista. El presidente de la derecha, Andrzej Duda, ha sido el \u00fanico cheque dado su poder de veto para rechazar la agenda del gobierno de los colmillos desde que el gobierno del pa\u00eds dio la vuelta a fines de 2023 hacia la izquierda (autodescrita y llamada por los medios de comunicaci\u00f3n izquierdistas comprometidos como centristas pero en realidad muy izquierda) eurocentristas. Si ese veto se pierde, la soberan\u00eda polaca ser\u00e1 un recuerdo lejano ya que Tusk convierte las competencias nacionales hacia Berl\u00edn y Bruselas que han sido sus Paymasters durante casi dos d\u00e9cadas, y ha sido su t\u00edtere relacionado, dispuesto y capaz \u00ab. <\/p>\n<p>Duda utiliz\u00f3 el poder del veto contra Tusk mientras estaba en el cargo para reducir los proyectos de ley para restaurar la independencia del poder judicial, un tema que puso a Polonia en desacuerdo con la Uni\u00f3n Europea bajo el gobierno anterior de PIS.<\/p>\n<p>Nawrocki como presidente probablemente continuar\u00eda las pol\u00edticas de Duda, hundiendo a\u00fan m\u00e1s la popularidad de Tusk, ya que muchos en Polonia sienten que Tusk no ha estado a la altura de sus promesas de campa\u00f1a. <\/p>\n<div class=\"image-ct inline\">\n<div class=\"m\"><picture><source media=\"(max-width: 767px)\" srcset=\"https:\/\/a57.foxnews.com\/static.foxnews.com\/foxnews.com\/content\/uploads\/2025\/05\/343\/192\/ap25145619478142-scaled.jpg?ve=1&amp;tl=1, https:\/\/a57.foxnews.com\/static.foxnews.com\/foxnews.com\/content\/uploads\/2025\/05\/686\/384\/ap25145619478142-scaled.jpg?ve=1&amp;tl=1 2x\" height=\"192\" width=\"343\"><source media=\"(min-width: 768px) and (max-width: 1023px)\" srcset=\"https:\/\/a57.foxnews.com\/static.foxnews.com\/foxnews.com\/content\/uploads\/2025\/05\/672\/378\/ap25145619478142-scaled.jpg?ve=1&amp;tl=1, https:\/\/a57.foxnews.com\/static.foxnews.com\/foxnews.com\/content\/uploads\/2025\/05\/1344\/756\/ap25145619478142-scaled.jpg?ve=1&amp;tl=1 2x\" height=\"378\" width=\"672\"><source media=\"(min-width: 1024px) and (max-width: 1279px)\" srcset=\"https:\/\/a57.foxnews.com\/static.foxnews.com\/foxnews.com\/content\/uploads\/2025\/05\/931\/523\/ap25145619478142-scaled.jpg?ve=1&amp;tl=1, https:\/\/a57.foxnews.com\/static.foxnews.com\/foxnews.com\/content\/uploads\/2025\/05\/1862\/1046\/ap25145619478142-scaled.jpg?ve=1&amp;tl=1 2x\" height=\"523\" width=\"931\"><source media=\"(min-width: 1280px)\" srcset=\"https:\/\/a57.foxnews.com\/static.foxnews.com\/foxnews.com\/content\/uploads\/2025\/05\/720\/405\/ap25145619478142-scaled.jpg?ve=1&amp;tl=1, https:\/\/a57.foxnews.com\/static.foxnews.com\/foxnews.com\/content\/uploads\/2025\/05\/1440\/810\/ap25145619478142-scaled.jpg?ve=1&amp;tl=1 2x\" height=\"405\" width=\"720\"><img loading=\"lazy\" decoding=\"async\" src=\"https:\/\/a57.foxnews.com\/static.foxnews.com\/foxnews.com\/content\/uploads\/2025\/05\/1200\/675\/ap25145619478142-scaled.jpg?ve=1&amp;tl=1\" alt=\"En Varsovia, Polonia, el 25 de mayo de 2025, Donald Tusk, primer ministro de Polonia, participa en la \"Gran Marcha Patri\u00f3tica\" organizada en apoyo de Rafal Trzaskowski, candidato a la plataforma c\u00edvica para presidente de Polonia. La marcha tiene lugar por las calles de la capital. La gran marcha patri\u00f3tica, organizada para mostrar apoyo al candidato de la plataforma c\u00edvica Rafal Trzaskowski en las elecciones presidenciales, avanza por las calles de la capital. El primer ministro polaco Donald Tusk y el presidente electo visitante de Rumania, Nicusor Dan, asisten a la marcha. Algunos de los otros candidatos tambi\u00e9n participan. Rafal Trzaskowski se enfrenta a Karol Nawrocki, respaldada por la ley y la justicia, en la segunda ronda de las elecciones el 1 de junio. \" width=\"1200\" height=\"675\"\/><\/source><\/source><\/source><\/source><\/picture><\/div>\n<div class=\"info\">\n<div class=\"caption\">\n<p><span>En Varsovia, Polonia, el 25 de mayo de 2025, Donald Tusk, primer ministro de Polonia, participa en la \u00abGran Marcha Patri\u00f3tica\u00bb organizada en apoyo de Rafal Trzaskowski, candidato a la plataforma c\u00edvica para presidente de Polonia. La marcha tiene lugar por las calles de la capital. La gran marcha patri\u00f3tica, organizada para mostrar apoyo al candidato de la plataforma c\u00edvica Rafal Trzaskowski en las elecciones presidenciales, avanza por las calles de la capital. El primer ministro polaco Donald Tusk y el presidente electo visitante de Rumania, Nicusor Dan, asisten a la marcha. Algunos de los otros candidatos tambi\u00e9n participan. Rafal Trzaskowski se enfrenta a Karol Nawrocki, respaldada por la ley y la justicia, en la segunda ronda de las elecciones el 1 de junio. <\/span> <span>(Foto de Klaudia Radecka\/Nurphoto a trav\u00e9s de AP)<\/span><\/p>\n<\/div>\n<\/div>\n<\/div>\n<p><strong>Polonia dice que Mosc\u00fa se est\u00e1 \u00abburlando\u00bb de Trump con la huelga mortal de Ucrania<\/strong><\/p>\n<p>Una victoria para Trzaskowski significa que Tusk tendr\u00e1 la capacidad de impulsar su agenda, con el nuevo presidente probablemente respaldando sus propuestas, leyes y embajadas. Una victoria para Trzaskowski tambi\u00e9n se recibir\u00e1 positivamente en Bruselas, ya que es visto como proeuropeo y en l\u00ednea con las prioridades de la UE de gobernanza democr\u00e1tica y la independencia judicial. <\/p>\n<p>\u00abSi Nawrocki gana, espere una lucha dif\u00edcil entre el gobierno de los colmillos y el presidente, ya que son opuestos polares en una serie de temas, especialmente la pol\u00edtica exterior\u00bb, dijo Michta, del Consejo Atl\u00e1ntico.<\/p>\n<div class=\"image-ct inline\">\n<div class=\"m\"><picture><source media=\"(max-width: 767px)\" srcset=\"https:\/\/a57.foxnews.com\/static.foxnews.com\/foxnews.com\/content\/uploads\/2024\/04\/343\/192\/GettyImages-2149039936-scaled-e1713435711133.jpg?ve=1&amp;tl=1, https:\/\/a57.foxnews.com\/static.foxnews.com\/foxnews.com\/content\/uploads\/2024\/04\/686\/384\/GettyImages-2149039936-scaled-e1713435711133.jpg?ve=1&amp;tl=1 2x\" height=\"192\" width=\"343\"><source media=\"(min-width: 768px) and (max-width: 1023px)\" srcset=\"https:\/\/a57.foxnews.com\/static.foxnews.com\/foxnews.com\/content\/uploads\/2024\/04\/672\/378\/GettyImages-2149039936-scaled-e1713435711133.jpg?ve=1&amp;tl=1, https:\/\/a57.foxnews.com\/static.foxnews.com\/foxnews.com\/content\/uploads\/2024\/04\/1344\/756\/GettyImages-2149039936-scaled-e1713435711133.jpg?ve=1&amp;tl=1 2x\" height=\"378\" width=\"672\"><source media=\"(min-width: 1024px) and (max-width: 1279px)\" srcset=\"https:\/\/a57.foxnews.com\/static.foxnews.com\/foxnews.com\/content\/uploads\/2024\/04\/931\/523\/GettyImages-2149039936-scaled-e1713435711133.jpg?ve=1&amp;tl=1, https:\/\/a57.foxnews.com\/static.foxnews.com\/foxnews.com\/content\/uploads\/2024\/04\/1862\/1046\/GettyImages-2149039936-scaled-e1713435711133.jpg?ve=1&amp;tl=1 2x\" height=\"523\" width=\"931\"><source media=\"(min-width: 1280px)\" srcset=\"https:\/\/a57.foxnews.com\/static.foxnews.com\/foxnews.com\/content\/uploads\/2024\/04\/720\/405\/GettyImages-2149039936-scaled-e1713435711133.jpg?ve=1&amp;tl=1, https:\/\/a57.foxnews.com\/static.foxnews.com\/foxnews.com\/content\/uploads\/2024\/04\/1440\/810\/GettyImages-2149039936-scaled-e1713435711133.jpg?ve=1&amp;tl=1 2x\" height=\"405\" width=\"720\"><img loading=\"lazy\" decoding=\"async\" src=\"https:\/\/a57.foxnews.com\/static.foxnews.com\/foxnews.com\/content\/uploads\/2024\/04\/1200\/675\/GettyImages-2149039936-scaled-e1713435711133.jpg?ve=1&amp;tl=1\" alt=\"El presidente polaco de Donald Trump, Andrzej Duda\" width=\"1200\" height=\"675\"\/><\/source><\/source><\/source><\/source><\/picture><\/div>\n<div class=\"info\">\n<div class=\"caption\">\n<p><span>El entonces candidato presidencial republicano, el ex presidente Donald Trump se encuentra con el presidente polaco Andrzej Duda en la Torre Trump el 17 de abril de 2024 en la ciudad de Nueva York. Trump se reuni\u00f3 con el presidente Duda, una firme defensora de Ucrania, mientras los l\u00edderes europeos y de la OTAN se preparan para la posibilidad de que Trump gane las elecciones presidenciales de noviembre y regrese a la Casa Blanca. La reuni\u00f3n se produce en un d\u00eda libre en el juicio penal de Trump. <\/span> <span>((Foto de Michael M. Santiago\/Getty Images))<\/span><\/p>\n<\/div>\n<\/div>\n<\/div>\n<p><strong>Mensaje ic\u00f3nico del ex presidente polaco a los legisladores sobre Ucrania: \u00abSi no actuamos ahora, perderemos\u00bb<\/strong><\/p>\n<p>El alcalde de Varsovia favorece los lazos m\u00e1s cercanos con Bruselas, Berl\u00edn y Par\u00eds, pero tambi\u00e9n buscar\u00e1 mantener relaciones estables con los Estados Unidos Nawrocki, que se reunieron con el presidente Trump y los l\u00edderes republicanos en el Congreso, probablemente presionar\u00edan las relaciones a\u00fan m\u00e1s estrechas con los Estados Unidos. <\/p>\n<p>Si bien hay un n\u00famero creciente de voces que critican el apoyo continuo a Ucrania a medida que la guerra se arrastra, sin importar qui\u00e9n gana, es poco probable que cambie la pol\u00edtica de defensa y su apoyo a Ucrania en su guerra contra Rusia. <\/p>\n<p>Polonia ha sido uno de los patrocinadores m\u00e1s duros de Ucrania en Europa, que proporciona 5 mil millones de euros en ayuda general, incluidos casi 4 mil millones de euros en ayuda militar, desde que comenz\u00f3 la guerra.<\/p>\n<div class=\"image-ct inline\">\n<div class=\"m\"><picture><source media=\"(max-width: 767px)\" srcset=\"https:\/\/a57.foxnews.com\/static.foxnews.com\/foxnews.com\/content\/uploads\/2024\/06\/343\/192\/Poland-3.png?ve=1&amp;tl=1, https:\/\/a57.foxnews.com\/static.foxnews.com\/foxnews.com\/content\/uploads\/2024\/06\/686\/384\/Poland-3.png?ve=1&amp;tl=1 2x\" height=\"192\" width=\"343\"><source media=\"(min-width: 768px) and (max-width: 1023px)\" srcset=\"https:\/\/a57.foxnews.com\/static.foxnews.com\/foxnews.com\/content\/uploads\/2024\/06\/672\/378\/Poland-3.png?ve=1&amp;tl=1, https:\/\/a57.foxnews.com\/static.foxnews.com\/foxnews.com\/content\/uploads\/2024\/06\/1344\/756\/Poland-3.png?ve=1&amp;tl=1 2x\" height=\"378\" width=\"672\"><source media=\"(min-width: 1024px) and (max-width: 1279px)\" srcset=\"https:\/\/a57.foxnews.com\/static.foxnews.com\/foxnews.com\/content\/uploads\/2024\/06\/931\/523\/Poland-3.png?ve=1&amp;tl=1, https:\/\/a57.foxnews.com\/static.foxnews.com\/foxnews.com\/content\/uploads\/2024\/06\/1862\/1046\/Poland-3.png?ve=1&amp;tl=1 2x\" height=\"523\" width=\"931\"><source media=\"(min-width: 1280px)\" srcset=\"https:\/\/a57.foxnews.com\/static.foxnews.com\/foxnews.com\/content\/uploads\/2024\/06\/720\/405\/Poland-3.png?ve=1&amp;tl=1, https:\/\/a57.foxnews.com\/static.foxnews.com\/foxnews.com\/content\/uploads\/2024\/06\/1440\/810\/Poland-3.png?ve=1&amp;tl=1 2x\" height=\"405\" width=\"720\"><img loading=\"lazy\" decoding=\"async\" src=\"https:\/\/a57.foxnews.com\/static.foxnews.com\/foxnews.com\/content\/uploads\/2024\/06\/1200\/675\/Poland-3.png?ve=1&amp;tl=1\" alt=\"Las tropas polacas guardan la frontera de barrera de metal con Bielorrusia, en el bosque de Bialowieza, el mi\u00e9rcoles 29 de mayo de 2024. Polonia dice que la vecina Bielorrusia y su principal defensor, Rusia, est\u00e1 detr\u00e1s de un empuj\u00f3n en surgio por parte de los migrantes en Bielorrusia hacia la Uni\u00f3n Europea.\" width=\"1200\" height=\"675\"\/><\/source><\/source><\/source><\/source><\/picture><\/div>\n<div class=\"info\">\n<div class=\"caption\">\n<p><span>Las tropas polacas guardan la frontera de barrera de metal con Bielorrusia, en el bosque de Bialowieza, el mi\u00e9rcoles 29 de mayo de 2024. Polonia dice que la vecina Bielorrusia y su principal defensor, Rusia, est\u00e1 detr\u00e1s de un empuj\u00f3n en surgio por parte de los migrantes en Bielorrusia hacia la Uni\u00f3n Europea.<\/span> <span>(AP Photo\/Czarek Sokolowski)<\/span><\/p>\n<\/div>\n<\/div>\n<\/div>\n<p>Desde la crisis de los refugiados europeos de 2015, Polonia ha adoptado una postura m\u00e1s dura sobre la inmigraci\u00f3n, particularmente desde el Medio Oriente. Polonia ha sido mucho m\u00e1s acogedora para la agresi\u00f3n rusa que huye de Ucrania. Polonia ha recibido m\u00e1s de 1,5 millones de refugiados ucranianos desde que Rusian lanz\u00f3 su invasi\u00f3n en febrero de 2022.<\/p>\n<p>Matt Qvortrup, miembro de la investigaci\u00f3n senior del Centro de Estudios Europeos de la Universidad Nacional de Australia, dijo que una victoria de Nawrocki ser\u00eda un obst\u00e1culo para promover la integraci\u00f3n europea con otro l\u00edder cr\u00edtico de que Europa tome el poder.<\/p>\n<p><strong><u>Haga clic aqu\u00ed para obtener la aplicaci\u00f3n Fox News<\/u><\/strong><\/p>\n<p>\u00abUna victoria para Nawrocki no ser\u00eda bienvenida para los l\u00edderes en los pa\u00edses de la UE m\u00e1s poderosos, especialmente en Alemania. No es la se\u00f1al que desear\u00edan\u00bb, dijo Qvorcrup a Fox News Digital.<\/p>\n<p><i>Associated Press contribuy\u00f3 a este informe.<\/i><\/p>\n<p> <!----> <\/div>\n\n","protected":false},"excerpt":{"rendered":"<p>La sombra del presidente Trump es elegida por la elecci\u00f3n de la segunda vuelta de las elecciones presidenciales de este domingo, con encuestas que muestran una estricta carrera entre el alcalde de Varsovia, Rafa\u0142 Trzaskowski, y su retador conservador, Karol Nawrocki. Associated Press inform\u00f3 que Donald Trump se reuni\u00f3 con Nawrocki en la Casa Blanca &hellip;<\/p>\n","protected":false},"author":1,"featured_media":29645,"comment_status":"open","ping_status":"open","sticky":false,"template":"","format":"standard","meta":{"fifu_image_url":"https:\/\/static.foxnews.com\/foxnews.com\/content\/uploads\/2025\/05\/ap25150465532521-scaled.jpg","fifu_image_alt":"","footnotes":""},"categories":[13],"tags":[],"class_list":["post-29643","post","type-post","status-publish","format-standard","has-post-thumbnail","","category-mundo"],"_links":{"self":[{"href":"https:\/\/noticiasveraces.com\/index.php?rest_route=\/wp\/v2\/posts\/29643","targetHints":{"allow":["GET"]}}],"collection":[{"href":"https:\/\/noticiasveraces.com\/index.php?rest_route=\/wp\/v2\/posts"}],"about":[{"href":"https:\/\/noticiasveraces.com\/index.php?rest_route=\/wp\/v2\/types\/post"}],"author":[{"embeddable":true,"href":"https:\/\/noticiasveraces.com\/index.php?rest_route=\/wp\/v2\/users\/1"}],"replies":[{"embeddable":true,"href":"https:\/\/noticiasveraces.com\/index.php?rest_route=%2Fwp%2Fv2%2Fcomments&post=29643"}],"version-history":[{"count":0,"href":"https:\/\/noticiasveraces.com\/index.php?rest_route=\/wp\/v2\/posts\/29643\/revisions"}],"wp:featuredmedia":[{"embeddable":true,"href":"https:\/\/noticiasveraces.com\/index.php?rest_route=\/wp\/v2\/media\/29645"}],"wp:attachment":[{"href":"https:\/\/noticiasveraces.com\/index.php?rest_route=%2Fwp%2Fv2%2Fmedia&parent=29643"}],"wp:term":[{"taxonomy":"category","embeddable":true,"href":"https:\/\/noticiasveraces.com\/index.php?rest_route=%2Fwp%2Fv2%2Fcategories&post=29643"},{"taxonomy":"post_tag","embeddable":true,"href":"https:\/\/noticiasveraces.com\/index.php?rest_route=%2Fwp%2Fv2%2Ftags&post=29643"}],"curies":[{"name":"wp","href":"https:\/\/api.w.org\/{rel}","templated":true}]}}